{"id":652613,"date":"2026-08-27T20:44:16","date_gmt":"2026-08-27T20:44:16","guid":{"rendered":"https:\/\/www.europesays.com\/it\/652613\/"},"modified":"2026-08-27T20:44:16","modified_gmt":"2026-08-27T20:44:16","slug":"da-noemi-a-fiorella-mannoia-e-bob-sinclar-un-weekend-di-musica-teatro-contemporaneo-e-street-food","status":"publish","type":"post","link":"https:\/\/www.europesays.com\/it\/652613\/","title":{"rendered":"Da Noemi a Fiorella Mannoia e Bob Sinclar: un weekend di musica, teatro contemporaneo e street food"},"content":{"rendered":"<p>L\u2019ultimo fine settimana di agosto di Rimini non perde colpi, con un calendario che attraversa grandi nomi della musica pop, cantautorato, elettronica e i prestigiosi repertori sinfonici della Sagra Musicale Malatestiana. Il weekend alterna palchi all\u2019aperto, arene, club, e le performance di teatro contemporaneo de Le Citt\u00e0 Visibili. A Riccione la festa cambia anche orario, con il clubbing diurno di m2o accompagnato da cappuccini fumanti e brioche, oltre a proseguire con le proiezioni sotto le stelle del Cinema al Parco, mentre Misano punta sul cibo di strada con gli undici food truck dello Street Food Village. Come di consueto, non mancheranno anche i tanti appuntamenti con l&#8217;arte, tra visite guidate e mostre.<\/p>\n<p>Noemi, Mannoia e dj set a colazione<\/p>\n<p>Dopo il rinvio dovuto all\u2019infortunio sul palco di San Salvo Marina, l\u2019atteso <a href=\"https:\/\/www.riminitoday.it\/eventi\/tour-live-noemi-2026-piazzale-roma-riccione-music-city.html\" rel=\"nofollow noopener\" target=\"_blank\">show di Noemi arriva finalmente venerd\u00ec a Riccione, in piazzale Roma<\/a>. L&#8217;inconfondibile voce della cantante romana attraverser\u00e0 questo ultimo fine settimana agostano con uno spettacolo intenso costruito sui brani pi\u00f9 amati e sulle hit che ne hanno segnato la carriera.<\/p>\n<p>Sabato, il cartellone di Riccione Music City accoglie un&#8217;altra stella: <a href=\"https:\/\/www.riminitoday.it\/eventi\/noemi-cocciante-m2o-riccione-eventi-fine-agosto.html\" rel=\"nofollow noopener\" target=\"_blank\">Riccardo Cocciante con \u201cIo\u2026 Riccardo Cocciante nel 2026\u201d<\/a>. Un appuntamento speciale sul palco di piazzale Roma con un artista che ha attraversato generazioni e confini, autore di un repertorio che comprende alcune delle pagine pi\u00f9 importanti della musica italiana e internazionale.<\/p>\n<p>La regina della canzone d\u2019autore, <a href=\"https:\/\/www.riminitoday.it\/eventi\/fiorella-canta-fabrizio-ivan-fiorella-mannoia-tour-29-agosto-2026-informazioni.html\" rel=\"nofollow noopener\" target=\"_blank\">Fiorella Mannoia, incanta la notte di sabato dell&#8217;Arena della Regina<\/a> di Cattolica. Da \u201cCome si cambia\u201d a \u201cQuello che le donne non dicono\u201d, \u00e8 diventata una delle voci di riferimento della canzone italiana. Sul palco porter\u00e0 il suo nuovo progetto live dedicato a due altri giganti della musica \u201cFiorella canta Fabrizio e Ivano: Anime Salve\u201d, un omaggio a Fabrizio De Andr\u00e9 e Ivano Fossati e al loro album-testamento del 1996.<\/p>\n<p>Il fenomeno del soft-clubbing, nato tra Londra e Berlino e diffusosi anche a New York come risposta a una nightlife pi\u00f9 consapevole, arriva a Riccione in versione XL. Domenica <a href=\"https:\/\/www.riminitoday.it\/eventi\/soft-clubbing-radio-m20-morning-club-piazzale-roma-colazione.html\" rel=\"nofollow noopener\" target=\"_blank\">piazzale Roma si trasformer\u00e0 nel \u201cMorning Club\u201d gratuito di m2o<\/a>, tra consolle, bar, arredi e ombrelloni per iniziare la giornata in maniera diversa. Dalle 10 alle 14, i dj set saranno accompagnati da caff\u00e8, cappuccini, brioche e proposte per gli amanti della colazione salata.<\/p>\n<p>In Riviera, al clubbing diurno non possono non accostarsi le lunghe notti <a href=\"https:\/\/www.riminitoday.it\/eventi\/bob-sinclair-dj-set-villa-delle-rose-sabato-29-agosto-2026.html\" rel=\"nofollow noopener\" target=\"_blank\">alla Villa delle Rose: sabato torna in consolle Bob Sinclar <\/a>con il suo repertorio tra house, disco e dance.<\/p>\n<p>Dopo i grandi concerti pop e i protagonisti della musica elettronica tra Cattolica e Riccione, \u00e8 in programma a Rimini una serata dedicata alla grande musica sinfonica. <a href=\"https:\/\/www.riminitoday.it\/eventi\/sagra-musicale-malatestiana-77esima-edizione.html\" rel=\"nofollow noopener\" target=\"_blank\">La Sagra Musicale Malatestiana domenica porter\u00e0 al Teatro Galli la M\u00fcnchner Philharmoniker <\/a>diretta da Lahav Shani. In programma il Concerto n. 2 di \u0160ostakovi\u010d e la Sinfonia n. 4 di Brahms, considerata il testamento sinfonico del compositore oltre che uno dei vertici assoluti del rigore formale ottocentesco.<\/p>\n<p>Teatro e performance<\/p>\n<p>Gli appuntamenti con il teatro contemporaneo non mancano nemmeno questo fine settimana. A Rimini, venerd\u00ec, nell\u2019ambito del festival Le Citt\u00e0 Visibili, <a href=\"https:\/\/www.riminitoday.it\/eventi\/spettacolo-la-guerra-non-e-ancora-cominciata-debutto-nazionale-citta-visibili-teatro-atti.html\" rel=\"nofollow noopener\" target=\"_blank\">debutta in prima nazionale al Teatro degli Atti \u201cLa guerra non \u00e8 ancora cominciata\u201d<\/a>, spettacolo diretto da Michele Di Giacomo su un testo originale del drammaturgo russo Mikhail Durnenkov: dieci episodi e quasi venti personaggi affidati a tre performer, in un vortice sospeso tra comicit\u00e0 e tragedia.<\/p>\n<p><a href=\"https:\/\/www.riminitoday.it\/eventi\/festival-le-citta-visibili-14-edizione-programma-spettacoli-laboratori.html\" rel=\"nofollow noopener\" target=\"_blank\">Le Citt\u00e0 Visibili si spostano sabato all\u2019Ex Cinema Astoria con \u201cBottleneck\u201d<\/a>, spettacolo itinerante di teatro e danza di Enrico Battarra e Gaia Stacchini. Il lavoro conduce gli spettatori dentro una serra trasformata in una sorta di \u201ccamera gestazionale\u201d per assistere alla formazione e alla trasformazione di un\u2019anima. Sabato, <a href=\"https:\/\/www.riminitoday.it\/eventi\/festival-le-citta-visibili-14-edizione-programma-spettacoli-laboratori.html\" rel=\"nofollow noopener\" target=\"_blank\">negli stessi spazi, andr\u00e0 in scena anche \u201cDj Show\u201d della compagnia Sotterraneo<\/a>, una performance danzante in cui \u00e8 il pubblico a diventare protagonista. Domenica, il cartellone curato dalla direttrice artistica Tamara Balducci propone <a href=\"https:\/\/www.riminitoday.it\/eventi\/festival-le-citta-visibili-14-edizione-programma-spettacoli-laboratori.html\" rel=\"nofollow noopener\" target=\"_blank\">un secondo debutto nazionale: &#8220;Sulphur&#8221;, della compagnia La Gattuta\/Rinaldi<\/a>, un viaggio nella memoria della pi\u00f9 grande solfatara d\u2019Europa.<\/p>\n<p><a href=\"https:\/\/www.riminitoday.it\/eventi\/sganassau-2026-rassegna-comica-quinta-edizione.html\" rel=\"nofollow noopener\" target=\"_blank\">A Viserba tornano le risate di Sganassau Cabaret<\/a>, che venerd\u00ec scommette sui personaggi e gli aneddoti di Sergio Casabianca, nome d\u2019arte del riminese Sergio Cenci: cantante, imitatore, cabarettista e autore, si definisce \u201ccanta-attore\u201d per la sua capacit\u00e0 di intrecciare musica, comicit\u00e0 e teatro.\u00a0<\/p>\n<p>Street Food Village e yoga all&#8217;alba<\/p>\n<p><a href=\"https:\/\/www.riminitoday.it\/eventi\/street-food-village-parco-mare-misano-adriatico-agosto-2026.html\" rel=\"nofollow noopener\" target=\"_blank\">Misano Adriatico dedica il fine settimana al cibo di strada<\/a>. Gi\u00e0 aperto al pubblico da mercoled\u00ec, lo Street Food Village proseguir\u00e0 fino a domenica al Parco del Mare: undici food truck con proposte gastronomiche differenti, aperti dalle 11,30 alle 14,30 e dalle 18,30 a mezzanotte e mezza per gustare ogni singolo piatto.<\/p>\n<p>Non manca mai lo sport nel calendario della Riviera. <a href=\"https:\/\/www.riminitoday.it\/eventi\/calendario-albe-dello-yoga-renza-bellei-villa-mussolini.html\" rel=\"nofollow noopener\" target=\"_blank\">Proseguono anche questo fine settimana Le Albe dello Yoga<\/a> di Renza Bellei, che ogni sabato accoglie nel giardino di Villa Mussolini praticanti di ogni livello per una lezione dalle 6:30 alle 7:30.<\/p>\n<p>Cinema al Parco e incontri con gli autori<\/p>\n<p>Proseguono le notti di cinema all\u2019aperto a Riccione. Venerd\u00ec, <a href=\"https:\/\/www.riminitoday.it\/eventi\/cinema-nel-parco-olivetani-programma-proiezioni-film-riccione-2026.html\" rel=\"nofollow noopener\" target=\"_blank\">la rassegna Cinema nel Parco<\/a>, ospitata nell\u2019anfiteatro del Parco degli Olivetani, proietta \u201cLa grazia\u201d, ultimo film di Paolo Sorrentino: il ritratto di un immaginario Presidente della Repubblica che alla fine del mandato \u00e8 chiamato a confrontarsi con dilemmi che intrecciano responsabilit\u00e0 pubblica e vita privata. Sabato torna invece la Comedy night con \u201cIl bene comune\u201d di Rocco Papaleo; mentre domenica \u00e8 il turno de \u201cIl filo del ricatto\u201d (Dead man\u2019s wire), il film di Gus Van Sant ispirato alla vicenda reale del sequestro di Richard Hall a Indianapolis nel 1977.<\/p>\n<p>Gli incontri con gli autori anche in riva al mare. <a href=\"https:\/\/www.riminitoday.it\/eventi\/alberto-cassani-presenta-adrenalina-rassegna-senza-fine-riccione.html\" rel=\"nofollow noopener\" target=\"_blank\">Venerd\u00ec, la Spiaggia del Sole 86-87 ospita Alberto Cassani per la presentazione del suo nuovo romanzo<\/a>, \u201cAdrenalina\u201d. Un fuori programma della rassegna letteraria \u201cSenza fine \u2013 Parole e libri sotto luna e stelle di Riccione&#8221; dove dialogheranno con l&#8217;autore Simone Bruscia, direttore di Riccione Teatro e coordinatore degli assessorati Turismo e Cultura del Comune di Riccione e Luigi De Angelis, fondatore della storica compagnia teatrale Fanny &amp; Alexander.\u00a0<\/p>\n<p>Tutte le mostre<\/p>\n<p>Accanto ai grandi concerti e agli spettacoli, a Rimini non mancano le mostre che raccontano le diverse anime della citt\u00e0. Al Palazzo del Fulgor, \u201c<a href=\"https:\/\/www.riminitoday.it\/eventi\/mostra-rimini-express-riviera-fotografie-pasquale-bove-palazzo-fulgor.html\" rel=\"nofollow noopener\" target=\"_blank\">Rimini Express. Volti, fatti e visioni di una Riviera mai finita<\/a>\u201d raccoglie oltre trent\u2019anni di fotografie di Pasquale Bove: personaggi internazionali, cronaca, trasformazioni urbane e vita notturna raccontano una citt\u00e0 in continuo movimento, tra mito e quotidianit\u00e0. Nelle stesse sale, <a href=\"https:\/\/www.riminitoday.it\/eventi\/mostra-invisibili-pioniere-cinema-inaugurazione-palazzo-fulgor.html\" rel=\"nofollow noopener\" target=\"_blank\">\u201cinVisibili. Le Pioniere del Cinema\u201d<\/a> riporta alla luce il ruolo di registe, attrici, produttrici e sceneggiatrici che tra Ottocento e Novecento hanno contribuito alla nascita dell\u2019industria cinematografica.<\/p>\n<p>Il filo del cinema prosegue al Grand Hotel con \u201c<a href=\"https:\/\/www.riminitoday.it\/eventi\/inaugurazione-mostra-dante-ferretti-oscar-grand-hotel-rimini.html\" rel=\"nofollow noopener\" target=\"_blank\">Dante Ferretti. E la nave va<\/a>\u201d, dove bozzetti, disegni e dipinti ripercorrono il legame tra il grande scenografo e Fellini. <a href=\"https:\/\/www.riminitoday.it\/eventi\/estate-contemporanea-mostre-palazzi-dell-arte-giovagnoli-milazzo.html\" rel=\"nofollow noopener\" target=\"_blank\">Ai Palazzi dell\u2019Arte, \u201cEstate contemporanea\u201d<\/a> mette invece in dialogo \u201cSailing to Byzantium\u201d che riunisce sei artisti newyorkesi attorno ai temi della memoria e della trasformazione, e \u201cSummer Dream\u201d di Luca Giovagnoli dove mare, Riviera e immaginario estivo si trasformano in un paesaggio sospeso tra sogno e realt\u00e0.<\/p>\n<p>Ultimi giorni, infine, per <a href=\"https:\/\/www.riminitoday.it\/eventi\/cartoon-club-rimini-comix-12-19-luglio-2026-programma-ospiti-mostre.html\" rel=\"nofollow noopener\" target=\"_blank\">le mostre di Cartoon Club al Museo della Citt\u00e0<\/a>: \u201cGiorgio Cavazzano, il segno di un maestro\u201d ripercorre la carriera del fumettista attraverso tavole e illustrazioni originali; e poi ancora \u201cLingua, femminismo, istituzioni: Alma Sabatini tra parole e immagini\u201d che racconta la figura della studiosa che ha segnato il dibattito sul linguaggio di genere in Italia.<\/p>\n<p>La punta di diamante del percorso artistico riminese \u00e8 senza dubbio \u201c<a href=\"https:\/\/www.riminitoday.it\/eventi\/mostra-pieta-bellini-restauro-san-sebastiano-mantegna-museo-rimini.html\" rel=\"nofollow noopener\" target=\"_blank\">Il codice della Passione, Bellini e Mantegna allo specchio<\/a>\u201d, dedicata a due grandi capolavori del Rinascimento italiano.<\/p>\n","protected":false},"excerpt":{"rendered":"L\u2019ultimo fine settimana di agosto di Rimini non perde colpi, con un calendario che attraversa grandi nomi della&hellip;\n","protected":false},"author":3,"featured_media":652614,"comment_status":"","ping_status":"","sticky":false,"template":"","format":"standard","meta":{"footnotes":"","_share_on_mastodon":"0"},"categories":[1443],"tags":[203,204,1537,90,89,1538,1539,106],"class_list":["post-652613","post","type-post","status-publish","format-standard","has-post-thumbnail","category-musica","tag-entertainment","tag-intrattenimento","tag-it","tag-italia","tag-italy","tag-music","tag-musica","tag-weekend"],"share_on_mastodon":{"url":"https:\/\/pubeurope.com\/@it\/117169426398116688","error":""},"_links":{"self":[{"href":"https:\/\/www.europesays.com\/it\/wp-json\/wp\/v2\/posts\/652613","targetHints":{"allow":["GET"]}}],"collection":[{"href":"https:\/\/www.europesays.com\/it\/wp-json\/wp\/v2\/posts"}],"about":[{"href":"https:\/\/www.europesays.com\/it\/wp-json\/wp\/v2\/types\/post"}],"author":[{"embeddable":true,"href":"https:\/\/www.europesays.com\/it\/wp-json\/wp\/v2\/users\/3"}],"replies":[{"embeddable":true,"href":"https:\/\/www.europesays.com\/it\/wp-json\/wp\/v2\/comments?post=652613"}],"version-history":[{"count":0,"href":"https:\/\/www.europesays.com\/it\/wp-json\/wp\/v2\/posts\/652613\/revisions"}],"wp:featuredmedia":[{"embeddable":true,"href":"https:\/\/www.europesays.com\/it\/wp-json\/wp\/v2\/media\/652614"}],"wp:attachment":[{"href":"https:\/\/www.europesays.com\/it\/wp-json\/wp\/v2\/media?parent=652613"}],"wp:term":[{"taxonomy":"category","embeddable":true,"href":"https:\/\/www.europesays.com\/it\/wp-json\/wp\/v2\/categories?post=652613"},{"taxonomy":"post_tag","embeddable":true,"href":"https:\/\/www.europesays.com\/it\/wp-json\/wp\/v2\/tags?post=652613"}],"curies":[{"name":"wp","href":"https:\/\/api.w.org\/{rel}","templated":true}]}}