{"id":652707,"date":"2026-08-27T22:07:15","date_gmt":"2026-08-27T22:07:15","guid":{"rendered":"https:\/\/www.europesays.com\/it\/652707\/"},"modified":"2026-08-27T22:07:15","modified_gmt":"2026-08-27T22:07:15","slug":"oosterwolde-roma-salta-tutto-no-del-fenerbahce-alla-nuova-offerta-giallorossa","status":"publish","type":"post","link":"https:\/\/www.europesays.com\/it\/652707\/","title":{"rendered":"Oosterwolde-Roma, salta tutto: no del Fenerbahce alla nuova offerta giallorossa"},"content":{"rendered":"<p>                                Dopo visite mediche approfondite, i giallorossi avevano modificato la proposta da prestito oneroso a gratuito, trovando il rifiuto dei turchi. Ora nel mirino c&#8217;\u00e8\u00a0Thilo Kehrer del Monaco<\/p>\n<p class=\"paragraph\" spellcheck=\"true\">Le foto con i tifosi e la penna pronta per firmare il contratto fino al 2031. Ma quella di Oosterwolde a Roma rester\u00e0 solo una visita di piacere. Il club giallorosso, infatti, ha deciso di rispedirlo al Fenerbahce. Le condizioni dell\u2019olandese non hanno convinto lo staff medico. Gi\u00e0, perch\u00e9 nei tanti consulti effettuati dal giocatore \u00e8 emerso un problema pi\u00f9 grave della \u201csemplice\u201d lesione al bicipite femorale ed allora il rischio \u00e8 che il difensore olandese possa anche dover andare incontro ad un intervento chirurgico e &#8211; magari &#8211; tornare non prima di tre mesi.\u00a0<\/p>\n<p>        LO STOP\u2014 \u00a0<\/p>\n<p class=\"paragraph\" spellcheck=\"true\">Le cartelle cliniche sono state mandate in Svizzera (al medico di fiducia dei Friedkin, il professor Georg Ahlbaumer) e in Finlandia (dal mago dei tendini, Lasse Lampainen). L\u2019esito \u00e8 stato lo stesso. Un rischio che ha cambiato le carte in tavola per la Roma. D\u2019Amico aveva infatti trovato l\u2019accordo col Fenerbahce per un prestito oneroso da poco meno di 2 milioni e un diritto di riscatto che sarebbe diventato obbligo con 20 presenze da pi\u00f9 di 45 minuti. Viste le condizioni fisiche del difensore, per\u00f2, il direttore sportivo ha modificato l\u2019offerta: prestito gratuito e riscatto ad almeno 25 presenze. La Roma ha atteso per ore la risposta mentre Oosterwolde era in albergo in attesa del responso. In serata il Fenerbahce ha fatto muro respingendo la controproposta, e la Roma ha immediatamente rispedito l\u2019olandese al mittente. Tra le alternative al vaglio ora c\u2019\u00e8 Thilo\u00a0Kehrer del Monaco.\u00a0<\/p>\n","protected":false},"excerpt":{"rendered":"Dopo visite mediche approfondite, i giallorossi avevano modificato la proposta da prestito oneroso a gratuito, trovando il rifiuto&hellip;\n","protected":false},"author":3,"featured_media":652127,"comment_status":"","ping_status":"","sticky":false,"template":"","format":"standard","meta":{"footnotes":"","_share_on_mastodon":"0"},"categories":[176],"tags":[2901,4008,3858,4053,596,31379,1537,90,89,359963,359964,452,54443,20782,1413,6049,31278,259585,6840,987,245,244],"class_list":["post-652707","post","type-post","status-publish","format-standard","has-post-thumbnail","category-sport","tag-alternative","tag-amico","tag-condizioni","tag-difensore","tag-fenerbahce","tag-gratuito","tag-it","tag-italia","tag-italy","tag-kehrer","tag-kehrer-monaco","tag-medico","tag-modificato","tag-monaco","tag-offerta","tag-olandese","tag-oneroso","tag-oosterwolde","tag-prestito","tag-roma","tag-sport","tag-sports"],"share_on_mastodon":{"url":"https:\/\/pubeurope.com\/@it\/117169753162899285","error":""},"_links":{"self":[{"href":"https:\/\/www.europesays.com\/it\/wp-json\/wp\/v2\/posts\/652707","targetHints":{"allow":["GET"]}}],"collection":[{"href":"https:\/\/www.europesays.com\/it\/wp-json\/wp\/v2\/posts"}],"about":[{"href":"https:\/\/www.europesays.com\/it\/wp-json\/wp\/v2\/types\/post"}],"author":[{"embeddable":true,"href":"https:\/\/www.europesays.com\/it\/wp-json\/wp\/v2\/users\/3"}],"replies":[{"embeddable":true,"href":"https:\/\/www.europesays.com\/it\/wp-json\/wp\/v2\/comments?post=652707"}],"version-history":[{"count":0,"href":"https:\/\/www.europesays.com\/it\/wp-json\/wp\/v2\/posts\/652707\/revisions"}],"wp:featuredmedia":[{"embeddable":true,"href":"https:\/\/www.europesays.com\/it\/wp-json\/wp\/v2\/media\/652127"}],"wp:attachment":[{"href":"https:\/\/www.europesays.com\/it\/wp-json\/wp\/v2\/media?parent=652707"}],"wp:term":[{"taxonomy":"category","embeddable":true,"href":"https:\/\/www.europesays.com\/it\/wp-json\/wp\/v2\/categories?post=652707"},{"taxonomy":"post_tag","embeddable":true,"href":"https:\/\/www.europesays.com\/it\/wp-json\/wp\/v2\/tags?post=652707"}],"curies":[{"name":"wp","href":"https:\/\/api.w.org\/{rel}","templated":true}]}}