{"id":652779,"date":"2026-08-27T23:07:15","date_gmt":"2026-08-27T23:07:15","guid":{"rendered":"https:\/\/www.europesays.com\/it\/652779\/"},"modified":"2026-08-27T23:07:15","modified_gmt":"2026-08-27T23:07:15","slug":"ho-perso-la-casa-dopo-la-separazione-poi-mi-hanno-cancellato-dallanagrafe-ora-anche-la-pensione-di-invalidita-il-caso-di-renato-ad-assisi","status":"publish","type":"post","link":"https:\/\/www.europesays.com\/it\/652779\/","title":{"rendered":"\u00abHo perso la casa dopo la separazione, poi mi hanno cancellato dall\u2019anagrafe. Ora anche la pensione di invalidit\u00e0\u00bb: il caso di Renato ad Assisi"},"content":{"rendered":"<p><a href=\"https:\/\/www.ilmessaggero.it\/t\/assisi\" rel=\"nofollow noopener\" target=\"_blank\">ASSISI<\/a> &#8211; La casa l&#8217;ha persa nel febbraio 2023. La residenza, invece, nel giugno di quest&#8217;anno. Ora, secondo quanto riferisce, a <a href=\"https:\/\/www.ilmessaggero.it\/t\/renato-giannini\" rel=\"nofollow noopener\" target=\"_blank\">Renato Giannini<\/a> \u00e8 stata sospesa anche la pensione di invalidit\u00e0 civile, che rappresenta la sua unica fonte di sostentamento. \u00c8 una vicenda che, in poco pi\u00f9 di tre anni, ha trasformato una situazione di precariet\u00e0 abitativa in una questione che coinvolge anche la posizione anagrafica, previdenziale e sanitaria.<\/p>\n<p>La storia <\/p>\n<p><strong>Tutto comincia con uno sfratto esecutivo dall&#8217;immobile di Rivotorto<\/strong> che, secondo quanto riferisce Giannini, gli era stato assegnato nell&#8217;ambito della separazione. Prima e dopo lo sfratto, racconta di essersi rivolto ai servizi sociali del Comune di Assisi, anche in relazione alla propria condizione di <strong>invalido civile al 100%<\/strong>, chiedendo una soluzione abitativa. Una soluzione che, sostiene, non sarebbe arrivata. Da allora, sempre secondo il suo racconto, la sua sistemazione sarebbe dipesa dalla disponibilit\u00e0 di privati. Lo scorso 22 giugno <strong>il Comune di Assisi lo avrebbe cancellato dall&#8217;anagrafe per irreperibilit\u00e0, in relazione alla mancanza di una dimora stabile<\/strong>. Da quella cancellazione sarebbe poi derivata, secondo quanto comunicato all&#8217;interessato, la sospensione da parte dell&#8217;Inps della pensione di invalidit\u00e0 civile.<\/p>\n<p>I problemi per l&#8217;assistenza sanitaria <\/p>\n<p>Giannini riferisce inoltre di avere riscontrato conseguenze anche sul piano dell&#8217;assistenza sanitaria presso la Usl Umbria 1, circostanza che, secondo quanto sostiene, assume particolare rilievo in considerazione delle sue condizioni personali. <strong>L&#8217;uomo dice di avere segnalato nel tempo la propria situazione ai servizi sociali e chiede che la sua posizione venga riesaminata<\/strong>, individuando un percorso concreto per affrontare la precariet\u00e0 abitativa e le conseguenze amministrative che ne sono derivate. La sua ricostruzione, come \u00e8 naturale, dovr\u00e0 essere confrontata con la documentazione e con le valutazioni degli enti coinvolti.<\/p>\n<p>Cosa succede ora <\/p>\n<p>Il Comune potr\u00e0 chiarire quali richieste siano state presentate, quali interventi siano stati valutati e sulla base di quali elementi sia stata disposta la cancellazione per irreperibilit\u00e0. L&#8217;Inps potr\u00e0 fornire chiarimenti sui presupposti della sospensione della prestazione e sulle modalit\u00e0 previste per l&#8217;eventuale regolarizzazione della posizione. Anche sul versante sanitario sar\u00e0 necessario verificare esattamente quali conseguenze abbia prodotto la cancellazione anagrafica e quali siano gli strumenti disponibili. Senza attribuire responsabilit\u00e0 che dovranno essere verificate, la vicenda pone una domanda concreta: <strong>quando una persona perde la casa e si trova senza una sistemazione stabile, quali aiuti possono essere messi in campo per evitare che perda anche la residenza, il sostegno economico e l&#8217;accesso alle cure?<\/strong> \u00c8 questa la questione sulla quale ora Giannini chiede risposte. Non un trattamento di favore, ma un aiuto concreto per uscire da una situazione di precariet\u00e0.\u00a0<\/p>\n<p>&#13;<br \/>\n                                \u00a9 RIPRODUZIONE RISERVATA&#13;<\/p>\n<p>&#13;<\/p>\n<p>\n                            Gli eventi del fine settimana, ogni gioved\u00ec<br \/>\n                            <b>Iscriviti<\/b> e ricevi le notizie via email\n                        <\/p>\n","protected":false},"excerpt":{"rendered":"ASSISI &#8211; La casa l&#8217;ha persa nel febbraio 2023. La residenza, invece, nel giugno di quest&#8217;anno. Ora, secondo&hellip;\n","protected":false},"author":3,"featured_media":652780,"comment_status":"","ping_status":"","sticky":false,"template":"","format":"standard","meta":{"footnotes":"","_share_on_mastodon":"0"},"categories":[79],"tags":[32236,5134,14,93,94,1537,90,89,7,15,9841,360034,20204,11,84,91,12,85,92],"class_list":["post-652779","post","type-post","status-publish","format-standard","has-post-thumbnail","category-italia","tag-assisi","tag-casa","tag-cronaca","tag-cronaca-italiana","tag-cronacaitaliana","tag-it","tag-italia","tag-italy","tag-news","tag-notizie","tag-pensione","tag-renato-giannini","tag-residenza","tag-ultime-notizie","tag-ultime-notizie-e-news-di-oggi","tag-ultime-notizie-italia","tag-ultimenotizie","tag-ultimenotizieenewsdioggi","tag-ultimenotizieitalia"],"share_on_mastodon":{"url":"https:\/\/pubeurope.com\/@it\/117169988892324877","error":""},"_links":{"self":[{"href":"https:\/\/www.europesays.com\/it\/wp-json\/wp\/v2\/posts\/652779","targetHints":{"allow":["GET"]}}],"collection":[{"href":"https:\/\/www.europesays.com\/it\/wp-json\/wp\/v2\/posts"}],"about":[{"href":"https:\/\/www.europesays.com\/it\/wp-json\/wp\/v2\/types\/post"}],"author":[{"embeddable":true,"href":"https:\/\/www.europesays.com\/it\/wp-json\/wp\/v2\/users\/3"}],"replies":[{"embeddable":true,"href":"https:\/\/www.europesays.com\/it\/wp-json\/wp\/v2\/comments?post=652779"}],"version-history":[{"count":0,"href":"https:\/\/www.europesays.com\/it\/wp-json\/wp\/v2\/posts\/652779\/revisions"}],"wp:featuredmedia":[{"embeddable":true,"href":"https:\/\/www.europesays.com\/it\/wp-json\/wp\/v2\/media\/652780"}],"wp:attachment":[{"href":"https:\/\/www.europesays.com\/it\/wp-json\/wp\/v2\/media?parent=652779"}],"wp:term":[{"taxonomy":"category","embeddable":true,"href":"https:\/\/www.europesays.com\/it\/wp-json\/wp\/v2\/categories?post=652779"},{"taxonomy":"post_tag","embeddable":true,"href":"https:\/\/www.europesays.com\/it\/wp-json\/wp\/v2\/tags?post=652779"}],"curies":[{"name":"wp","href":"https:\/\/api.w.org\/{rel}","templated":true}]}}