{"id":652924,"date":"2026-08-28T01:20:17","date_gmt":"2026-08-28T01:20:17","guid":{"rendered":"https:\/\/www.europesays.com\/it\/652924\/"},"modified":"2026-08-28T01:20:17","modified_gmt":"2026-08-28T01:20:17","slug":"da-olbia-catania-e-milano-nuovi-voli-diretti-per-gli-usa","status":"publish","type":"post","link":"https:\/\/www.europesays.com\/it\/652924\/","title":{"rendered":"Da Olbia, Catania e Milano nuovi voli diretti per gli USA"},"content":{"rendered":"<p>La <strong>compagnia aerea United Airlines<\/strong> si prepara a un nuovo salto di qualit\u00e0 sul <strong>mercato italiano<\/strong> e <strong>dal 2027<\/strong> si potr\u00e0 usufruire di una copertura voli sempre pi\u00f9 ampia e non solo da Milano; i <strong>collegamenti tra gli Stati Uniti e l\u2019Italia<\/strong> migliorano, combinando viaggi business e per puro piacere anche dalle isole.<\/p>\n<p>Oltre all\u2019aumento delle rotte gi\u00e0 consolidate vengono introdotti nuovi collegamenti diretti pronti a conquistare i viaggiatori: dalla Sardegna e dalla Sicilia <strong>partiranno voli diretti per New York<\/strong>, mentre debutter\u00e0 un<strong> nuovo volo diretto per Washington.<\/strong>\n<\/p>\n<p>Da Olbia a New York<\/p>\n<p><strong>Dall\u2019estate 2027<\/strong> si parte dalla Sardegna per gli <a href=\"https:\/\/siviaggia.it\/destinazioni\/nord-centro-america\/stati-uniti-america\/\" rel=\"nofollow noopener\" target=\"_blank\">Stati Uniti<\/a>. La rotta collegher\u00e0 <a href=\"https:\/\/siviaggia.it\/varie\/foto\/golfo-di-olbia\/2444\/\" rel=\"nofollow noopener\" target=\"_blank\">Olbia<\/a> a <strong>Newark,<\/strong> inaugurando la<strong> partenza il 27 maggio<\/strong> e continuando per <strong>3 volte alla settimana<\/strong> fino al 21 settembre. La scelta di <strong>Olbia<\/strong> conferma l\u2019interesse crescente delle compagnie americane verso destinazioni di piacere caratterizzate da una forte identit\u00e0 turistica e da una domanda internazionale di fascia medio-alta. Un segnale chiaro di come la regione italiana sta aumentando la visibilit\u00e0 internazionale acquisendo sempre pi\u00f9 popolarit\u00e0 anche negli Stati Uniti.<\/p>\n<p>L\u2019obiettivo della compagnia \u00e8 di generare un grande network cos\u00ec da alimentare la rotta con passeggeri provenienti da varie citt\u00e0 americane, ampliando il bacino e spaziando oltre a <a href=\"https:\/\/siviaggia.it\/destinazioni\/nord-centro-america\/stati-uniti-america\/new-york\/\" rel=\"nofollow noopener\" target=\"_blank\">New York<\/a> e il New Jersey. Data la competitivit\u00e0 della tratta e la maggiore concorrenza i viaggiatori potrebbero accedere a tariffe pi\u00f9 competitive.<\/p>\n<p>Da Catania a New York<\/p>\n<p>Con il<strong> nuovo volo Newark Catania<\/strong> anche la <a href=\"https:\/\/siviaggia.it\/destinazioni\/europa\/italia\/sicilia\/\" rel=\"nofollow noopener\" target=\"_blank\">Sicilia<\/a> si collega con un diretto agli Stati Uniti. <strong>Dal 28 maggio 2027<\/strong> con 4 date settimanali e fino al 20 settembre si voler\u00e0 comodamente su un Boeing 767-300ER. I matrimoni VIP e la risonanza internazionale stanno permettendo alla Sicilia di diventare un punto di riferimento per il turismo internazionale e la compagnia aerea lo ha capito rafforzando la propria presenza proprio nella stagione pi\u00f9 calda.<\/p>\n<p>Per United, Newark-<a href=\"https:\/\/siviaggia.it\/notizie\/the-guardian-catania\/536136\/\" rel=\"nofollow noopener\" target=\"_blank\">Catania<\/a> rappresenta anche un ulteriore passo verso la costruzione di un network italiano pi\u00f9 capillare, nel quale le destinazioni regionali affiancano i tradizionali grandi aeroporti. La posizione \u00e8 particolarmente comoda per poter scoprire da vicino mete da sogno come <a href=\"https:\/\/siviaggia.it\/idee-di-viaggio\/taormina-spiagge-piu-belle-vedere\/292765\/\" rel=\"nofollow noopener\" target=\"_blank\">Taormina<\/a>, <a href=\"https:\/\/siviaggia.it\/idee-di-viaggio\/isola-ortigia-siracusa\/240224\/\" rel=\"nofollow noopener\" target=\"_blank\">Siracusa<\/a>, Noto e ovviamente l\u2019Etna oltre alla zona costiera orientale dell\u2019isola.<\/p>\n<p>Un nuovo collegamento da Malpensa a Washington<\/p>\n<p>Oltre alle 2 isole la compagnia aerea ha annunciato una terza novit\u00e0: la possibilit\u00e0 di volare con un collegamento diretto <strong>dal 28 maggio 2027<\/strong> tra<strong> Washington Dulles e Milano Malpensa<\/strong>. La citt\u00e0 meneghina simbolo del business italiano ottiene quindi una nuova possibilit\u00e0 di raggiungere gli States comodamente.<\/p>\n<p>Washington Dulles \u00e8 uno degli hub pi\u00f9 importanti della rete United sulla costa orientale e permette di proseguire verso numerose destinazioni statunitensi. Milano Malpensa, dall\u2019altra parte, rappresenta uno dei maggiori bacini italiani per il traffico intercontinentale e per i viaggi d\u2019affari. Non \u00e8 il primo approdo nella regione; \u00e8 gi\u00e0 attivo il collegamento da Palermo che sta dando numerose soddisfazioni.<\/p>\n<p>Le tre nuove rotte mostrano una strategia differenziata ma coerente: pi\u00f9 capacit\u00e0 verso l\u2019Italia, maggiore attenzione alle destinazioni regionali e un rafforzamento dei collegamenti tra i principali centri economici dei due Paesi.<\/p>\n","protected":false},"excerpt":{"rendered":"La compagnia aerea United Airlines si prepara a un nuovo salto di qualit\u00e0 sul mercato italiano e dal&hellip;\n","protected":false},"author":3,"featured_media":652925,"comment_status":"","ping_status":"","sticky":false,"template":"","format":"standard","meta":{"footnotes":"","_share_on_mastodon":"0"},"categories":[172],"tags":[178,177,183,1537,90,89,5857,32620,2050,15,3714],"class_list":["post-652924","post","type-post","status-publish","format-standard","has-post-thumbnail","category-affari","tag-affari","tag-business","tag-compagnie-aeree","tag-it","tag-italia","tag-italy","tag-itinerari-culturali","tag-luxury","tag-mare","tag-notizie","tag-washington"],"share_on_mastodon":{"url":"https:\/\/pubeurope.com\/@it\/117170511783331100","error":""},"_links":{"self":[{"href":"https:\/\/www.europesays.com\/it\/wp-json\/wp\/v2\/posts\/652924","targetHints":{"allow":["GET"]}}],"collection":[{"href":"https:\/\/www.europesays.com\/it\/wp-json\/wp\/v2\/posts"}],"about":[{"href":"https:\/\/www.europesays.com\/it\/wp-json\/wp\/v2\/types\/post"}],"author":[{"embeddable":true,"href":"https:\/\/www.europesays.com\/it\/wp-json\/wp\/v2\/users\/3"}],"replies":[{"embeddable":true,"href":"https:\/\/www.europesays.com\/it\/wp-json\/wp\/v2\/comments?post=652924"}],"version-history":[{"count":0,"href":"https:\/\/www.europesays.com\/it\/wp-json\/wp\/v2\/posts\/652924\/revisions"}],"wp:featuredmedia":[{"embeddable":true,"href":"https:\/\/www.europesays.com\/it\/wp-json\/wp\/v2\/media\/652925"}],"wp:attachment":[{"href":"https:\/\/www.europesays.com\/it\/wp-json\/wp\/v2\/media?parent=652924"}],"wp:term":[{"taxonomy":"category","embeddable":true,"href":"https:\/\/www.europesays.com\/it\/wp-json\/wp\/v2\/categories?post=652924"},{"taxonomy":"post_tag","embeddable":true,"href":"https:\/\/www.europesays.com\/it\/wp-json\/wp\/v2\/tags?post=652924"}],"curies":[{"name":"wp","href":"https:\/\/api.w.org\/{rel}","templated":true}]}}