{"id":652926,"date":"2026-08-28T01:21:15","date_gmt":"2026-08-28T01:21:15","guid":{"rendered":"https:\/\/www.europesays.com\/it\/652926\/"},"modified":"2026-08-28T01:21:15","modified_gmt":"2026-08-28T01:21:15","slug":"berlino-uccide-in-una-scuola-la-ex-di-18-anni-e-un-uomo-che-voleva-bloccarlo-arrestato","status":"publish","type":"post","link":"https:\/\/www.europesays.com\/it\/652926\/","title":{"rendered":"Berlino, uccide in una scuola la ex di 18 anni e un uomo che voleva bloccarlo: arrestato"},"content":{"rendered":"<p>Una studentessa di 18 anni e un insegnante di 30 sono stati uccisi in una scuola di Gosen-Neu Zittau, nel Brandeburgo, a sud-est di Berlino. L&#8217;episodio \u00e8 avvenuto in una scuola superiore della cittadina, dove sono intervenute numerose forze di polizia e soccorso. La polizia ha confermato che si \u00e8 verificato &#8220;un episodio di violenza&#8221; e che un uomo \u00e8 stato arrestato in relazione ai fatti. Il sospetto arrestato, riferiscono fonti citate dalla Maerkische Allgemeine Zeitung, \u00e8 un diciannovenne ex fidanzato della giovane uccisa, presunto autore dell\u00ecaggressione. Non \u00e8 chiaro se anche il ragazzo arrestato frequentasse l&#8217;istituto, la scuola secondaria privata &#8220;Docemus&#8221;, aperta nel 2008.\u00a0<\/p>\n<p>\t\t\tDomani sospese le lezioni ma la scuola resta aperta<\/p>\n<p>Si ritiene che l&#8217;uomo di 30 anni sia morto mentre cercava di intervenire,\u00a0senza specificare se sia stato utilizzato un coltello o un&#8217;altra arma. &#8220;A seguito di un atto di violenza, un sospettato<\/p>\n<p>maschio \u00e8 stato provvisoriamente arrestato&#8221;, ha detto la polizia sui\u00a0propri canali di social media. Le immagini delle strade vicino alla scuola secondaria\u00a0mostrano pi\u00f9 veicoli dei servizi di emergenza, mentre vengono schierati\u00a0due elicotteri di soccorso. La scuola privata Docemus ha dichiarato che le\u00a0lezioni saranno cancellate domani, ma che la scuola &#8220;rimarr\u00e0 aperta a<\/p>\n<p>tutti gli studenti che desiderano venire nel campus&#8221;, si legge nel\u00a0rapporto. &#8220;Insieme al nostro personale e al personale di supporto\u00a0professionale, vogliamo fornire loro uno spazio sicuro in cui possano\u00a0riunirsi, parlare tra loro ed elaborare insieme quanto accaduto&#8221;.<\/p>\n","protected":false},"excerpt":{"rendered":"Una studentessa di 18 anni e un insegnante di 30 sono stati uccisi in una scuola di Gosen-Neu&hellip;\n","protected":false},"author":3,"featured_media":652927,"comment_status":"","ping_status":"","sticky":false,"template":"","format":"standard","meta":{"footnotes":"","_share_on_mastodon":"0"},"categories":[160],"tags":[6475,14,164,165,2459,3044,166,7,15,11,167,12,168,161,162,163],"class_list":["post-652926","post","type-post","status-publish","format-standard","has-post-thumbnail","category-mondo","tag-berlino","tag-cronaca","tag-dal-mondo","tag-dalmondo","tag-femminicidi","tag-germania","tag-mondo","tag-news","tag-notizie","tag-ultime-notizie","tag-ultime-notizie-di-mondo","tag-ultimenotizie","tag-ultimenotiziedimondo","tag-world","tag-world-news","tag-worldnews"],"share_on_mastodon":{"url":"https:\/\/pubeurope.com\/@it\/117170515795204139","error":""},"_links":{"self":[{"href":"https:\/\/www.europesays.com\/it\/wp-json\/wp\/v2\/posts\/652926","targetHints":{"allow":["GET"]}}],"collection":[{"href":"https:\/\/www.europesays.com\/it\/wp-json\/wp\/v2\/posts"}],"about":[{"href":"https:\/\/www.europesays.com\/it\/wp-json\/wp\/v2\/types\/post"}],"author":[{"embeddable":true,"href":"https:\/\/www.europesays.com\/it\/wp-json\/wp\/v2\/users\/3"}],"replies":[{"embeddable":true,"href":"https:\/\/www.europesays.com\/it\/wp-json\/wp\/v2\/comments?post=652926"}],"version-history":[{"count":0,"href":"https:\/\/www.europesays.com\/it\/wp-json\/wp\/v2\/posts\/652926\/revisions"}],"wp:featuredmedia":[{"embeddable":true,"href":"https:\/\/www.europesays.com\/it\/wp-json\/wp\/v2\/media\/652927"}],"wp:attachment":[{"href":"https:\/\/www.europesays.com\/it\/wp-json\/wp\/v2\/media?parent=652926"}],"wp:term":[{"taxonomy":"category","embeddable":true,"href":"https:\/\/www.europesays.com\/it\/wp-json\/wp\/v2\/categories?post=652926"},{"taxonomy":"post_tag","embeddable":true,"href":"https:\/\/www.europesays.com\/it\/wp-json\/wp\/v2\/tags?post=652926"}],"curies":[{"name":"wp","href":"https:\/\/api.w.org\/{rel}","templated":true}]}}