{"id":652979,"date":"2026-08-28T02:16:20","date_gmt":"2026-08-28T02:16:20","guid":{"rendered":"https:\/\/www.europesays.com\/it\/652979\/"},"modified":"2026-08-28T02:16:20","modified_gmt":"2026-08-28T02:16:20","slug":"una-caduta-di-200-metri-nel-vuoto-chi-e-luomo-che-ha-pe","status":"publish","type":"post","link":"https:\/\/www.europesays.com\/it\/652979\/","title":{"rendered":"Una caduta di 200 metri nel vuoto: chi \u00e8 l&#8217;uomo che ha pe"},"content":{"rendered":"<p>\u00c8 inciampato, precipitando nel vuoto davanti ai suoi amici. Cos\u00ec \u00e8 morto l&#8217;escursionista ritrovato oggi pomeriggio in un canalone sullo J\u00f4f di Montasio. L&#8217;uomo, toscano sulla sessantina, faceva parte di una comitiva di 13 escursionisti e stava percorrendo il sentiero 663c che collega il Bivacco Suringar a Forca Disteis.<\/p>\n<p>L&#8217;allarme lanciato dai compagni di escursione<\/p>\n<p>Da quanto \u00e8 emerso finora, l&#8217;uomo \u00e8 inciampato, perdendo l&#8217;equilibrio e precipitando nei pressi di Torre Disteis per circa 200 metri. Molti escursionisti presenti nella zona hanno sentito i richiami di aiuto dei compagni di escursione, chiamando il 112. Non \u00e8 stato facile allertare i soccorsi: il segnale telefonico ha poca copertura nel punto dell&#8217;incidente, e le comunicazioni tra la centrale operativa e i soccorritori non sono state semplici e fluide nel corso delle operazioni. In seguito all&#8217;accaduto, la Sores ha attivato, intorno alle 13.40, la stazione di Cave del Predil del Soccorso Alpino, la Guardia di Finanza, l&#8217;elisoccorso regionale (intervenuto in due tempi con entrambi gli elicotteri), l&#8217;ambulanza e i vigili del fuoco.<\/p>\n<p>Il recupero della salma<\/p>\n<p>L&#8217;elicottero sanitario ha portato, con 60 metri di cavo, il tecnico di elisoccorso del soccorso alpino alla base del salto di rocce sotto il sentiero, sulla cengia dove l&#8217;uomo, dopo la caduta, si era fermato. Il tecnico, con l&#8217;aiuto del medico di bordo, trasportato a sua volta, con il verricello, sulla cengia, non ha potuto far altro che constatare il decesso dell&#8217;escursionista. Dal campo base stabilito ai Piani del Montasio, quindi, sono stati selezionati altri quattro soccorritori per effettuare le manovre di recupero della salma, dopo l&#8217;autorizzazione del magistrato alla sua rimozione: tre soccorritori hanno trasportato la salma, mentre uno \u00e8 rimasto a Forca Disteis per le operazioni di recupero. La salma, poi, \u00e8 stata recuperata con il secondo elicottero dell&#8217;elisoccorso regionale e consegnata alle pompe funebri. Non ci sono ancora notizie certe sull&#8217;identit\u00e0 dello sfortunato escursionista: l&#8217;uomo, infatti, non aveva con s\u00e9 i documenti.\u00a0<\/p>\n<p>\u00a0<\/p>\n<p>\u00a0<\/p>\n","protected":false},"excerpt":{"rendered":"\u00c8 inciampato, precipitando nel vuoto davanti ai suoi amici. Cos\u00ec \u00e8 morto l&#8217;escursionista ritrovato oggi pomeriggio in un&hellip;\n","protected":false},"author":3,"featured_media":652980,"comment_status":"","ping_status":"","sticky":false,"template":"","format":"standard","meta":{"footnotes":"","_share_on_mastodon":"0"},"categories":[79],"tags":[2770,14,93,94,360137,1537,90,89,14274,964,7,15,11,84,91,12,85,92],"class_list":["post-652979","post","type-post","status-publish","format-standard","has-post-thumbnail","category-italia","tag-caduta","tag-cronaca","tag-cronaca-italiana","tag-cronacaitaliana","tag-incidente-montagna","tag-it","tag-italia","tag-italy","tag-montagna","tag-morte","tag-news","tag-notizie","tag-ultime-notizie","tag-ultime-notizie-e-news-di-oggi","tag-ultime-notizie-italia","tag-ultimenotizie","tag-ultimenotizieenewsdioggi","tag-ultimenotizieitalia"],"share_on_mastodon":{"url":"https:\/\/pubeurope.com\/@it\/117170732370708536","error":""},"_links":{"self":[{"href":"https:\/\/www.europesays.com\/it\/wp-json\/wp\/v2\/posts\/652979","targetHints":{"allow":["GET"]}}],"collection":[{"href":"https:\/\/www.europesays.com\/it\/wp-json\/wp\/v2\/posts"}],"about":[{"href":"https:\/\/www.europesays.com\/it\/wp-json\/wp\/v2\/types\/post"}],"author":[{"embeddable":true,"href":"https:\/\/www.europesays.com\/it\/wp-json\/wp\/v2\/users\/3"}],"replies":[{"embeddable":true,"href":"https:\/\/www.europesays.com\/it\/wp-json\/wp\/v2\/comments?post=652979"}],"version-history":[{"count":0,"href":"https:\/\/www.europesays.com\/it\/wp-json\/wp\/v2\/posts\/652979\/revisions"}],"wp:featuredmedia":[{"embeddable":true,"href":"https:\/\/www.europesays.com\/it\/wp-json\/wp\/v2\/media\/652980"}],"wp:attachment":[{"href":"https:\/\/www.europesays.com\/it\/wp-json\/wp\/v2\/media?parent=652979"}],"wp:term":[{"taxonomy":"category","embeddable":true,"href":"https:\/\/www.europesays.com\/it\/wp-json\/wp\/v2\/categories?post=652979"},{"taxonomy":"post_tag","embeddable":true,"href":"https:\/\/www.europesays.com\/it\/wp-json\/wp\/v2\/tags?post=652979"}],"curies":[{"name":"wp","href":"https:\/\/api.w.org\/{rel}","templated":true}]}}