{"id":653008,"date":"2026-08-28T02:53:22","date_gmt":"2026-08-28T02:53:22","guid":{"rendered":"https:\/\/www.europesays.com\/it\/653008\/"},"modified":"2026-08-28T02:53:22","modified_gmt":"2026-08-28T02:53:22","slug":"visma-lease-a-bike-affini-rinnova-fino-al-2029","status":"publish","type":"post","link":"https:\/\/www.europesays.com\/it\/653008\/","title":{"rendered":"VISMA LEASE A BIKE. AFFINI RINNOVA FINO AL 2029"},"content":{"rendered":"<p>            <a class=\"category\" href=\"https:\/\/www.tuttobiciweb.it\/articles\/category\/MERCATO\" itemprop=\"about\" rel=\"nofollow noopener\" target=\"_blank\">MERCATO<\/a> | 27\/08\/2026 | 10:42<br \/>\n            <a class=\"author\" href=\"https:\/\/www.tuttobiciweb.it\/articles\/author\/Francesca%20Monzone\" rel=\"nofollow noopener\" target=\"_blank\">di Francesca Monzone<\/a><\/p>\n<p><strong>Edoardo Affini<\/strong>, mantovano classe 1996, <strong>ha ufficialmente rinnovato il suo contratto con il Team Visma | Lease a Bike,<\/strong> prolungando la sua permanenza <strong>fino alla fine del 2029.<\/strong> Questo accordo segna una continuazione di una collaborazione di successo che ha avuto inizio nel 2021.\n            <\/p>\n<p>Da quando \u00e8 entrato a far parte della squadra olandese, <strong>Affini ha dimostrato di essere un corridore affidabile e versatile.<\/strong> La sua dedizione, professionalit\u00e0 e costanza lo hanno reso <strong>un pilastro del team,<\/strong> con un impatto significativo nelle cronometro individuali e nelle prove a squadre.\u00a0\n            <\/p>\n<p>Soddisfatto del rinnovo, Affini ha detto: \u00ab<strong>Sono davvero felice di aver rinnovato il mio contratto con il team.<\/strong> Credo che questi prossimi tre anni dimostrino <strong>la fiducia reciproca che abbiamo costruito dopo sei anni di collaborazione.<\/strong> Ho trovato il mio posto qui e non vedo l&#8217;ora di continuare a lavorare e a migliorare in questo ambiente\u00bb.<\/p>\n<p>La notizia del rinnovo \u00e8 accolta con entusiasmo da Marc Reef, Head of Racing del Team Visma | Lease a Bike. Reef ha sottolineato: \u00ab<strong>Edoardo \u00e8 diventato un pilastro fondamentale della nostra squadra.<\/strong> Unisce doti fisiche eccezionali a esperienza e intelligenza. Che lavori per un leader in un grande giro o si concentri sulle proprie ambizioni, Edoardo dimostra sempre lo stesso livello di professionalit\u00e0. \u00c8 una fonte di calma e qualit\u00e0 per il team, e siamo orgogliosi che continuer\u00e0 questo percorso con noi fino al 2029\u00bb.<\/p>\n<p>Con questo prolungamento, Affini non solo conferma la sua fiducia nel progetto del Team Visma | Lease a Bike, ma <strong>rafforza anche la sua posizione come uno dei corridori chiave del gruppo.<\/strong> La sua capacit\u00e0 di adattarsi a diversi ruoli, sia come supporto per i capitani che come protagonista nelle gare, lo rende un elemento prezioso per il futuro della squadra.<\/p>\n<p>Il rinnovo di Edoardo Affini \u00e8 un chiaro segnale di continuit\u00e0 e ambizione per il Team Visma | Lease a Bike. Con la sua esperienza e il suo spirito di squadra, <strong>il ciclista italiano \u00e8 pronto a affrontare nuove sfide e a contribuire a ulteriori successi nei prossimi anni.<\/strong> L\u2019azzurro \u00e8 entrato nel team quando aveva un forte potenziale di crescita e il lavoro fatto, oggi lo hanno portato ad essere un corridore con ottime doti, tanto da essere scelto dalla Visma per far parte del gruppo che ha preso il via al Tour de France, conquistando subito la vittoria nella cronometro a squadre. Affini nel suo palmares conta tre vittorie e tra queste, c\u2019\u00e8 la maglia di campione europeo a cronometro conquistata nel 2024.\u00a0<\/p>\n<p>\n    <a href=\"https:\/\/www.tuttobiciweb.it\/article\/2026\/08\/27\/1787820337\/cycling-team-visma-lease-a-bike-edoardo-affini-time-trial-cycling-market?lang=en\" rel=\"nofollow noopener\" target=\"_blank\"><img decoding=\"async\" src=\"https:\/\/www.europesays.com\/it\/wp-content\/uploads\/2025\/12\/enver.png\"\/><\/a><\/p>\n<p>Copyright &amp;copy TBW<\/p>\n","protected":false},"excerpt":{"rendered":"MERCATO | 27\/08\/2026 | 10:42 di Francesca Monzone Edoardo Affini, mantovano classe 1996, ha ufficialmente rinnovato il suo&hellip;\n","protected":false},"author":3,"featured_media":653009,"comment_status":"","ping_status":"","sticky":false,"template":"","format":"standard","meta":{"footnotes":"","_share_on_mastodon":"0"},"categories":[1456],"tags":[1824,3435,1825,15702,1537,90,89,214642,245,244,231146],"class_list":["post-653008","post","type-post","status-publish","format-standard","has-post-thumbnail","category-ciclismo","tag-ciclismo","tag-cronometro","tag-cycling","tag-edoardo-affini","tag-it","tag-italia","tag-italy","tag-mercato-ciclismo","tag-sport","tag-sports","tag-team-visma-lease-a-bike"],"share_on_mastodon":{"url":"https:\/\/pubeurope.com\/@it\/117170878487731571","error":""},"_links":{"self":[{"href":"https:\/\/www.europesays.com\/it\/wp-json\/wp\/v2\/posts\/653008","targetHints":{"allow":["GET"]}}],"collection":[{"href":"https:\/\/www.europesays.com\/it\/wp-json\/wp\/v2\/posts"}],"about":[{"href":"https:\/\/www.europesays.com\/it\/wp-json\/wp\/v2\/types\/post"}],"author":[{"embeddable":true,"href":"https:\/\/www.europesays.com\/it\/wp-json\/wp\/v2\/users\/3"}],"replies":[{"embeddable":true,"href":"https:\/\/www.europesays.com\/it\/wp-json\/wp\/v2\/comments?post=653008"}],"version-history":[{"count":0,"href":"https:\/\/www.europesays.com\/it\/wp-json\/wp\/v2\/posts\/653008\/revisions"}],"wp:featuredmedia":[{"embeddable":true,"href":"https:\/\/www.europesays.com\/it\/wp-json\/wp\/v2\/media\/653009"}],"wp:attachment":[{"href":"https:\/\/www.europesays.com\/it\/wp-json\/wp\/v2\/media?parent=653008"}],"wp:term":[{"taxonomy":"category","embeddable":true,"href":"https:\/\/www.europesays.com\/it\/wp-json\/wp\/v2\/categories?post=653008"},{"taxonomy":"post_tag","embeddable":true,"href":"https:\/\/www.europesays.com\/it\/wp-json\/wp\/v2\/tags?post=653008"}],"curies":[{"name":"wp","href":"https:\/\/api.w.org\/{rel}","templated":true}]}}