{"id":653025,"date":"2026-08-28T03:06:25","date_gmt":"2026-08-28T03:06:25","guid":{"rendered":"https:\/\/www.europesays.com\/it\/653025\/"},"modified":"2026-08-28T03:06:25","modified_gmt":"2026-08-28T03:06:25","slug":"far-away-my-sweet-lie-e-tutto-per-la-mia-famiglia-anticipazioni-27-28-agosto-ozkan-puo-salvare-nare-kaan-e-figlio-di-akif","status":"publish","type":"post","link":"https:\/\/www.europesays.com\/it\/653025\/","title":{"rendered":"Far Away, My Sweet Lie e Tutto per la mia famiglia, anticipazioni 27-28 agosto: Ozkan pu\u00f2 salvare Nare, Kaan \u00e8 figlio di Akif"},"content":{"rendered":"<p>Due giornate decisive per le serie turche <a href=\"https:\/\/www.ilmessaggero.it\/t\/mediaset\" rel=\"nofollow noopener\" target=\"_blank\">Mediaset<\/a>. Nelle puntate di <strong><a href=\"https:\/\/www.ilmessaggero.it\/t\/far-away\" rel=\"nofollow noopener\" target=\"_blank\">Far Away<\/a>, <a href=\"https:\/\/www.ilmessaggero.it\/t\/my-sweet-lie\" rel=\"nofollow noopener\" target=\"_blank\">My Sweet Lie<\/a> e <a href=\"https:\/\/www.ilmessaggero.it\/t\/tutto-per-la-mia-famiglia\" rel=\"nofollow noopener\" target=\"_blank\">Tutto per la mia famiglia<\/a><\/strong> di <strong>gioved\u00ec 27 e venerd\u00ec 28 agosto<\/strong>, le condizioni di Nare continueranno a tenere con il fiato sospeso: la donna ha bisogno urgentemente di un trapianto di fegato, ma Kadir, inizialmente individuato come possibile donatore, non potr\u00e0 pi\u00f9 sottoporsi all&#8217;intervento. A sorpresa sar\u00e0 proprio <strong>Ozkan<\/strong> a poterle salvare la vita.<\/p>\n<p>In <strong>My Sweet Lie<\/strong>, invece, Suna arriver\u00e0 finalmente a fare chiarezza sui propri sentimenti e capir\u00e0 di essere innamorata di Nejat. In <strong>Tutto per la mia famiglia<\/strong> esploder\u00e0 il segreto custodito da Akif: durante il ballo della scuola, Suzan render\u00e0 pubblico il risultato del test del DNA che dimostra che <strong>Kaan \u00e8 suo figlio biologico<\/strong>.<\/p>\n<p><strong>Far Away<\/strong> va in onda dal luned\u00ec al venerd\u00ec alle <strong>14.45 su Canale 5<\/strong>, mentre <strong>Tutto per la mia famiglia<\/strong> segue alle <strong>15.45<\/strong>. <strong>My Sweet Lie<\/strong>, invece, dal 24 agosto prosegue con un nuovo episodio dal luned\u00ec al venerd\u00ec esclusivamente su Mediaset Infinity.<\/p>\n","protected":false},"excerpt":{"rendered":"Due giornate decisive per le serie turche Mediaset. Nelle puntate di Far Away, My Sweet Lie e Tutto&hellip;\n","protected":false},"author":3,"featured_media":653026,"comment_status":"","ping_status":"","sticky":false,"template":"","format":"standard","meta":{"footnotes":"","_share_on_mastodon":"0"},"categories":[174],"tags":[1518,294787,287865,347255,179238,297638,89886,685,203,287866,291821,204,1537,90,89,9060,16277,339591,347256,296373,297639],"class_list":["post-653025","post","type-post","status-publish","format-standard","has-post-thumbnail","category-intrattenimento","tag-anticipazioni","tag-anticipazioni-domani","tag-anticipazioni-far-away","tag-anticipazioni-my-sweet-lie","tag-anticipazioni-oggi","tag-anticipazioni-tutto-per-la-mia-famiglia","tag-anticipazioni-tv","tag-canale-5","tag-entertainment","tag-far-away","tag-far-away-anticipazioni","tag-intrattenimento","tag-it","tag-italia","tag-italy","tag-mediaset","tag-mediaset-infinity","tag-my-sweet-lie","tag-my-sweet-lie-anticipazioni","tag-tutto-per-la-mia-famiglia","tag-tutto-per-la-mia-famiglia-anticipazioni"],"share_on_mastodon":{"url":"","error":"Validation failed: Text character limit of 500 exceeded"},"_links":{"self":[{"href":"https:\/\/www.europesays.com\/it\/wp-json\/wp\/v2\/posts\/653025","targetHints":{"allow":["GET"]}}],"collection":[{"href":"https:\/\/www.europesays.com\/it\/wp-json\/wp\/v2\/posts"}],"about":[{"href":"https:\/\/www.europesays.com\/it\/wp-json\/wp\/v2\/types\/post"}],"author":[{"embeddable":true,"href":"https:\/\/www.europesays.com\/it\/wp-json\/wp\/v2\/users\/3"}],"replies":[{"embeddable":true,"href":"https:\/\/www.europesays.com\/it\/wp-json\/wp\/v2\/comments?post=653025"}],"version-history":[{"count":0,"href":"https:\/\/www.europesays.com\/it\/wp-json\/wp\/v2\/posts\/653025\/revisions"}],"wp:featuredmedia":[{"embeddable":true,"href":"https:\/\/www.europesays.com\/it\/wp-json\/wp\/v2\/media\/653026"}],"wp:attachment":[{"href":"https:\/\/www.europesays.com\/it\/wp-json\/wp\/v2\/media?parent=653025"}],"wp:term":[{"taxonomy":"category","embeddable":true,"href":"https:\/\/www.europesays.com\/it\/wp-json\/wp\/v2\/categories?post=653025"},{"taxonomy":"post_tag","embeddable":true,"href":"https:\/\/www.europesays.com\/it\/wp-json\/wp\/v2\/tags?post=653025"}],"curies":[{"name":"wp","href":"https:\/\/api.w.org\/{rel}","templated":true}]}}