{"id":653058,"date":"2026-08-28T03:47:32","date_gmt":"2026-08-28T03:47:32","guid":{"rendered":"https:\/\/www.europesays.com\/it\/653058\/"},"modified":"2026-08-28T03:47:32","modified_gmt":"2026-08-28T03:47:32","slug":"vismalease-a-bike-edoardo-affini-rinnova-fino-al-2029-e-un-pilastro-del-nostro-team","status":"publish","type":"post","link":"https:\/\/www.europesays.com\/it\/653058\/","title":{"rendered":"Visma|Lease a Bike, Edoardo Affini rinnova fino al 2029: &#8220;\u00c8 un pilastro del nostro team&#8221;"},"content":{"rendered":"<p>\t\t<img width=\"1200\" height=\"800\" src=\"https:\/\/www.europesays.com\/it\/wp-content\/uploads\/2026\/07\/Edoardo-Affini-Tour-de-France-2026.webp\" class=\"attachment-full size-full wp-post-image\" alt=\"\" data-main-img=\"1\" decoding=\"async\" fetchpriority=\"high\"  \/><\/p>\n<p>\t\t\t\t\t\t\t \u00a9 Sirotti<\/p>\n<p>\t\t\t\t\t<a href=\"https:\/\/cyclingpro.net\/spaziociclismo\/altro\/scopri-lapp-ufficiale-di-spaziociclismo\/\" title=\"\" rel=\"nofollow noopener\" target=\"_blank\"><br \/>\n\t\t\t\t\t\t<img loading=\"lazy\" decoding=\"async\" src=\"https:\/\/www.europesays.com\/it\/wp-content\/uploads\/2025\/09\/1758060682_662_Banner-App-SpazioCiclismo.png\" alt=\"\" width=\"728\" height=\"91\"\/><br \/>\n\t\t\t\t\t<\/a><\/p>\n<p>Edoardo Affini firma un nuovo contratto con la Visma|Lease a Bike. Approdato nel team neerlandese nel 2021, dopo i primi due anni da neoprofessionista con la Mitchelton-Scott (l\u2019attuale Team Jayco-AlUla), il corridore mantovano continuer\u00e0 a indossare la maglia giallonera almeno sino a tutto il 2029, anno in cui compir\u00e0 33 anni. Una manifestazione di fiducia importante da parte della dirigenza di una squadra in cui si \u00e8 affermato come uno degli elementi pi\u00f9 importanti in supporto ai capitani, tanto nelle corse a tappe quando nelle grandi classiche di primavera.<\/p>\n<p> <a href=\"https:\/\/cyclingpro.net\/spaziociclismo\/abbonati\/\" rel=\"nofollow noopener\" target=\"_blank\"><img decoding=\"async\" src=\"https:\/\/www.europesays.com\/it\/wp-content\/uploads\/2026\/07\/Banner-AdFree-SpazioCiclismo.png\"\/><\/a><\/p>\n<p>Campione Europeo a cronometro nel 2024, anno in cui ha conquistato anche il bronzo nella specialit\u00e0, il classe 1996 \u00e8 un elemento chiave della squadra, come riconosce anche Marc Reef: \u201cEdoardo \u00e8 diventato un pilastro del nostro team. \u00c8 un corridore che combina eccezionali qualit\u00e0 fisiche con esperienza, intelligenza e un forte senso di responsabilit\u00e0. Sia che stia lavorando per un capitano in un grande giro, supportando la squadra nelle classiche o focalizzandosi sulle proprie ambizioni, Edoardo porta sempre lo stesso livello di professionalit\u00e0. In ogni circostanza \u00e8 ispira calma e qualit\u00e0 alla squadra ed \u00e8 diventato un vero ambasciatore della nostra cultura all\u2019interno del gruppo. Apprezziamo enormemente il suo contributo e siamo fieri che continuer\u00e0 il suo percorso con noi fino al 2029\u201d.<\/p>\n<p>Ovviamente, c\u2019\u00e8 soddisfazione anche da parte del 30enne lombardo: \u201cSono davvero molto felice di prolungare il mio contratto. Penso che i prossimi tre anni siano una dimostrazione della fiducia e stima reciproca che abbiamo costruito nel lavorare assieme per sei anni. Qui ho trovato il mio posto e non vedo l\u2019ora di continuare a lavorare e crescere in questo ambiente\u201d.<\/p>\n<p>Seguici<\/p>\n<p>\t\t\t\t\t\t\t\t\t\t<a href=\"https:\/\/news.google.com\/publications\/CAAqKQgKIiNDQklTRkFnTWFoQUtEbU41WTJ4cGJtZHdjbTh1Ym1WMEtBQVAB?hl=it&amp;gl=IT&amp;ceid=IT%3Ait\" title=\"Google News\" target=\"_blank\" rel=\"nofollow noopener\" class=\"post-followus-btn google-new-btn\"><br \/>\n\t\t\t\t\t\t<img decoding=\"async\" src=\"https:\/\/cyclingpro.net\/spaziociclismo\/wp-content\/themes\/jannah\/assets\/images\/google-news.svg\" alt=\"Google News\" loading=\"lazy\" width=\"120\" height=\"22\"\/><br \/>\n\t\t\t\t\t<\/a><br \/>\n\t\t\t\t\t\t\t\t\t\t<a href=\"https:\/\/flipboard.com\/@SpazioCiclismo\" title=\"Flipboard\" target=\"_blank\" rel=\"nofollow noopener\" class=\"post-followus-btn flipboard-btn\"><br \/>\n\t\t\t\t\t\t<img decoding=\"async\" src=\"https:\/\/cyclingpro.net\/spaziociclismo\/wp-content\/themes\/jannah\/assets\/images\/flipboard.svg\" alt=\"Flipboard\" loading=\"lazy\" width=\"152\" height=\"30\"\/><br \/>\n\t\t\t\t\t<\/a><\/p>\n","protected":false},"excerpt":{"rendered":"\u00a9 Sirotti Edoardo Affini firma un nuovo contratto con la Visma|Lease a Bike. Approdato nel team neerlandese nel&hellip;\n","protected":false},"author":3,"featured_media":601112,"comment_status":"","ping_status":"","sticky":false,"template":"","format":"standard","meta":{"footnotes":"","_share_on_mastodon":"0"},"categories":[1456],"tags":[1824,139641,1825,15702,1537,90,89,245,244,143176],"class_list":["post-653058","post","type-post","status-publish","format-standard","has-post-thumbnail","category-ciclismo","tag-ciclismo","tag-ciclomercato-2027","tag-cycling","tag-edoardo-affini","tag-it","tag-italia","tag-italy","tag-sport","tag-sports","tag-team-visma-lease-a-bike-2026"],"share_on_mastodon":{"url":"https:\/\/pubeurope.com\/@it\/117171090940943563","error":""},"_links":{"self":[{"href":"https:\/\/www.europesays.com\/it\/wp-json\/wp\/v2\/posts\/653058","targetHints":{"allow":["GET"]}}],"collection":[{"href":"https:\/\/www.europesays.com\/it\/wp-json\/wp\/v2\/posts"}],"about":[{"href":"https:\/\/www.europesays.com\/it\/wp-json\/wp\/v2\/types\/post"}],"author":[{"embeddable":true,"href":"https:\/\/www.europesays.com\/it\/wp-json\/wp\/v2\/users\/3"}],"replies":[{"embeddable":true,"href":"https:\/\/www.europesays.com\/it\/wp-json\/wp\/v2\/comments?post=653058"}],"version-history":[{"count":0,"href":"https:\/\/www.europesays.com\/it\/wp-json\/wp\/v2\/posts\/653058\/revisions"}],"wp:featuredmedia":[{"embeddable":true,"href":"https:\/\/www.europesays.com\/it\/wp-json\/wp\/v2\/media\/601112"}],"wp:attachment":[{"href":"https:\/\/www.europesays.com\/it\/wp-json\/wp\/v2\/media?parent=653058"}],"wp:term":[{"taxonomy":"category","embeddable":true,"href":"https:\/\/www.europesays.com\/it\/wp-json\/wp\/v2\/categories?post=653058"},{"taxonomy":"post_tag","embeddable":true,"href":"https:\/\/www.europesays.com\/it\/wp-json\/wp\/v2\/tags?post=653058"}],"curies":[{"name":"wp","href":"https:\/\/api.w.org\/{rel}","templated":true}]}}