{"id":653079,"date":"2026-08-28T04:05:22","date_gmt":"2026-08-28T04:05:22","guid":{"rendered":"https:\/\/www.europesays.com\/it\/653079\/"},"modified":"2026-08-28T04:05:22","modified_gmt":"2026-08-28T04:05:22","slug":"palermo-perin-ho-visto-le-prime-due-partite-vi-dico-cosa-ho-notato","status":"publish","type":"post","link":"https:\/\/www.europesays.com\/it\/653079\/","title":{"rendered":"Palermo, Perin: &#8220;Ho visto le prime due partite, vi dico cosa ho notato&#8221;"},"content":{"rendered":"<p>\n<strong>Mattia Perin<\/strong> si \u00e8 presentato in conferenza stampa:\n<\/p>\n<p>\n<strong>Sei qui da poche ore, per\u00f2 ti chiedo, non tanto da un punto di vista tecnico quanto da un punto di vista caratteriale e dei valori umani: c&#8217;\u00e8 una qualit\u00e0, una caratteristica di questo gruppo che gi\u00e0 ti ha particolarmente colpito, impressionato in maniera positiva?<\/strong>\n<\/p>\n<p>\n\u00abIo ho visto la partita di Coppa Italia con il Lecce, la partita con la Juve Stabia e secondo me lo strumento pi\u00f9 importante che ha il gruppo squadra \u00e8 proprio questa voglia di soffrire e sacrificarsi tutti insieme.\n<\/p>\n<p>\nSoprattutto negli ultimi istanti, nel finale di partita con la Juve Stabia, l&#8217;attaccamento che il gruppo aveva per portare a casa il risultato. Questa \u00e8 una qualit\u00e0 che \u00e8 difficile da insegnare: o ce l&#8217;hai o non ce l&#8217;hai.\n<\/p>\n<p>        <img src=\"https:\/\/www.europesays.com\/it\/wp-content\/uploads\/2026\/08\/Perin-5cae64da8aee-1200x597.jpeg\"   width=\"1872\" height=\"931\" alt=\"Perin\" title=\"Perin\" loading=\"eager\" fetchpriority=\"high\" decoding=\"sync\" class=\"w-full h-auto aspect-3\/2 object-cover object-top rounded-lg\"\/><\/p>\n<p>\nA me \u00e8 sembrato che in queste due partite la squadra ce l&#8217;abbia e quindi sono rimasto totalmente colpito dall&#8217;impegno, dall&#8217;abnegazione e dalla volont\u00e0 di voler soffrire nei momenti in cui si pu\u00f2 soffrire della squadra.\n<\/p>\n<p>\nCredo che sia la qualit\u00e0 principale che bisogna avere per poter portare avanti il sogno che abbiamo\u00bb.\n<\/p>\n<p>\n<strong>Ieri hai deciso di portare i tuoi bambini allo stadio, li hai voluti immergere fin da subito nell&#8217;ambiente. Tu hai un contratto pluriennale: quanto ha influito la scelta di Palermo come citt\u00e0 e come la conoscevi proprio nell&#8217;ambito familiare?<\/strong>\n<\/p>\n<p>\n\u00abNo, non la conoscevo, perch\u00e9 a parte quando sono venuto a giocare contro il Palermo purtroppo non ci sono mai venuto. Ho voluto che venissero, mi ha fatto una sorpresa mia moglie con i bambini in questa giornata molto importante per me, che venissero comunque a vedere un po&#8217; la citt\u00e0.\n<\/p>\n<p>\nAdesso sono in giro per Palermo per vedere un po&#8217; gli splendori di questa citt\u00e0 e voglio che si comincino ad adattare, a vedere la citt\u00e0. Comunque \u00e8 un cambiamento importante da Torino a Palermo.\n<\/p>\n<p>\nI bambini comunque vanno a scuola, hanno le loro amicizie, hanno i loro orari, le loro abitudini, quindi piano piano cercheremo di integrarli nella citt\u00e0.\n<\/p>\n<p>\nLa famiglia \u00e8 una cosa molto importante che ti pu\u00f2 dare comunque un boost in giornate in cui ne hai bisogno\u00bb.<\/p>\n","protected":false},"excerpt":{"rendered":"Mattia Perin si \u00e8 presentato in conferenza stampa: Sei qui da poche ore, per\u00f2 ti chiedo, non tanto&hellip;\n","protected":false},"author":3,"featured_media":653080,"comment_status":"","ping_status":"","sticky":false,"template":"","format":"standard","meta":{"footnotes":"","_share_on_mastodon":"0"},"categories":[6],"tags":[788,6969,433,877,932,14,8,48,1537,90,89,565,15648,7,15,82,9,83,10,6652,1290,360189,360190,4283,80595,3492,4963,18813,1857,13,11,80,84,12,81,85,2959],"class_list":["post-653079","post","type-post","status-publish","format-standard","has-post-thumbnail","category-ultime-notizie","tag-bambini","tag-ce","tag-colpito","tag-conferenza","tag-conferenza-stampa","tag-cronaca","tag-headlines","tag-importante","tag-it","tag-italia","tag-italy","tag-juve","tag-juve-stabia","tag-news","tag-notizie","tag-notizie-di-cronaca","tag-notizie-principali","tag-notiziedicronaca","tag-notizieprincipali","tag-palermo","tag-partita","tag-partita-juve","tag-partita-juve-stabia","tag-partite","tag-perin","tag-portare","tag-qualita","tag-soffrire","tag-squadra","tag-titoli","tag-ultime-notizie","tag-ultime-notizie-di-cronaca","tag-ultime-notizie-e-news-di-oggi","tag-ultimenotizie","tag-ultimenotiziedicronaca","tag-ultimenotizieenewsdioggi","tag-vedere"],"share_on_mastodon":{"url":"","error":"Validation failed: Text character limit of 500 exceeded"},"_links":{"self":[{"href":"https:\/\/www.europesays.com\/it\/wp-json\/wp\/v2\/posts\/653079","targetHints":{"allow":["GET"]}}],"collection":[{"href":"https:\/\/www.europesays.com\/it\/wp-json\/wp\/v2\/posts"}],"about":[{"href":"https:\/\/www.europesays.com\/it\/wp-json\/wp\/v2\/types\/post"}],"author":[{"embeddable":true,"href":"https:\/\/www.europesays.com\/it\/wp-json\/wp\/v2\/users\/3"}],"replies":[{"embeddable":true,"href":"https:\/\/www.europesays.com\/it\/wp-json\/wp\/v2\/comments?post=653079"}],"version-history":[{"count":0,"href":"https:\/\/www.europesays.com\/it\/wp-json\/wp\/v2\/posts\/653079\/revisions"}],"wp:featuredmedia":[{"embeddable":true,"href":"https:\/\/www.europesays.com\/it\/wp-json\/wp\/v2\/media\/653080"}],"wp:attachment":[{"href":"https:\/\/www.europesays.com\/it\/wp-json\/wp\/v2\/media?parent=653079"}],"wp:term":[{"taxonomy":"category","embeddable":true,"href":"https:\/\/www.europesays.com\/it\/wp-json\/wp\/v2\/categories?post=653079"},{"taxonomy":"post_tag","embeddable":true,"href":"https:\/\/www.europesays.com\/it\/wp-json\/wp\/v2\/tags?post=653079"}],"curies":[{"name":"wp","href":"https:\/\/api.w.org\/{rel}","templated":true}]}}