{"id":653136,"date":"2026-08-28T05:13:22","date_gmt":"2026-08-28T05:13:22","guid":{"rendered":"https:\/\/www.europesays.com\/it\/653136\/"},"modified":"2026-08-28T05:13:22","modified_gmt":"2026-08-28T05:13:22","slug":"busy-phillips-lex-star-di-dawsons-creek-ho-scoperto-per-caso-di-avere-un-tumore-al-cervello-i-sky-tg24","status":"publish","type":"post","link":"https:\/\/www.europesays.com\/it\/653136\/","title":{"rendered":"Busy Phillips, l&#8217;ex star di Dawson&#8217;s Creek: &#8216;Ho scoperto per caso di avere un tumore al cervello&#8217; I Sky TG24"},"content":{"rendered":"<p>\u201c<strong>Sono grata di essere viva<\/strong>\u201d. In un\u2019intervista esclusiva alla rivista People, l\u2019attrice <strong>Busy Phillips<\/strong>, 47 anni, ex star della serie tv cult degli anni Novanta <a data-intcmp=\"skytg24_foglia articolo_interlink_text\" href=\"https:\/\/tg24.sky.it\/spettacolo\/2026\/04\/16\/film-coppie-serie-tv-vita-reale\" target=\"_self\" rel=\"nofollow noopener\">Dawson\u2019s Creek<\/a>, ha raccontato la scoperta, avvenuta per caso lo scorso febbraio, di un <strong>tumore al cervello<\/strong>, e il successivo <strong>intervento chirurgico di rimozione della massa maligna<\/strong>. Phillips ha definito il periodo \u201c<strong>i sei mesi pi\u00f9 strani della mia vita<\/strong>\u201d. Per poco, infatti, non aveva mancato di sottoporsi alla risonanza magnetica che, infine, aveva portato alla scoperta dell\u2019<strong>oligodendroglioma di grado 2<\/strong>, un raro tumore dalla crescita lenta. Nel 2025, l&#8217;attrice aveva chiesto al suo medico di base se fosse il caso di fare una TAC di controllo, ma lui le aveva risposto che \u201cnon ce n\u2019era bisogno\u201d perch\u00e9 lei era giovane e in salute e gli esami del sangue della visita annuale erano a posto. \u201cNon sapevo perch\u00e9 volessi fare questa TAC, se non per il fatto che l\u2019ho fatta e basta\u201d, ha raccontato Phillips, che non aveva alcun sintomo ma che, in seguito, aveva comunque deciso di procedere all\u2019esame. Tuttavia, a causa di una bufera di neve, aveva dovuto rimandare l\u2019appuntamento inizialmente programmato, che era poi slittato al 12 febbraio 2026. Una data significativa per l&#8217;attrice, dal momento che il giorno prima, l\u201911 febbraio 2026, <a data-intcmp=\"skytg24_foglia articolo_interlink_text\" href=\"https:\/\/tg24.sky.it\/spettacolo\/2026\/02\/11\/morto-james-van-der-beek-dawsons-creek-film\" target=\"_self\" rel=\"nofollow noopener\">l\u2019ex collega di Dawson\u2019s Creek James Van Der Beek era morto di cancro al colon all\u2019et\u00e0 di 48 anni<\/a>. Il giorno successivo, invece, avrebbe dovuto incontrare i creatori della serie tv Cupertino per un potenziale ruolo. Dopo aver consultato l\u2019ex marito, il regista Marc Silverstein, sull\u2019eventualit\u00e0 di rinunciare all\u2019esame medico, lui le aveva per\u00f2 risposto: \u201c&#8221;Forse \u00e8 la cosa migliore che tu possa fare per il tuo amico stamattina. Vai a fare la TAC\u201d\u201d. Il controllo aveva infine evidenziato una lesione al cervello, che aveva reso necessaria un\u2019ulteriore risonanza magnetica per identificarne la natura. \u201c\u201cQuesto \u00e8 un vero tumore, ed \u00e8 dentro il tuo cervello. Deve essere rimosso\u201d\u201d, le aveva poi detto il neurologo. \u201cIperventilavo e facevo fatica a respirare\u201d, ha raccontato lei.<\/p>\n<p>\t\t \tLE OPERAZIONI E L&#8217;IMPORTANZA DELLA PREVENZIONE<\/p>\n<p>Lo stesso giorno, Busy Phillips aveva scoperto di essere stata scelta per il cast della serie tv Cupertino e, nella speranza di conservare il lavoro, aveva inizialmente tenuto nascosta la sua malattia. Nel frattempo, aveva dovuto affrontare le figlie Birdie, 18 anni, e Cricket, 13 anni. La prima \u201cera fuori di s\u00e9, davvero spaventata e sopraffatta dalle emozioni\u201d, mentre la seconda le aveva domandato se sarebbe andato tutto bene, \u201cE io ho risposto: \u201cCerto che andr\u00e0 tutto bene\u201d\u201d. Il 2 marzo, l\u2019attrice si era poi sottoposta all&#8217;intervento chirurgico di rimozione del tumore, durato cinque ore. La massa di 2,6 centimetri era stata poi sottoposta a biopsia, e aveva rivelato la natura di oligodendroglioma di grado 2. L&#8217;attrice aveva quindi ricevuto il sostegno di amici intimi, come l&#8217;ex collega di Dawson\u2019s Creek\u00a0<a data-intcmp=\"skytg24_foglia articolo_interlink_text\" href=\"https:\/\/tg24.sky.it\/spettacolo\/cinema\/2026\/01\/02\/michelle-williams-katie-holmes-joshua-jackson\" target=\"_self\" rel=\"nofollow noopener\">Michelle Williams<\/a>, che l\u2019aveva aiutata durante la sua convalescenza. Durante l&#8217;intera vicenda, Williams \u201cmi disse: \u201cBusy, \u00e8 da due anni che dici di avere il cervello rotto\u201d. E aveva ragione. \u00c8 vero. Lo dico da diversi anni&#8230;Non ero consapevole che ci fosse qualcosa di veramente sbagliato, ma c\u2019era qualcosa che non funzionava. Come se non riuscissi a controllarlo\u201d. Dopo l\u2019intervento, per\u00f2, \u201cil mio cervello non mi sembra pi\u00f9 rotto\u201d. Ad aprile, poco dopo l\u2019inizio delle riprese di Cupertino, l&#8217;attrice aveva per\u00f2 fatto ritorno in ospedale a causa di un\u2019infezione da stafilococco, che aveva dovuto eliminare con una seconda operazione. &#8220;Il secondo intervento chirurgico mi ha davvero sconvolta. Mi sentivo come se fossi tornata al punto di partenza, ed ero davvero, davvero sconvolta\u201d, ha raccontato. In ogni caso, ora Phillips si considera grata sia per aver fatto la TAC che aveva individuato il tumore in fase iniziale, sia per per aver scoperto anche l\u2019infezione da stafilococco. \u201cCosa sono? La ragazza pi\u00f9 fortunata del mondo?\u201d, si \u00e8 domandata. Adesso si sottoporr\u00e0 a controlli periodici per monitorare un\u2019eventuale recidiva. In ogni caso, secondo il dottor John Golfinos del NYU Langone, l&#8217;attrice \u201cha ottime probabilit\u00e0 che la malattia non si ripresenti\u201d. Ora lei spera che la sua esperienza possa essere d\u2019esempio per altre persone. \u201cSpesso i medici ci dicono che non c&#8217;\u00e8 nulla di cui preoccuparsi, mentre in realt\u00e0 sappiamo che c&#8217;\u00e8 motivo di preoccuparsi&#8221;, ha detto. &#8220;Non c&#8217;\u00e8 nulla da temere nell&#8217;avere informazioni. Anzi, \u00e8 un modo per sentirsi pi\u00f9 forti\u201d.<\/p>\n<p>\t\t\t<a class=\"c-inline-card j-inline-card c-inline-card--with-image\" href=\"https:\/\/tg24.sky.it\/spettacolo\/2026\/03\/09\/james-van-der-beek-figlia\" rel=\"follow nofollow noopener\" data-intcmp=\"skytg24_articolo_approfondimenti_inline\" target=\"_blank\"><\/p>\n<p>\t\t\t         <img decoding=\"async\" crossorigin=\"anonymous\" alt=\"\"  loading=\"lazy\"  src=\"https:\/\/www.europesays.com\/it\/wp-content\/uploads\/2026\/08\/james-van-der-beek-getty.jpg\"\/><\/p>\n<p>\n\t\t\t         Approfondimento<br \/>\n\t\t\t         Morte James Van Der Beek, il ricordo della figlia Emilia\n\t\t\t      <\/p>\n<p>\t\t\t<\/a><\/p>\n","protected":false},"excerpt":{"rendered":"\u201cSono grata di essere viva\u201d. In un\u2019intervista esclusiva alla rivista People, l\u2019attrice Busy Phillips, 47 anni, ex star&hellip;\n","protected":false},"author":3,"featured_media":653137,"comment_status":"","ping_status":"","sticky":false,"template":"","format":"standard","meta":{"footnotes":"","_share_on_mastodon":"0"},"categories":[1451],"tags":[28119,1621,1620,1643,203,204,1537,90,89,370,1900,39073],"class_list":["post-653136","post","type-post","status-publish","format-standard","has-post-thumbnail","category-celebrita","tag-attrici","tag-celebrita","tag-celebrities","tag-dawson","tag-entertainment","tag-intrattenimento","tag-it","tag-italia","tag-italy","tag-malattia","tag-tumore","tag-tumore-al-cervello"],"share_on_mastodon":{"url":"https:\/\/pubeurope.com\/@it\/117171428947605401","error":""},"_links":{"self":[{"href":"https:\/\/www.europesays.com\/it\/wp-json\/wp\/v2\/posts\/653136","targetHints":{"allow":["GET"]}}],"collection":[{"href":"https:\/\/www.europesays.com\/it\/wp-json\/wp\/v2\/posts"}],"about":[{"href":"https:\/\/www.europesays.com\/it\/wp-json\/wp\/v2\/types\/post"}],"author":[{"embeddable":true,"href":"https:\/\/www.europesays.com\/it\/wp-json\/wp\/v2\/users\/3"}],"replies":[{"embeddable":true,"href":"https:\/\/www.europesays.com\/it\/wp-json\/wp\/v2\/comments?post=653136"}],"version-history":[{"count":0,"href":"https:\/\/www.europesays.com\/it\/wp-json\/wp\/v2\/posts\/653136\/revisions"}],"wp:featuredmedia":[{"embeddable":true,"href":"https:\/\/www.europesays.com\/it\/wp-json\/wp\/v2\/media\/653137"}],"wp:attachment":[{"href":"https:\/\/www.europesays.com\/it\/wp-json\/wp\/v2\/media?parent=653136"}],"wp:term":[{"taxonomy":"category","embeddable":true,"href":"https:\/\/www.europesays.com\/it\/wp-json\/wp\/v2\/categories?post=653136"},{"taxonomy":"post_tag","embeddable":true,"href":"https:\/\/www.europesays.com\/it\/wp-json\/wp\/v2\/tags?post=653136"}],"curies":[{"name":"wp","href":"https:\/\/api.w.org\/{rel}","templated":true}]}}