{"id":653320,"date":"2026-08-28T08:04:14","date_gmt":"2026-08-28T08:04:14","guid":{"rendered":"https:\/\/www.europesays.com\/it\/653320\/"},"modified":"2026-08-28T08:04:14","modified_gmt":"2026-08-28T08:04:14","slug":"esibizionismo-puro-il-video-di-belen-con-la-flebo-al-braccio-scatena-le-polemiche","status":"publish","type":"post","link":"https:\/\/www.europesays.com\/it\/653320\/","title":{"rendered":"&#8220;Esibizionismo puro&#8221;: il video di Belen con la flebo al braccio scatena le polemiche"},"content":{"rendered":"<p>Un video pensato per intrattenere il suo pubblico ha scatenato non poche polemiche. Belen Rodriguez ha voluto dedicare ai suoi fan una piccola performance musicale \u201ccasalinga\u201d, dove si esibisce cantando un brano con la sua voce dolce e suadente. Un dettaglio per\u00f2 ha attirato l\u2019attenzione dei curiosi: <strong>la flebo al braccio<\/strong> che la showgirl ha mostrato durante l\u2019esibizione su Instagram.\n<\/p>\n<p>Belen Rodriguez e il video con la flebo al braccio<\/p>\n<p>Aveva pensato di dedicare ai suoi fan una canzone, ma la sua esibizione ha preso ben presto una piega inaspettata. <a href=\"https:\/\/dilei.it\/star-e-vip\/belen-rodriguez\/\" rel=\"nofollow noopener\" target=\"_blank\">Belen Rodriguez<\/a> ha deciso di regalare ai suoi numerosi follower una breve esibizione direttamente da casa sua, dove con un microfono e un telefono ha cantato con la sua voce calda e suadente.<\/p>\n<p>A colpire tutti per\u00f2 \u00e8 stata la flebo al braccio della showgirl, che gli haters non hanno potuto fare a meno di commentare. Diversi infatti gli scambi tra gli utenti e la stessa Belen, che ha voluto rispondere ai commenti pi\u00f9 piccati difendendo la sua posizione.<\/p>\n<blockquote class=\"instagram-media\" data-instgrm-captioned=\"\" data-instgrm-permalink=\"https:\/\/www.instagram.com\/p\/Dcj5dOFSyTK\/?utm_source=ig_embed&amp;utm_campaign=loading\" data-instgrm-version=\"14\" style=\" background:#FFF; border:0; border-radius:3px; box-shadow:0 0 1px 0 rgba(0,0,0,0.5),0 1px 10px 0 rgba(0,0,0,0.15); margin: 1px; max-width:100%; min-width:326px; padding:0; width:99.375%; width:-webkit-calc(100% - 2px); width:calc(100% - 2px);\"\/>\n<p>\u201cOra mi chiedo ma perch\u00e9 esibirsi con la flebo al braccio\u201d, scrive un utente, a cui fa eco un altro: \u201c<strong>Esibizionismo puro<\/strong>\u201c. Ma la showgirl argentina non si \u00e8 lasciata di certo toccare dai commenti sgradevoli, replicando a suo modo: \u201cPerch\u00e9 ho la flebo al braccio\u201d. Ma c\u2019\u00e8 anche chi la difende: \u201cA tutti quelli che domandano e criticano perch\u00e9 ha la flebo, ma perch\u00e9 avete sempre da dire qualcosa di negativo?\u201d. E anche in questo caso Rodriguez non perde occasione per rispondere: \u201cPerch\u00e9 non dire speriamo che domani con la flebo starai meglio? Easy\u201d.<\/p>\n<p>Del resto non si trattava di nulla di grave: la showgirl ha voluto accelerare la sua guarigione dalla bronchite con un booster di vitamine. Anche qualche giorno fa Belen era stata oggetto di critiche, quando un utente aveva voluto far sapere la sua opinione, ovvero che per lui la showgirl \u00e8 un\u2019esibizionista alla perenne ricerca di risalto a livello mediatico. Ma lei, invece di attaccarlo, ha confermato quanto scritto dal follower. \u201c<strong>Amore, se non fossi un\u2019esibizionista non farei il lavoro che faccio, cio\u00e8 esibirmi<\/strong>\u201c.<\/p>\n<p>E Gaetano Fidanzati?<\/p>\n<p>Da qualche giorno fa discutere anche la situazione sentimentale di Belen Rodriguez: da Ferragosto infatti i<a href=\"https:\/\/dilei.it\/vip\/belen-rodriguez-innamorata-bacio-appassionato-fidanzato-gaetano\/2595830\/\" rel=\"nofollow noopener\" target=\"_blank\">l compagno Gaetano Fidanzati<\/a>, che prima appariva con una certa frequenza sul profilo della conduttrice, \u00e8 completamente sparito. Pare infatti che la storia con il personal trainer milanese si sia gi\u00e0 interrotta, pare a causa di alcuni scatti che la vedevano mano nella mano con un altro uomo durante la notte di Ferragosto.<\/p>\n<p>Da allora per\u00f2 del compagno di Belen non c\u2019\u00e8 stata pi\u00f9 traccia: lei si sta concentrando sulla famiglia, fuggendo in Grecia per una vacanza con la figlia Luna Mar\u00ec. Nel frattempo un commento della stessa Rodriguez suggerisce che la storia sia arrivata gi\u00e0 al capolinea. Un\u2019utente facendole un complimento le ha scritto: \u201cSei cos\u00ec bella, affascinante e con un cuore grande. Ti auguro sinceramente di incontrare una persona degna che ti amer\u00e0 veramente, ti custodir\u00e0, ti protegger\u00e0, ti render\u00e0 felice. Meriti esattamente questo tipo di amore\u201d. Breve ma piena di significato la sua replica speranzosa: \u201c<strong>Succeder\u00e0<\/strong>\u201c.<\/p>\n<p>\t\t\t\tScopri i personaggi in trend, le storie del momento e molto altro.<br \/>Dove? Sul <a href=\"https:\/\/whatsapp.com\/channel\/0029Vb68mVyHVvTWezDm7d0R\" target=\"_blank\" rel=\"noopener nofollow\">canale WhatsApp di DiLei!<\/a><\/p>\n<p>\t\t\t<a class=\"buttonCall\" href=\"https:\/\/whatsapp.com\/channel\/0029Vb68mVyHVvTWezDm7d0R\" target=\"_blank\" rel=\"noopener nofollow\" title=\"Seguici su WhatsApp\"><br \/>\n\t\t\t\tSeguici su WhatsApp<br \/>\n\t\t\t<\/a><\/p>\n<p>\t<script async src=\"\/\/www.instagram.com\/embed.js\"><\/script><\/p>\n","protected":false},"excerpt":{"rendered":"Un video pensato per intrattenere il suo pubblico ha scatenato non poche polemiche. Belen Rodriguez ha voluto dedicare&hellip;\n","protected":false},"author":3,"featured_media":653321,"comment_status":"","ping_status":"","sticky":false,"template":"","format":"standard","meta":{"footnotes":"","_share_on_mastodon":"0"},"categories":[174],"tags":[1764,203,204,1537,90,89,86],"class_list":["post-653320","post","type-post","status-publish","format-standard","has-post-thumbnail","category-intrattenimento","tag-belen-rodriguez","tag-entertainment","tag-intrattenimento","tag-it","tag-italia","tag-italy","tag-vip"],"share_on_mastodon":{"url":"https:\/\/pubeurope.com\/@it\/117172100647461826","error":""},"_links":{"self":[{"href":"https:\/\/www.europesays.com\/it\/wp-json\/wp\/v2\/posts\/653320","targetHints":{"allow":["GET"]}}],"collection":[{"href":"https:\/\/www.europesays.com\/it\/wp-json\/wp\/v2\/posts"}],"about":[{"href":"https:\/\/www.europesays.com\/it\/wp-json\/wp\/v2\/types\/post"}],"author":[{"embeddable":true,"href":"https:\/\/www.europesays.com\/it\/wp-json\/wp\/v2\/users\/3"}],"replies":[{"embeddable":true,"href":"https:\/\/www.europesays.com\/it\/wp-json\/wp\/v2\/comments?post=653320"}],"version-history":[{"count":0,"href":"https:\/\/www.europesays.com\/it\/wp-json\/wp\/v2\/posts\/653320\/revisions"}],"wp:featuredmedia":[{"embeddable":true,"href":"https:\/\/www.europesays.com\/it\/wp-json\/wp\/v2\/media\/653321"}],"wp:attachment":[{"href":"https:\/\/www.europesays.com\/it\/wp-json\/wp\/v2\/media?parent=653320"}],"wp:term":[{"taxonomy":"category","embeddable":true,"href":"https:\/\/www.europesays.com\/it\/wp-json\/wp\/v2\/categories?post=653320"},{"taxonomy":"post_tag","embeddable":true,"href":"https:\/\/www.europesays.com\/it\/wp-json\/wp\/v2\/tags?post=653320"}],"curies":[{"name":"wp","href":"https:\/\/api.w.org\/{rel}","templated":true}]}}