{"id":653330,"date":"2026-08-28T08:09:16","date_gmt":"2026-08-28T08:09:16","guid":{"rendered":"https:\/\/www.europesays.com\/it\/653330\/"},"modified":"2026-08-28T08:09:16","modified_gmt":"2026-08-28T08:09:16","slug":"bollette-arriva-la-stangata-su-luce-e-gas-verso-il-40-in-piu-tra-settembre-e-dicembre-i-consigli-per-risparmiare","status":"publish","type":"post","link":"https:\/\/www.europesays.com\/it\/653330\/","title":{"rendered":"Bollette, arriva la stangata su luce e gas: \u00abVerso il 40% in pi\u00f9 tra settembre e dicembre\u00bb. I consigli per risparmiare"},"content":{"rendered":"<p>Il <strong>caro carburanti<\/strong> non sar\u00e0 l&#8217;unica stangata sulle tasche degli italiani. A complicare i bilanci familiari, con l&#8217;arrivo dell&#8217;autunno e dell&#8217;inverno, ci penser\u00e0 anche il <strong>caro energia<\/strong>: secondo le stime di Facile.it, tra settembre e dicembre le <strong>bollette di luce e gas potrebbero salire fino al 40%<\/strong> rispetto allo stesso periodo dello scorso anno, con un aggravio complessivo di <strong>270 euro a famiglia<\/strong>.<\/p>\n<p> Stangata da quasi mille euro <\/p>\n<p>I numeri parlano chiaro. Una famiglia tipo con un contratto di fornitura nel mercato libero a prezzo indicizzato spender\u00e0, nei prossimi quattro mesi, 982 euro complessivi tra elettricit\u00e0 e gas. Un anno fa la stessa spesa si fermava a 712 euro: la differenza, appunto, \u00e8 di 270 euro in pi\u00f9, un salasso che arriva mentre le famiglie devono gi\u00e0 fare i conti con l&#8217;aumento dei prezzi dei carburanti.<\/p>\n","protected":false},"excerpt":{"rendered":"Il caro carburanti non sar\u00e0 l&#8217;unica stangata sulle tasche degli italiani. A complicare i bilanci familiari, con l&#8217;arrivo&hellip;\n","protected":false},"author":3,"featured_media":653331,"comment_status":"","ping_status":"","sticky":false,"template":"","format":"standard","meta":{"footnotes":"","_share_on_mastodon":"0"},"categories":[6],"tags":[32637,14,8,1537,90,89,7,15,82,9,83,10,25750,13,11,80,84,12,81,85],"class_list":["post-653330","post","type-post","status-publish","format-standard","has-post-thumbnail","category-ultime-notizie","tag-bollette","tag-cronaca","tag-headlines","tag-it","tag-italia","tag-italy","tag-news","tag-notizie","tag-notizie-di-cronaca","tag-notizie-principali","tag-notiziedicronaca","tag-notizieprincipali","tag-rincari","tag-titoli","tag-ultime-notizie","tag-ultime-notizie-di-cronaca","tag-ultime-notizie-e-news-di-oggi","tag-ultimenotizie","tag-ultimenotiziedicronaca","tag-ultimenotizieenewsdioggi"],"share_on_mastodon":{"url":"https:\/\/pubeurope.com\/@it\/117172120217548487","error":""},"_links":{"self":[{"href":"https:\/\/www.europesays.com\/it\/wp-json\/wp\/v2\/posts\/653330","targetHints":{"allow":["GET"]}}],"collection":[{"href":"https:\/\/www.europesays.com\/it\/wp-json\/wp\/v2\/posts"}],"about":[{"href":"https:\/\/www.europesays.com\/it\/wp-json\/wp\/v2\/types\/post"}],"author":[{"embeddable":true,"href":"https:\/\/www.europesays.com\/it\/wp-json\/wp\/v2\/users\/3"}],"replies":[{"embeddable":true,"href":"https:\/\/www.europesays.com\/it\/wp-json\/wp\/v2\/comments?post=653330"}],"version-history":[{"count":0,"href":"https:\/\/www.europesays.com\/it\/wp-json\/wp\/v2\/posts\/653330\/revisions"}],"wp:featuredmedia":[{"embeddable":true,"href":"https:\/\/www.europesays.com\/it\/wp-json\/wp\/v2\/media\/653331"}],"wp:attachment":[{"href":"https:\/\/www.europesays.com\/it\/wp-json\/wp\/v2\/media?parent=653330"}],"wp:term":[{"taxonomy":"category","embeddable":true,"href":"https:\/\/www.europesays.com\/it\/wp-json\/wp\/v2\/categories?post=653330"},{"taxonomy":"post_tag","embeddable":true,"href":"https:\/\/www.europesays.com\/it\/wp-json\/wp\/v2\/tags?post=653330"}],"curies":[{"name":"wp","href":"https:\/\/api.w.org\/{rel}","templated":true}]}}