{"id":653402,"date":"2026-08-28T09:18:14","date_gmt":"2026-08-28T09:18:14","guid":{"rendered":"https:\/\/www.europesays.com\/it\/653402\/"},"modified":"2026-08-28T09:18:14","modified_gmt":"2026-08-28T09:18:14","slug":"il-monferrato-lanima-del-borgo-di-rinco-nel-murale-andiamo-e-veniamo","status":"publish","type":"post","link":"https:\/\/www.europesays.com\/it\/653402\/","title":{"rendered":"Il Monferrato > L&#8217;anima del borgo di Rinco nel murale \u201cAndiamo e Veniamo\u201d"},"content":{"rendered":"<p>            Articolo \u00bb<\/p>\n<p>\n                    Arte<br \/>\n                    L&#8217;intervista all&#8217;artista Carlo Gloria                <\/p>\n<p>                    <img decoding=\"async\" src=\"https:\/\/www.europesays.com\/it\/wp-content\/uploads\/2026\/08\/r_810x810_rinco murale carlo gloria 2 ok.jpg\" alt=\"\" class=\"img-responsive\"\/><\/p>\n<p>L&#8217;artista torinese illustra agli abitanti il nuovo murale<\/p>\n<p>di Alessandro Anselmo<\/p>\n<p>Il borgo di Rinco si impreziosisce con il murale \u201cAndiamo e Veniamo\u201d realizzato dall\u2019artista torinese Carlo Gloria che proprio nella piccola frazione di Montiglio ha trovato il suo \u201cbuen retiro\u201d.<strong>\u00a0<\/strong><\/p>\n<p><strong>Carlo Gloria, come le \u00e8 venuta questa idea?<br \/><\/strong>\u00c8 da anni che perseguo l\u2019idea di persone che vanno e vengono, in cammino. E\u2019 un concetto che fa parte della mia poetica da tanto tempo.<\/p>\n<p><strong>Ci spieghi l\u2019opera.<br \/><\/strong>C\u2019\u00e8 un movimento che non finisce mai, nei piccoli paesi. Qualcuno parte, qualcuno arriva. Qualcuno torna. Questo flusso &#8211; lento, silenzioso, decennale &#8211; \u00e8 parte della vita di un borgo come Rinco.\u00a0\u00a0<\/p>\n<p><strong>E lei ha ritratto proprio gli abitanti.<br \/><\/strong>Andiamo e veniamo \u00e8 un murale partecipativo che ritrae gli abitanti di Rinco in cammino, nelle due direzioni. Non c\u2019\u00e8 una meta dichiarata. Le figure si muovono mescolate, riconoscibili ma sfumate. Sono le persone vere di Rinco: chi abita qui da generazioni, chi \u00e8 arrivato di recente, chi \u00e8 tornato, chi passa.<\/p>\n<p><strong>Ha ritratto persone che conosceva?<br \/><\/strong>S\u00ec. Alcuni sono paesani che vivono a Rinco da generazioni altri sono nuovi cittadini come me.<\/p>\n<p><strong>Da quanto \u00e8 \u201crinchese\u201d?<br \/><\/strong>Da cinque anni. Non mi sono trasferito definitivamente, vivo un po\u2019 a Rinco, un po\u2019 a Torino.<\/p>\n<p><strong>Come mai ha scelto Rinco?<br \/><\/strong>Sono rimasto colpito dalla bellezza di questa parte di Monferrato: le colline, il vivere lento, il silenzio.<\/p>\n<p><strong>Pensa che ci sia un ritorno nelle campagne?<br \/><\/strong>Nel dopoguerra le citt\u00e0 chiamavano, con la promessa di lavoro stabile, e molti risposero. Le campagne si svuotarono lentamente, le case restarono, i cognomi sulle lapidi ma non sui campanelli.<\/p>\n<p><strong>E\u2019 lo specchio di questo territorio.<br \/><\/strong>Oggi a Rinco convivono almeno due forme di appartenenza. C\u2019\u00e8 chi questo posto lo porta nel sangue: conosce il nome dei campi, il calendario delle feste, il sapore preciso dell\u2019autunno. E c\u2019\u00e8 chi \u00e8 arrivato con gli occhi di chi sceglie come stranieri, cittadini, persone che hanno cercato un luogo lento e lo hanno trovato, ristrutturando una casa, piantando un orto, imparando i nomi dei vicini. Queste due appartenenze si osservano spesso da lontano. E il murale le mette in cammino insieme.<\/p>\n<p><strong>Cosa ha voluto dire con quest\u2019opera?<br \/><\/strong>La direzione verso il passato non \u00e8 nostalgia: \u00e8 radice. La cultura contadina di questi luoghi &#8211; il rapporto con la terra, il senso della comunit\u00e0, il tempo lungo delle stagioni &#8211; non \u00e8 un reperto da museo.\u00a0\u00c8 un\u2019intelligenza pratica che i borghi hanno accumulato per secoli e che rischia di dissolversi nel silenzio demografico. Preservarla non significa imbalsamarla ma tenerla viva attraverso chi la abita. Senza nuova presenza, senza lo sguardo di chi arriva con altri riferimenti e altre energie, un borgo si chiude su se stesso fino a spegnersi.<\/p>\n<p><strong>Bisogna quindi cambiare?<br \/><\/strong>Il cambiamento non \u00e8 nemico: pu\u00f2 esserne la ricchezza, se entra in dialogo con ci\u00f2 che c\u2019era prima. Le figure del murale camminano in entrambe le direzioni perch\u00e9 non esiste una sola risposta giusta. Esiste il movimento e il muoversi insieme. Un paese che si dipinge su un muro dice: siamo ancora qui. E stiamo andando. Insieme.<\/p>\n<p><strong>Come hanno risposto gli abitanti?<br \/><\/strong>Con la tipica discrezione monferrina. Quando ho annunciato che avrei fatto alcuni set fotografici per predisporre il murale hanno partecipato in tanti, poi hanno visto lo sforzo nel realizzarlo per il paese e mi sembra siano molto contenti.<\/p>\n<p><strong>C\u2019erano dei curiosi che si fermavano a guardare mentre realizzava l\u2019opera?<br \/><\/strong>Partiamo dal presupposto che a Rinco c\u2019\u00e8 poco passaggio di persone. E\u2019 capitato che abitanti o turisti si fermassero a guardare, a fare domande. Non \u00e8 una cosa da tutti i giorni vedere un pittore all\u2019opera.<\/p>\n<p><strong>Quanto tempo ci ha messo?<br \/><\/strong>Di esecuzione una ventina di giorni, ma c\u2019\u00e8 stato tutto il lavoro precedente che ha impiegato molti giorni. Dalla progettazione al set fotografico sino alla scelta dei colori.<\/p>\n<p><strong>Tra l\u2019altro lo ha realizzato con il caldo estremo di questa estate?<br \/><\/strong>Esatto. Infatti mi alzavo molto presto e iniziavo a dipingere alle 6 e proseguivo fino alle 11. Poi iniziava a battere il sole sul muro ed era impossibile continuare.<\/p>\n<p><strong>Quando \u00e8 stato inaugurato?<br \/><\/strong>Abbiamo due inaugurazioni. La prima \u00e8 stata gioved\u00ec scorso in occasione della festa di San Bartolomeo, la prossima sar\u00e0 l\u201911 settembre, alle ore 17, che dar\u00e0 il via ufficiale a Germinale Art Fest, la rassegna di arte contemporanea diffusa.<\/p>\n<p><strong>\u201cAndiamo e Veniamo\u201d rientra nella rassegna?<br \/><\/strong>Certamente. Uno degli scopi di Germinale \u00e8 la produzione di almeno un\u2019opera, per ogni edizione, che possa rimanere in modo permanente sul territorio provando cos\u00ec a creare un museo dove l\u2019arte nasce dalle persone e dai luoghi che rappresenta.<\/p>\n","protected":false},"excerpt":{"rendered":"Articolo \u00bb Arte L&#8217;intervista all&#8217;artista Carlo Gloria L&#8217;artista torinese illustra agli abitanti il nuovo murale di Alessandro Anselmo&hellip;\n","protected":false},"author":3,"featured_media":653403,"comment_status":"","ping_status":"","sticky":false,"template":"","format":"standard","meta":{"footnotes":"","_share_on_mastodon":"0"},"categories":[1446],"tags":[1615,1613,1614,1611,1610,13444,13445,1612,203,4820,13443,7889,204,1537,90,89],"class_list":["post-653402","post","type-post","status-publish","format-standard","has-post-thumbnail","category-arte-e-design","tag-arte","tag-arte-e-design","tag-arteedesign","tag-arts","tag-arts-and-design","tag-bisettimanale","tag-casale-monferrato","tag-design","tag-entertainment","tag-giornale","tag-il-monferrato","tag-informazione","tag-intrattenimento","tag-it","tag-italia","tag-italy"],"share_on_mastodon":{"url":"https:\/\/pubeurope.com\/@it\/117172391536823468","error":""},"_links":{"self":[{"href":"https:\/\/www.europesays.com\/it\/wp-json\/wp\/v2\/posts\/653402","targetHints":{"allow":["GET"]}}],"collection":[{"href":"https:\/\/www.europesays.com\/it\/wp-json\/wp\/v2\/posts"}],"about":[{"href":"https:\/\/www.europesays.com\/it\/wp-json\/wp\/v2\/types\/post"}],"author":[{"embeddable":true,"href":"https:\/\/www.europesays.com\/it\/wp-json\/wp\/v2\/users\/3"}],"replies":[{"embeddable":true,"href":"https:\/\/www.europesays.com\/it\/wp-json\/wp\/v2\/comments?post=653402"}],"version-history":[{"count":0,"href":"https:\/\/www.europesays.com\/it\/wp-json\/wp\/v2\/posts\/653402\/revisions"}],"wp:featuredmedia":[{"embeddable":true,"href":"https:\/\/www.europesays.com\/it\/wp-json\/wp\/v2\/media\/653403"}],"wp:attachment":[{"href":"https:\/\/www.europesays.com\/it\/wp-json\/wp\/v2\/media?parent=653402"}],"wp:term":[{"taxonomy":"category","embeddable":true,"href":"https:\/\/www.europesays.com\/it\/wp-json\/wp\/v2\/categories?post=653402"},{"taxonomy":"post_tag","embeddable":true,"href":"https:\/\/www.europesays.com\/it\/wp-json\/wp\/v2\/tags?post=653402"}],"curies":[{"name":"wp","href":"https:\/\/api.w.org\/{rel}","templated":true}]}}