{"id":653412,"date":"2026-08-28T09:25:14","date_gmt":"2026-08-28T09:25:14","guid":{"rendered":"https:\/\/www.europesays.com\/it\/653412\/"},"modified":"2026-08-28T09:25:14","modified_gmt":"2026-08-28T09:25:14","slug":"avevo-sempre-caldo-mi-svegliavo-in-un-bagno-di-sudore-pensavo-fosse-per-lafa-estiva-ma-avevo-un-tumore-al-quarto-stadio","status":"publish","type":"post","link":"https:\/\/www.europesays.com\/it\/653412\/","title":{"rendered":"\u00abAvevo sempre caldo, mi svegliavo in un bagno di sudore: pensavo fosse per l&#8217;afa estiva, ma avevo un tumore al quarto stadio\u00bb"},"content":{"rendered":"<p>&#13;<br \/>\n                               &#13;<br \/>\n                                                &#13;<br \/>\n                &#13;<\/p>\n<p>Svegliarsi ogni mattina bagnata di sudore dopo una notte di sofferenza, con la certezza che fosse solo colpa dell&#8217;afa estiva: \u00e8 quanto ha vissuto per settimane una giovane donna prima di scoprire che <strong>dietro quei sintomi si nascondeva un tumore al quarto stadio<\/strong>. La storia, raccontata a SNS e ripresa da People, \u00e8 quella di Lindsey Walker, oggi 35enne pubblicista di St. Louis, in Missouri, che nel maggio 2018, a 27 anni, ha iniziato ad accusare i primi disturbi.<\/p>\n<p>&#13;<br \/>\n&#13;<br \/>\n&#13;<br \/>\n&#13;<\/p>\n<p>\u00abAvevo davvero, davvero caldo, ricordo che mi svegliavo e la mia camicia da notte era completamente fradicia\u00bb, ha raccontato Walker. \u00abI capelli erano umidi, era come svegliarsi in una pozzanghera. E non succedeva solo di notte. Sembrava di avere la febbre alta in continuazione\u00bb. Con le temperature che ad Atlanta toccavano i 38 gradi, per\u00f2, era facile liquidare il problema come un effetto del clima: \u00abEra estate\u00bb, ha spiegato. \u00abHo dato la colpa al condizionatore rotto e alle ondate di calore\u00bb.<\/p>\n<p>&#13;<br \/>\n&#13;<br \/>\nLa corsa in ospedale&#13;<br \/>\n&#13;<\/p>\n<p>Con il passare del tempo, ai sudori notturni si sono aggiunti <strong>sintomi simili a quelli di un raffreddore<\/strong>, sempre pi\u00f9 persistenti, finch\u00e9 \u00e8 stata un&#8217;amica a convincerla ad andare in ospedale. \u00abEro al telefono con la mia amica una sera, e la mia tosse si \u00e8 trasformata in un forte affanno\u00bb, ha ricordato Walker. \u00abSentivo che non riuscivo a respirare e la mia amica mi ha detto che dovevo andare in ospedale. Le ho detto che era solo una brutta tosse, ma lei ha insistito\u00bb. Una volta arrivata al pronto soccorso, i medici hanno individuato \u00abuna grossa massa\u00bb nel torace: \u00abEra avvolta completamente intorno al cuore. Era quello che causava la respirazione difficoltosa\u00bb, ha raccontato.<\/p>\n<p>&#13;<br \/>\n&#13;<br \/>\nLa diagnosi e la chemio&#13;<br \/>\n&#13;<\/p>\n<p>Dopo una biopsia, a\u00a0luglio 2018 a Walker \u00e8 stato diagnosticato un <strong>linfoma di Hodgkin al quarto stadio<\/strong>, un tumore del sangue: i medici le hanno spiegato che la sudorazione eccessiva era uno dei sintomi tipici della malattia. \u00abEro incredula, perch\u00e9 all&#8217;epoca avevo solo 27 anni. <\/p>\n<p>Non riuscivo a capacitarmene\u00bb, ha detto. La donna \u00e8 quindi tornata nella sua citt\u00e0 natale, St. Louis, per avere il sostegno della famiglia durante la chemioterapia, definita \u00abbrutale\u00bb: \u00abNon lo augurerei al mio peggior nemico. \u00c8 una specie di inferno in terra, \u00e8 stato molto difficile\u00bb, ha raccontato. \u00abHo perso i capelli, ero estremamente stanca, non avevo energie\u00bb. Durante le cure, Walker ha anche sviluppato un coagulo di sangue a una gamba: \u00abEra cos\u00ec doloroso che non riuscivo a fare un solo passo senza che tutto il corpo mi facesse male\u00bb.&#13;<br \/>\n&#13;<br \/>\nLa guarigione e l&#8217;appello&#13;<br \/>\n&#13;<\/p>\n<p>Le cure, fortunatamente, hanno funzionato, e nel giro di pochi mesi il tumore \u00e8 scomparso: \u00abSono stata diagnosticata il 2 luglio, e\u00a0la prima settimana di settembre non c&#8217;era gi\u00e0 pi\u00f9 traccia della malattia. Anche i medici erano stupiti che fosse successo cos\u00ec in fretta\u00bb, ha raccontato. L&#8217;esperienza l&#8217;ha spinta a scrivere un libro sul proprio percorso, &#8220;Thriving Through the Storm&#8221;: \u00abDurante il trattamento ero cos\u00ec concentrata sul guarire che non riuscivo davvero a elaborare quello che mi stava succedendo. Scrivere il libro mi ha aiutata molto. Ho anche iniziato un percorso in terapia per lavorare sul lutto e sulla condizione di sopravvissuta\u00bb.<\/p>\n<p>&#13;<br \/>\n&#13;<\/p>\n<p>Oggi, mentre continua a prendersi cura della propria salute, Walker spera che la sua storia serva a far conoscere meglio i sintomi comuni del cancro e a spingere le persone a rivolgersi al medico per tempo: \u00abSe non vi sentite bene, non ignoratelo. Ascoltate il vostro corpo e prestate attenzione ai segnali\u00bb.<\/p>\n<p>                                &#13;<br \/>\n                &#13;<br \/>\n&#13;<br \/>\n                Ultimo aggiornamento: venerd\u00ec 28 agosto 2026, 05:00&#13;<br \/>\n                <br \/>&#13;<br \/>\n                &#13;<br \/>\n                  &#13;<br \/>\n                    &#13;<br \/>\n                        \u00a9 RIPRODUZIONE RISERVATA&#13;<\/p>\n<p>&#13;<\/p>\n<p>                    &#13;<\/p>\n","protected":false},"excerpt":{"rendered":"&#13; &#13; &#13; &#13; Svegliarsi ogni mattina bagnata di sudore dopo una notte di sofferenza, con la certezza&hellip;\n","protected":false},"author":3,"featured_media":653413,"comment_status":"","ping_status":"","sticky":false,"template":"","format":"standard","meta":{"footnotes":"","_share_on_mastodon":"0"},"categories":[174],"tags":[1534,203,204,1537,90,89,360460,373,1900],"class_list":["post-653412","post","type-post","status-publish","format-standard","has-post-thumbnail","category-intrattenimento","tag-caldo","tag-entertainment","tag-intrattenimento","tag-it","tag-italia","tag-italy","tag-lindsey-walker","tag-sintomi","tag-tumore"],"share_on_mastodon":{"url":"https:\/\/pubeurope.com\/@it\/117172419152125636","error":""},"_links":{"self":[{"href":"https:\/\/www.europesays.com\/it\/wp-json\/wp\/v2\/posts\/653412","targetHints":{"allow":["GET"]}}],"collection":[{"href":"https:\/\/www.europesays.com\/it\/wp-json\/wp\/v2\/posts"}],"about":[{"href":"https:\/\/www.europesays.com\/it\/wp-json\/wp\/v2\/types\/post"}],"author":[{"embeddable":true,"href":"https:\/\/www.europesays.com\/it\/wp-json\/wp\/v2\/users\/3"}],"replies":[{"embeddable":true,"href":"https:\/\/www.europesays.com\/it\/wp-json\/wp\/v2\/comments?post=653412"}],"version-history":[{"count":0,"href":"https:\/\/www.europesays.com\/it\/wp-json\/wp\/v2\/posts\/653412\/revisions"}],"wp:featuredmedia":[{"embeddable":true,"href":"https:\/\/www.europesays.com\/it\/wp-json\/wp\/v2\/media\/653413"}],"wp:attachment":[{"href":"https:\/\/www.europesays.com\/it\/wp-json\/wp\/v2\/media?parent=653412"}],"wp:term":[{"taxonomy":"category","embeddable":true,"href":"https:\/\/www.europesays.com\/it\/wp-json\/wp\/v2\/categories?post=653412"},{"taxonomy":"post_tag","embeddable":true,"href":"https:\/\/www.europesays.com\/it\/wp-json\/wp\/v2\/tags?post=653412"}],"curies":[{"name":"wp","href":"https:\/\/api.w.org\/{rel}","templated":true}]}}