{"id":653424,"date":"2026-08-28T09:38:22","date_gmt":"2026-08-28T09:38:22","guid":{"rendered":"https:\/\/www.europesays.com\/it\/653424\/"},"modified":"2026-08-28T09:38:22","modified_gmt":"2026-08-28T09:38:22","slug":"cobolli-che-antipasto-batte-alcaraz-nel-warm-up-degli-us-open-e-si-prende-litalia-orfana-di-sinner","status":"publish","type":"post","link":"https:\/\/www.europesays.com\/it\/653424\/","title":{"rendered":"Cobolli, che antipasto! Batte Alcaraz nel warm up degli US Open e si prende l&#8217;Italia orfana di Sinner"},"content":{"rendered":"<p>            Poi c&#8217;\u00e8 l&#8217;altra Italia <\/p>\n<p>Mentre Cobolli si prende l&#8217;Arthur Ashe, nelle qualificazioni \u00e8 arrivata una prima selezione dolorosa. <strong>Diciassette italiani erano partiti alla ricerca del main draw<\/strong>. Dopo il derby tra Luca Nardi e Federico Cin\u00e0, il siciliano \u00e8 stato quello capace di superare il turno.<\/p>\n<p><strong>Una vittoria che racconta un&#8217;altra parte del tennis italiano<\/strong>: quella dei ragazzi che devono conquistarsi ogni centimetro, lontano dai riflettori, passando attraverso le qualificazioni e vivendo ogni partita come un esame.<\/p>\n<p>Cin\u00e0 adesso pu\u00f2 continuare a sognare. <strong>E il sogno \u00e8 semplice<\/strong>: entrare nel tabellone principale dello Slam newyorkese.<\/p>\n","protected":false},"excerpt":{"rendered":"Poi c&#8217;\u00e8 l&#8217;altra Italia Mentre Cobolli si prende l&#8217;Arthur Ashe, nelle qualificazioni \u00e8 arrivata una prima selezione dolorosa.&hellip;\n","protected":false},"author":3,"featured_media":650966,"comment_status":"","ping_status":"","sticky":false,"template":"","format":"standard","meta":{"footnotes":"","_share_on_mastodon":"0"},"categories":[1457],"tags":[1265,20222,1537,90,89,366,245,244,1273,6665],"class_list":["post-653424","post","type-post","status-publish","format-standard","has-post-thumbnail","category-tennis","tag-alcaraz","tag-cobolli","tag-it","tag-italia","tag-italy","tag-sinner","tag-sport","tag-sports","tag-tennis","tag-us-open"],"share_on_mastodon":{"url":"https:\/\/pubeurope.com\/@it\/117172470333798049","error":""},"_links":{"self":[{"href":"https:\/\/www.europesays.com\/it\/wp-json\/wp\/v2\/posts\/653424","targetHints":{"allow":["GET"]}}],"collection":[{"href":"https:\/\/www.europesays.com\/it\/wp-json\/wp\/v2\/posts"}],"about":[{"href":"https:\/\/www.europesays.com\/it\/wp-json\/wp\/v2\/types\/post"}],"author":[{"embeddable":true,"href":"https:\/\/www.europesays.com\/it\/wp-json\/wp\/v2\/users\/3"}],"replies":[{"embeddable":true,"href":"https:\/\/www.europesays.com\/it\/wp-json\/wp\/v2\/comments?post=653424"}],"version-history":[{"count":0,"href":"https:\/\/www.europesays.com\/it\/wp-json\/wp\/v2\/posts\/653424\/revisions"}],"wp:featuredmedia":[{"embeddable":true,"href":"https:\/\/www.europesays.com\/it\/wp-json\/wp\/v2\/media\/650966"}],"wp:attachment":[{"href":"https:\/\/www.europesays.com\/it\/wp-json\/wp\/v2\/media?parent=653424"}],"wp:term":[{"taxonomy":"category","embeddable":true,"href":"https:\/\/www.europesays.com\/it\/wp-json\/wp\/v2\/categories?post=653424"},{"taxonomy":"post_tag","embeddable":true,"href":"https:\/\/www.europesays.com\/it\/wp-json\/wp\/v2\/tags?post=653424"}],"curies":[{"name":"wp","href":"https:\/\/api.w.org\/{rel}","templated":true}]}}