{"id":653454,"date":"2026-08-28T10:05:15","date_gmt":"2026-08-28T10:05:15","guid":{"rendered":"https:\/\/www.europesays.com\/it\/653454\/"},"modified":"2026-08-28T10:05:15","modified_gmt":"2026-08-28T10:05:15","slug":"roger-federer-esalta-jodar-e-avverte-alcaraz-deve-superare-i-primi-tre-round","status":"publish","type":"post","link":"https:\/\/www.europesays.com\/it\/653454\/","title":{"rendered":"Roger Federer esalta J\u00f3dar e avverte Alcaraz: &#8220;Deve superare i primi tre round&#8221;"},"content":{"rendered":"<p><strong>Roger Federer<\/strong> si prepara a vivere un altro momento simbolico della sua carriera, ma il suo sguardo continua a essere rivolto al presente e soprattutto al futuro del tennis. <strong>Intervistato da ESPN<\/strong>, l\u2019ex numero uno del mondo ha analizzato alcune delle storie pi\u00f9 interessanti del circuito, soffermandosi tanto sulla nuova generazione quanto sulle prospettive di<strong> Carlos Alcaraz agli US Open<\/strong>.<\/p>\n<p>Tra i nomi che pi\u00f9 hanno colpito Federer c\u2019\u00e8 quello di <strong>Rafael J\u00f3dar<\/strong>. La crescita del giovane spagnolo, secondo il campione svizzero, ha avuto un\u2019accelerazione difficile da prevedere e ancora pi\u00f9 difficile da ignorare. \u201cPenso che l\u2019ascesa di J\u00f3dar sia stata incredibile. Qualche mese fa non l\u2019avrei mai immaginato, e non credo che l\u2019avrebbe immaginato nessuno\u201c, <strong>ha spiegato<\/strong>.<\/p>\n<p>Non \u00e8 soltanto la rapidit\u00e0 con cui J\u00f3dar si \u00e8 imposto ad aver attirato la sua attenzione. <strong>A impressionare l\u2019ex campione svizzero \u00e8 soprattutto la capacit\u00e0 del giovane di sostenere nel tempo un rendimento di alto livello<\/strong>. \u201cIl modo in cui riesce a mantenere questo livello \u00e8 straordinario\u201c, <strong>ha aggiunto Federer<\/strong>, che ha poi allargato il discorso ad altri due talenti particolarmente interessanti: Ben Shelton e Joao Fonseca. \u201cMi piace anche Ben, e mi diverto a guardare Fonseca giocare. Sono entrambi grandi battitori, giocatori che cercano i colpi potenti, e hanno anche una grande personalit\u00e0\u201c.<\/p>\n<p><strong>Un\u2019osservazione che racconta bene ci\u00f2 che Federer sembra cercare nei protagonisti della nuova generazione<\/strong>: non soltanto qualit\u00e0 tecnica, ma anche personalit\u00e0 e la capacit\u00e0 di imporre un\u2019identit\u00e0 precisa al proprio tennis.<\/p>\n<p><strong>L\u2019attenzione si \u00e8 poi spostata su Alcaraz e sulle difficolt\u00e0 che lo spagnolo potrebbe incontrare dopo un periodo di inattivit\u00e0<\/strong>. Per Federer, per\u00f2, non esiste una risposta valida a prescindere. La variabile decisiva \u00e8 il lavoro svolto durante la pausa. \u201cCredo dipenda. Probabilmente non lo sapremo senza informazioni pi\u00f9 specifiche. Da quanto tempo si allena? \u00c8 riuscito ad allenarsi al massimo delle sue capacit\u00e0? Da quanto tempo si allena? Una settimana? Un mese? Penso che questo faccia la differenza\u201c.<\/p>\n<p>Il ragionamento di Federer parte dunque da un principio molto concreto: <strong>il tempo trascorso lontano dalle competizioni conta, ma conta ancora di pi\u00f9 la qualit\u00e0 della preparazione effettuata prima del ritorno in campo<\/strong>. \u201cSe \u00e8 passata solo una settimana, penso che sar\u00e0 molto difficile. Se invece \u00e8 passato un mese, gli do buone possibilit\u00e0 di ritrovare presto il suo ritmo. Deve superare i primi tre round per iniziare a ingranare\u201c.<\/p>\n<p>\u00c8 soprattutto l\u2019avvio del torneo a rappresentare, nell\u2019analisi di Federer, il passaggio pi\u00f9 delicato. <strong>Carlitos avrebbe bisogno di superare i primi ostacoli per ritrovare progressivamente sensazioni, fiducia e ritmo partita<\/strong>.\u00a0Federer ha infine ribadito il peso che pu\u00f2 avere una preparazione sufficientemente lunga e di qualit\u00e0. \u201cSe ha avuto un mese di allenamento di qualit\u00e0, o almeno pi\u00f9 di una settimana, penso che questo lo aiuter\u00e0 davvero a sentirsi in grado di vincere il torneo\u201c.<\/p>\n","protected":false},"excerpt":{"rendered":"Roger Federer si prepara a vivere un altro momento simbolico della sua carriera, ma il suo sguardo continua&hellip;\n","protected":false},"author":3,"featured_media":653455,"comment_status":"","ping_status":"","sticky":false,"template":"","format":"standard","meta":{"footnotes":"","_share_on_mastodon":"0"},"categories":[1457],"tags":[4627,1537,90,89,141613,15585,245,244,1273,165556],"class_list":["post-653454","post","type-post","status-publish","format-standard","has-post-thumbnail","category-tennis","tag-carlos-alcaraz","tag-it","tag-italia","tag-italy","tag-rafael-jodar","tag-roger-federer","tag-sport","tag-sports","tag-tennis","tag-us-open-2026"],"share_on_mastodon":{"url":"https:\/\/pubeurope.com\/@it\/117172576487221818","error":""},"_links":{"self":[{"href":"https:\/\/www.europesays.com\/it\/wp-json\/wp\/v2\/posts\/653454","targetHints":{"allow":["GET"]}}],"collection":[{"href":"https:\/\/www.europesays.com\/it\/wp-json\/wp\/v2\/posts"}],"about":[{"href":"https:\/\/www.europesays.com\/it\/wp-json\/wp\/v2\/types\/post"}],"author":[{"embeddable":true,"href":"https:\/\/www.europesays.com\/it\/wp-json\/wp\/v2\/users\/3"}],"replies":[{"embeddable":true,"href":"https:\/\/www.europesays.com\/it\/wp-json\/wp\/v2\/comments?post=653454"}],"version-history":[{"count":0,"href":"https:\/\/www.europesays.com\/it\/wp-json\/wp\/v2\/posts\/653454\/revisions"}],"wp:featuredmedia":[{"embeddable":true,"href":"https:\/\/www.europesays.com\/it\/wp-json\/wp\/v2\/media\/653455"}],"wp:attachment":[{"href":"https:\/\/www.europesays.com\/it\/wp-json\/wp\/v2\/media?parent=653454"}],"wp:term":[{"taxonomy":"category","embeddable":true,"href":"https:\/\/www.europesays.com\/it\/wp-json\/wp\/v2\/categories?post=653454"},{"taxonomy":"post_tag","embeddable":true,"href":"https:\/\/www.europesays.com\/it\/wp-json\/wp\/v2\/tags?post=653454"}],"curies":[{"name":"wp","href":"https:\/\/api.w.org\/{rel}","templated":true}]}}