{"id":653495,"date":"2026-08-28T10:39:14","date_gmt":"2026-08-28T10:39:14","guid":{"rendered":"https:\/\/www.europesays.com\/it\/653495\/"},"modified":"2026-08-28T10:39:14","modified_gmt":"2026-08-28T10:39:14","slug":"mogliano-una-statua-di-toni-benetton-davanti-al-duomo-per-i-30-anni-dalla-morte","status":"publish","type":"post","link":"https:\/\/www.europesays.com\/it\/653495\/","title":{"rendered":"Mogliano, una statua di Toni Benetton davanti al Duomo per i 30 anni dalla morte"},"content":{"rendered":"<p>A trent\u2019anni dalla scomparsa di Toni Benetton, Mogliano Veneto celebra uno dei suoi artisti pi\u00f9 rappresentativi, che qui ha vissuto e lavorato a lungo, lasciando un\u2019eredit\u00e0 culturale ancora viva: il Museo \u201cToni Benetton\u201d a Villa Marignana, la memoria della sua officina-atelier e l\u2019esperienza dell\u2019Accademia del Ferro, nata proprio a Mogliano.<\/p>\n<p>\u00abPer ricordare l\u2019anniversario &#8211; spiega il sindaco Davide Bortolato &#8211; Mogliano ha portato l\u2019opera di Benetton nel cuore del centro storico riqualificato: nell\u2019area pedonale di fronte al Duomo \u00e8 stata installata una tra le sue opere pi\u00f9 significative, la Deposizione, che rester\u00e0 visibile per sei mesi\u00bb. Il progetto intende riportare l\u2019attenzione su una figura capace di trasformare il ferro in linguaggio artistico, con una ricerca riconosciuta ben oltre i confini locali, e al tempo stesso riaffermare il legame profondo tra Benetton e Mogliano Veneto, citt\u00e0 che custodisce la parte pi\u00f9 consistente delle sue opere, non solo nel museo a lui dedicato, ma anche in molti luoghi pubblici. L\u2019installazione dell\u2019opera \u00e8 stata curata questa mattina dal figlio dell\u2019artista, Giovanni Benetton, direttore del museo dedicato al padre di via Marignana. Soddisfatto anche l\u2019Assessore alla Cultura, Giorgio Copparoni: \u00abQuella collocata oggi davanti al Duomo \u00e8 un\u2019opera particolarmente significativa nel percorso artistico di Toni Benetton: risale al 1961 ed \u00e8 una delle sue ultime opere figurative, prima della svolta che caratterizzer\u00e0 la sua ricerca successiva. Raffigura la Deposizione, con la Madonna e il corpo di Cristo, in un evidente dialogo con la celebre Piet\u00e0 di Michelangelo. Portarla nel cuore di Mogliano, davanti al Duomo, significa restituire alla citt\u00e0 un\u2019opera che rappresenta una fase importante della produzione di un artista profondamente legato al nostro territorio\u00bb.<\/p>\n<p><strong>L&#8217;artista<\/strong><\/p>\n<p>Toni Benetton (Treviso, 16 febbraio 1910 \u2013 Treviso, 27 febbraio 1996) \u00e8 stato uno dei maggiori scultori italiani del Novecento nell\u2019ambito della scultura in ferro e delle macrosculture. Avviato giovanissimo al lavoro del ferro in officina, si \u00e8 formato anche all\u2019Accademia di Belle Arti di Venezia, sviluppando nel tempo una produzione monumentale e una cifra espressiva personale, centrata su forme potenti e sul dialogo tra materia, spazio e movimento. Nel 1967, a Villa \u201cLa Marignana\u201d in localit\u00e0 Marocco di Mogliano Veneto, fond\u00f2 l\u2019Accademia Internazionale del Ferro Battuto, pensata come scuola e punto di riferimento per la lavorazione artistica del ferro; l\u2019esperienza prosegu\u00ec fino al 1980. Proprio a Mogliano Veneto ha sede il Museo \u201cToni Benetton\u201d, ospitato nelle ex cantine di Villa Marignana, che raccoglie un nucleo fondamentale delle sue opere e ne valorizza il percorso.<\/p>\n","protected":false},"excerpt":{"rendered":"A trent\u2019anni dalla scomparsa di Toni Benetton, Mogliano Veneto celebra uno dei suoi artisti pi\u00f9 rappresentativi, che qui&hellip;\n","protected":false},"author":3,"featured_media":653496,"comment_status":"","ping_status":"","sticky":false,"template":"","format":"standard","meta":{"footnotes":"","_share_on_mastodon":"0"},"categories":[1446],"tags":[30826,1615,1613,1614,1611,1610,1644,1612,203,204,1537,90,89,964,4456],"class_list":["post-653495","post","type-post","status-publish","format-standard","has-post-thumbnail","category-arte-e-design","tag-anniversario","tag-arte","tag-arte-e-design","tag-arteedesign","tag-arts","tag-arts-and-design","tag-cultura","tag-design","tag-entertainment","tag-intrattenimento","tag-it","tag-italia","tag-italy","tag-morte","tag-scultura"],"share_on_mastodon":{"url":"https:\/\/pubeurope.com\/@it\/117172710095929132","error":""},"_links":{"self":[{"href":"https:\/\/www.europesays.com\/it\/wp-json\/wp\/v2\/posts\/653495","targetHints":{"allow":["GET"]}}],"collection":[{"href":"https:\/\/www.europesays.com\/it\/wp-json\/wp\/v2\/posts"}],"about":[{"href":"https:\/\/www.europesays.com\/it\/wp-json\/wp\/v2\/types\/post"}],"author":[{"embeddable":true,"href":"https:\/\/www.europesays.com\/it\/wp-json\/wp\/v2\/users\/3"}],"replies":[{"embeddable":true,"href":"https:\/\/www.europesays.com\/it\/wp-json\/wp\/v2\/comments?post=653495"}],"version-history":[{"count":0,"href":"https:\/\/www.europesays.com\/it\/wp-json\/wp\/v2\/posts\/653495\/revisions"}],"wp:featuredmedia":[{"embeddable":true,"href":"https:\/\/www.europesays.com\/it\/wp-json\/wp\/v2\/media\/653496"}],"wp:attachment":[{"href":"https:\/\/www.europesays.com\/it\/wp-json\/wp\/v2\/media?parent=653495"}],"wp:term":[{"taxonomy":"category","embeddable":true,"href":"https:\/\/www.europesays.com\/it\/wp-json\/wp\/v2\/categories?post=653495"},{"taxonomy":"post_tag","embeddable":true,"href":"https:\/\/www.europesays.com\/it\/wp-json\/wp\/v2\/tags?post=653495"}],"curies":[{"name":"wp","href":"https:\/\/api.w.org\/{rel}","templated":true}]}}