{"id":653600,"date":"2026-08-28T12:05:17","date_gmt":"2026-08-28T12:05:17","guid":{"rendered":"https:\/\/www.europesays.com\/it\/653600\/"},"modified":"2026-08-28T12:05:17","modified_gmt":"2026-08-28T12:05:17","slug":"chivu-lautaro-capitano-pio-importante-e-tra-il-mercato-e-i-giovani","status":"publish","type":"post","link":"https:\/\/www.europesays.com\/it\/653600\/","title":{"rendered":"Chivu: &#8220;Lautaro capitano, Pio importante, e tra il mercato e i giovani&#8230;&#8221;"},"content":{"rendered":"<p>                                L&#8217;allenatore nerazzurro ha commentato anche il mercato del club: &#8220;\u00c8 stato lucido: Jones sa fare tanto, ha caratteristiche che magari non avevamo.\u00a0\u00c8 molto simile alle nostre idee e alle abitudini di questa squadra&#8221;<\/p>\n<p class=\"paragraph\" spellcheck=\"true\">Ha parlato di tutto, Cristian Chivu: di Lautaro Martinez, di Pio Esposito, dei giovani e del mercato del club. E l&#8217;ha fatto nel corso di un&#8217;intervista doppia concessa a SportMediaset e Sky. &#8220;Il Toro \u00e8 il nostro capitano, per quello che \u00e8 l&#8217;amore suo nei confronti di questi colori, questo sentimento in questa squadra, in questo gruppo, per quello che \u00e8 stata magari la delusione di una finale Coppa del Mondo persa &#8211; esordisce il tecnico nerazzurro -. L&#8217;ho visto molto motivato, l&#8217;ho visto con l&#8217;ambizione giusta appena finito il Mondiale, \u00e8 tornato dalle vacanze in anticipo e ha iniziato a lavorare gi\u00e0 in vacanza. Lo vedo quasi pronto per fare una grande stagione&#8221;. La domanda successiva \u00e8 relativa al compagno di reparto dell&#8217;argentino, colui che si candida per giocatore titolare anche a Cagliari. L&#8217;uomo del momento: Pio Esposito. &#8220;Noi non abbiamo titolari fissi perch\u00e9 i posti fissi non esistono nel calcio &#8211; aggiunge Chivu -, perch\u00e9 a noi interessa a livello di competitivit\u00e0, interessa l&#8217;individuo che mette a disposizione del gruppo tutte quelle che sono le sue caratteristiche. Pio \u00e8 importante per noi in molte partite, per come sa stare in gruppo, per come si allena e alza il livello dei suoi compagni di reparto&#8221;. E il mercato? &#8220;\u00c8 stato lucido, abbiamo cercato di portare pi\u00f9 qualit\u00e0 e di alzare il livello per quanto riguarda una rosa gi\u00e0 forte, competitiva, che l&#8217;ha dimostrato negli anni scorsi. Noi abbiamo l&#8217;obbligo di mantenere un livello alto, ci\u00f2 che questa societ\u00e0 negli ultimi anni ha fatto. Jones sa fare tanto, ha caratteristiche che magari non avevamo.\u00a0\u00c8 molto simile alle nostre idee, alle abitudini di questa squadra: cercavamo uno bravo in progressione, a gestire la palla, in costruzione e in finalizzazione&#8221;. La chiosa \u00e8 sull&#8217;ipotetica aggiunta dal mercato di un altro attaccante: &#8220;Noi abbiamo il quinto, il sesto, il settimo attaccante, non necessariamente in questo ordine. Ci sono Lavelli, Mosconi e Iddrissou&#8221;.<\/p>\n","protected":false},"excerpt":{"rendered":"L&#8217;allenatore nerazzurro ha commentato anche il mercato del club: &#8220;\u00c8 stato lucido: Jones sa fare tanto, ha caratteristiche&hellip;\n","protected":false},"author":3,"featured_media":653601,"comment_status":"","ping_status":"","sticky":false,"template":"","format":"standard","meta":{"footnotes":"","_share_on_mastodon":"0"},"categories":[176],"tags":[25653,360520,562,23885,360521,360522,2839,158256,554,7171,680,6108,360523,360524,48,18240,1537,90,89,4798,6110,1412,7173,6193,245,244,1857],"class_list":["post-653600","post","type-post","status-publish","format-standard","has-post-thumbnail","category-sport","tag-abitudini","tag-abitudini-squadra","tag-attaccante","tag-caratteristiche","tag-caratteristiche-simile","tag-caratteristiche-simile-idee","tag-chivu","tag-chivu-lautaro","tag-club","tag-esposito","tag-fissi","tag-idee","tag-idee-abitudini","tag-idee-abitudini-squadra","tag-importante","tag-interessa","tag-it","tag-italia","tag-italy","tag-jones","tag-livello","tag-mercato","tag-pio","tag-sa","tag-sport","tag-sports","tag-squadra"],"share_on_mastodon":{"url":"","error":""},"_links":{"self":[{"href":"https:\/\/www.europesays.com\/it\/wp-json\/wp\/v2\/posts\/653600","targetHints":{"allow":["GET"]}}],"collection":[{"href":"https:\/\/www.europesays.com\/it\/wp-json\/wp\/v2\/posts"}],"about":[{"href":"https:\/\/www.europesays.com\/it\/wp-json\/wp\/v2\/types\/post"}],"author":[{"embeddable":true,"href":"https:\/\/www.europesays.com\/it\/wp-json\/wp\/v2\/users\/3"}],"replies":[{"embeddable":true,"href":"https:\/\/www.europesays.com\/it\/wp-json\/wp\/v2\/comments?post=653600"}],"version-history":[{"count":0,"href":"https:\/\/www.europesays.com\/it\/wp-json\/wp\/v2\/posts\/653600\/revisions"}],"wp:featuredmedia":[{"embeddable":true,"href":"https:\/\/www.europesays.com\/it\/wp-json\/wp\/v2\/media\/653601"}],"wp:attachment":[{"href":"https:\/\/www.europesays.com\/it\/wp-json\/wp\/v2\/media?parent=653600"}],"wp:term":[{"taxonomy":"category","embeddable":true,"href":"https:\/\/www.europesays.com\/it\/wp-json\/wp\/v2\/categories?post=653600"},{"taxonomy":"post_tag","embeddable":true,"href":"https:\/\/www.europesays.com\/it\/wp-json\/wp\/v2\/tags?post=653600"}],"curies":[{"name":"wp","href":"https:\/\/api.w.org\/{rel}","templated":true}]}}