{"id":653632,"date":"2026-08-28T12:30:19","date_gmt":"2026-08-28T12:30:19","guid":{"rendered":"https:\/\/www.europesays.com\/it\/653632\/"},"modified":"2026-08-28T12:30:19","modified_gmt":"2026-08-28T12:30:19","slug":"alfa-e-gigi-dalessio-e-uscito-il-singolo-genova-e-napoli-testo-e-significato-i-sky-tg24","status":"publish","type":"post","link":"https:\/\/www.europesays.com\/it\/653632\/","title":{"rendered":"Alfa e Gigi D&#8217;Alessio, \u00e8 uscito il singolo Genova e Napoli: testo e significato I Sky TG24"},"content":{"rendered":"<p><strong>Alfa<\/strong> e <strong>Gigi<\/strong> <strong>D\u2019Alessio<\/strong> hanno pubblicato il brano\u00a0Genova e Napoli, presentato allo Stadio Luigi Ferraris di Genova in occasione della prima giornata di campionato di Serie A. La canzone celebra l\u2019unione di due citt\u00e0, legate da passioni e sentimenti. Come riportato dall\u2019<a data-intcmp-qp=\"skytg24_foglia articolo_interlink_text\" href=\"https:\/\/www.ansa.it\/sito\/photogallery\/spettacolo\/2026\/08\/24\/esce-genova-e-napoli-il-nuovo-brano-di-alfa-e-gigi-dalessio_b0e5c823-0463-40e5-862f-456c369879ba.html\" rel=\"nofollow noopener\" target=\"_blank\">ANSA<\/a>, l&#8217;artista napoletano ha raccontato: \u201cGenova e Napoli si assomigliano proprio cos\u00ec: cantano, sognano, amano e tifano con la stessa intensit\u00e0\u201d.<\/p>\n<p>\t\t \talfa e gigi d\u2019alessio, il testo e il significato di genova e napoli<\/p>\n<p>\u00a0<\/p>\n<p>Venerd\u00ec 28 agosto <a data-intcmp=\"skytg24_foglia articolo_interlink_text\" href=\"https:\/\/tg24.sky.it\/spettacolo\/musica\/approfondimenti\/alfa-sanremo-2024\" rel=\"nofollow noopener\" target=\"_blank\">Alfa<\/a> e <a data-intcmp=\"skytg24_foglia articolo_interlink_text\" href=\"https:\/\/tg24.sky.it\/spettacolo\/2025\/12\/02\/gigi-dalessio-album-nuje\" rel=\"nofollow noopener\" target=\"_blank\">Gigi D\u2019Alessio<\/a> hanno pubblicato l\u2019attesa collaborazione Genova e Napoli. Stando a quanto rilanciato dall\u2019ANSA, Alfa ha spiegato: \u201cIn realt\u00e0 Genova e Napoli si parlano da sempre. Sono due citt\u00e0 di mare, due porti dove le persone, le storie e le canzoni sono sempre arrivate e ripartite. La canzone napoletana \u00e8 una delle radici della musica italiana. E non \u00e8 un caso che, prima ancora che nascesse il Festival di Sanremo, come lo conosciamo oggi, proprio a Sanremo si celebrasse la grande tradizione della canzone napoletana. Poi \u00e8 arrivata la scuola dei cantautori genovesi. De Andr\u00e9 ha scelto di scrivere Don Raffa\u00e8 in napoletano, Gino Paoli ha dedicato un disco alla canzone napoletana\u201d.<\/p>\n<p>\u00a0<\/p>\n<p>Infine, il cantautore ha concluso: \u201cQuel dialogo, in fondo, non si \u00e8 mai interrotto. Noi abbiamo solo provato ad aggiungere una pagina a questa storia\u201d. Gigi D\u2019Alessio ha aggiunto: \u201cGenova e Napoli \u00e8 una canzone d&#8217;amore: racconta due citt\u00e0 che, pur essendo lontane, condividono la stessa anima, la stessa passione e lo stesso modo di vivere i sentimenti. Genova e Napoli si assomigliano proprio cos\u00ec: cantano, sognano, amano e tifano con la stessa intensit\u00e0\u201d.<\/p>\n<p>\t\t\t<a class=\"c-inline-card j-inline-card c-inline-card--with-image\" href=\"https:\/\/tg24.sky.it\/spettacolo\/musica\/2026\/01\/23\/gigi-d-alessio-mezze-verita\" rel=\"follow nofollow noopener\" data-intcmp=\"skytg24_articolo_approfondimenti_inline\" target=\"_blank\"><\/p>\n<p>\t\t\t         <img decoding=\"async\" crossorigin=\"anonymous\" alt=\"\"  loading=\"lazy\"  src=\"https:\/\/www.europesays.com\/it\/wp-content\/uploads\/2026\/02\/gigidalessiogetty.jpg\"\/><\/p>\n<p>\n\t\t\t         Approfondimento<br \/>\n\t\t\t         Gigi D\u2019Alessio, testo e significato del singolo Mezze verit\u00e0\n\t\t\t      <\/p>\n<p>\t\t\t<\/a><\/p>\n<p>Nelle prossime settimane Alfa (<strong><a data-intcmp=\"skytg24_foglia articolo_interlink_text\" href=\"https:\/\/tg24.sky.it\/spettacolo\/musica\/approfondimenti\/alfa-sanremo-2024\" rel=\"nofollow noopener\" target=\"_blank\">FOTO<\/a><\/strong>) proseguir\u00e0 la sua lunga serie di appuntamenti live. Grande attesa per il concerto all\u2019Arena di Verona. Il giovane cantautore ha raccontato sul profilo Instagram: \u201cSuonare in uno dei posti pi\u00f9 belli del mondo \u00e8 gi\u00e0 una cosa enorme ma farla tutta piena assieme a voi \u00e8 proprio fuori scala. Stiamo preparando uno show fatto apposta per quella sera. Sar\u00e0 una notte che ci ricorderemo per tutta la vita&#8221;.<\/p>\n<p>\u00a0<\/p>\n<p>Il 14 novembre Gigi D\u2019Alessio dar\u00e0 il via al tour nei palazzetti. Previsti appuntamenti in nove citt\u00e0: Roma, Bologna, Bergamo, Padova, Messina, Reggio Calabria, Bari, Firenze e Torino.\u00a0Questo <strong>il testo <\/strong>della canzone Genova e Napoli di Alfa e Gigi D\u2019Alessio:<\/p>\n<p>\u00a0<\/p>\n<p>Un amore quando ami troppo<\/p>\n<p>\u00e8 pi\u00f9 difficile da mantenere<\/p>\n<p>perch\u00e9 noi siamo due citt\u00e0 di porto<\/p>\n<p>non siamo fatti per rimanere<\/p>\n<p>ed ho imparato anche a dormire storto<\/p>\n<p>per non finire mai nel tuo lato del letto<\/p>\n<p>ma il tuo ricordo me lo tengo stretto<\/p>\n<p>come un cuscino che tieni sul petto<\/p>\n<p>quando la notte si stringe un po\u2019<\/p>\n<p>tra quello che siamo e quello che no<\/p>\n<p>ma come noi te lo giuro<\/p>\n<p>\u00a0non si amer\u00e0 mai nessuno<\/p>\n<p>se stare insieme fa male<\/p>\n<p>io voglio soffrire ogni giorno di pi\u00f9<\/p>\n<p>tu me cammini int\u2019 l\u2019anima<\/p>\n<p>e poi scompari int\u2019a n\u2019attimo<\/p>\n<p>anche se siamo distanti<\/p>\n<p>non siamo diversi come Genova e Napoli<\/p>\n<p>finch\u00e9 c\u2019\u00e8 solo il mare<\/p>\n<p>che ci pu\u00f2 separare<\/p>\n<p>io non riesco a capire gli altri come fanno<\/p>\n<p>a vedere il mare solo qualche giorno l\u2019anno<\/p>\n<p>e non guardare mai oltre<\/p>\n<p>perch\u00e9 l\u2019orizzonte non si vede in citt\u00e0<\/p>\n<p>e o\u2019mare sol mantene e\u2019promesse<\/p>\n<p>ma non o\u2019sap\u2019 che tu hai fatt\u2019 fess<\/p>\n<p>sulament\u2019 a me<\/p>\n<p>non simm\u2019 nui se non simm\u2019 io e te<\/p>\n<p>Ma come noi te lo giuro<\/p>\n<p>non si amer\u00e0 mai nessuno<\/p>\n<p>se stare insieme fa male<\/p>\n<p>io voglio soffrire ogni giorno di pi\u00f9<\/p>\n<p>tu me cammini int\u2019 l\u2019anima<\/p>\n<p>e poi scompari int\u2019a n\u2019attimo<\/p>\n<p>anche se siamo distanti<\/p>\n<p>non siamo diversi come Genova e Napoli<\/p>\n<p>e chi si \u00e8 amato davvero non si pu\u00f2 lasciare<\/p>\n<p>noi siamo due cuori nello stesso mare<\/p>\n<p>la nostra domenica sar\u00e0 sempre speciale<\/p>\n<p>ma come noi te lo giuro<\/p>\n<p>non si amer\u00e0 mai nessuno<\/p>\n<p>se stare insieme fa male<\/p>\n<p>io voglio soffrire ogni giorno di pi\u00f9<\/p>\n<p>tu me cammini int\u2019 l\u2019anima<\/p>\n<p>e poi scompari int\u2019a n\u2019attimo<\/p>\n<p>anche se siamo distanti<\/p>\n<p>non siamo diversi come Genova e Napoli<\/p>\n<p>finch\u00e9 c\u2019\u00e8 solo il mare<\/p>\n<p>che ci pu\u00f2 separare<\/p>\n<p>niente ci divider\u00e0<\/p>\n<p>\t\t\t<a class=\"c-inline-card j-inline-card c-inline-card--with-image\" href=\"https:\/\/tg24.sky.it\/spettacolo\/musica\/2026\/05\/22\/jovanotti-alfa-buon-vento\" rel=\"follow nofollow noopener\" data-intcmp=\"skytg24_articolo_approfondimenti_inline\" target=\"_blank\"><\/p>\n<p>\t\t\t         <img decoding=\"async\" crossorigin=\"anonymous\" alt=\"\"  loading=\"lazy\"  src=\"https:\/\/www.europesays.com\/it\/wp-content\/uploads\/2026\/06\/alfa_jovanotti_Ph_Maikid.jpg\"\/><\/p>\n<p>\n\t\t\t         Approfondimento<br \/>\n\t\t\t         Jovanotti e Alfa, testo e significato del singolo Buon Vento\n\t\t\t      <\/p>\n<p>\t\t\t<\/a><\/p>\n","protected":false},"excerpt":{"rendered":"Alfa e Gigi D\u2019Alessio hanno pubblicato il brano\u00a0Genova e Napoli, presentato allo Stadio Luigi Ferraris di Genova in&hellip;\n","protected":false},"author":3,"featured_media":653633,"comment_status":"","ping_status":"","sticky":false,"template":"","format":"standard","meta":{"footnotes":"","_share_on_mastodon":"0"},"categories":[1443],"tags":[11234,9797,203,204,1537,90,89,1538,1539,51601],"class_list":["post-653632","post","type-post","status-publish","format-standard","has-post-thumbnail","category-musica","tag-alfa","tag-canzoni","tag-entertainment","tag-intrattenimento","tag-it","tag-italia","tag-italy","tag-music","tag-musica","tag-testi"],"share_on_mastodon":{"url":"https:\/\/pubeurope.com\/@it\/117173147740031598","error":""},"_links":{"self":[{"href":"https:\/\/www.europesays.com\/it\/wp-json\/wp\/v2\/posts\/653632","targetHints":{"allow":["GET"]}}],"collection":[{"href":"https:\/\/www.europesays.com\/it\/wp-json\/wp\/v2\/posts"}],"about":[{"href":"https:\/\/www.europesays.com\/it\/wp-json\/wp\/v2\/types\/post"}],"author":[{"embeddable":true,"href":"https:\/\/www.europesays.com\/it\/wp-json\/wp\/v2\/users\/3"}],"replies":[{"embeddable":true,"href":"https:\/\/www.europesays.com\/it\/wp-json\/wp\/v2\/comments?post=653632"}],"version-history":[{"count":0,"href":"https:\/\/www.europesays.com\/it\/wp-json\/wp\/v2\/posts\/653632\/revisions"}],"wp:featuredmedia":[{"embeddable":true,"href":"https:\/\/www.europesays.com\/it\/wp-json\/wp\/v2\/media\/653633"}],"wp:attachment":[{"href":"https:\/\/www.europesays.com\/it\/wp-json\/wp\/v2\/media?parent=653632"}],"wp:term":[{"taxonomy":"category","embeddable":true,"href":"https:\/\/www.europesays.com\/it\/wp-json\/wp\/v2\/categories?post=653632"},{"taxonomy":"post_tag","embeddable":true,"href":"https:\/\/www.europesays.com\/it\/wp-json\/wp\/v2\/tags?post=653632"}],"curies":[{"name":"wp","href":"https:\/\/api.w.org\/{rel}","templated":true}]}}