{"id":653682,"date":"2026-08-28T13:05:11","date_gmt":"2026-08-28T13:05:11","guid":{"rendered":"https:\/\/www.europesays.com\/it\/653682\/"},"modified":"2026-08-28T13:05:11","modified_gmt":"2026-08-28T13:05:11","slug":"meteo-le-previsioni-della-protezione-civile-per-il-fine-settimana","status":"publish","type":"post","link":"https:\/\/www.europesays.com\/it\/653682\/","title":{"rendered":"Meteo, le previsioni della protezione civile per il fine settimana"},"content":{"rendered":"<p>Che tempo far\u00e0 nel fine settimana. Ecco le previsioni meteo della protezione civile per venerd\u00ec 28, sabato 29 e domenica 30 agosto, pubblicate sul sito della protezione civile della Regione Umbria e aggiornate al 27 agosto.\u00a0<\/p>\n<p>La situazione sinottica generale\u00a0<\/p>\n<p>La situazione sinottica generale, si legge sul sito, \u201cl&#8217;alta pressione africana ha ripreso possesso del Mediterraneo Centrale. L&#8217;Italia sar\u00e0 nuovamente interessata da condizioni di tempo stabile e afoso nei prossimi giorni. Insister\u00e0, tuttavia, una certa instabilit\u00e0 lungo l&#8217;arco alpino con isolati rovesci o temporali. Nel fine settimana modesto peggioramento per il transito di un impulso perturbato atlantico\u201d.\u00a0<\/p>\n<p>Le previsioni per l&#8217;Umbria\u00a0<\/p>\n<p>Per quanto riguarda l&#8217;Umbria venerd\u00ec 28 agosto \u201cgeneralmente sereno o poco nuvoloso con velature via via pi\u00f9 consistenti in serata e nubi in aumento sui settori occidentali. Venti: da deboli a moderati di Libeccio con rinforzi fino a forti in Appennino nel pomeriggio. Temperature: in ulteriore aumento con valori massimi elevati o localmente molto elevati\u201d.\u00a0<\/p>\n<p>Sabato 29 agosto \u201cirregolarmente nuvoloso con precipitazioni isolate nel pomeriggio, anche a carattere di breve rovescio. Venti: da deboli a moderati dai quadranti meridionali. Rinforzi di Libeccio nel pomeriggio fino a forti sui settori orientali. Temperature: in sensibile diminuzione\u201d.\u00a0<\/p>\n<p>Da domenica 30 agosto e all&#8217;inizio della prossima settimana, si legge ancora sul sito, \u201cflussi occidentali mitigheranno l&#8217;aumento delle temperature, in una situazione di generale stabilit\u00e0\u201d.<\/p>\n","protected":false},"excerpt":{"rendered":"Che tempo far\u00e0 nel fine settimana. Ecco le previsioni meteo della protezione civile per venerd\u00ec 28, sabato 29&hellip;\n","protected":false},"author":3,"featured_media":653683,"comment_status":"","ping_status":"","sticky":false,"template":"","format":"standard","meta":{"footnotes":"","_share_on_mastodon":"0"},"categories":[79],"tags":[14,93,94,1537,90,89,419,7,15,5065,11,84,91,12,85,92],"class_list":["post-653682","post","type-post","status-publish","format-standard","has-post-thumbnail","category-italia","tag-cronaca","tag-cronaca-italiana","tag-cronacaitaliana","tag-it","tag-italia","tag-italy","tag-meteo","tag-news","tag-notizie","tag-previsioni","tag-ultime-notizie","tag-ultime-notizie-e-news-di-oggi","tag-ultime-notizie-italia","tag-ultimenotizie","tag-ultimenotizieenewsdioggi","tag-ultimenotizieitalia"],"share_on_mastodon":{"url":"","error":""},"_links":{"self":[{"href":"https:\/\/www.europesays.com\/it\/wp-json\/wp\/v2\/posts\/653682","targetHints":{"allow":["GET"]}}],"collection":[{"href":"https:\/\/www.europesays.com\/it\/wp-json\/wp\/v2\/posts"}],"about":[{"href":"https:\/\/www.europesays.com\/it\/wp-json\/wp\/v2\/types\/post"}],"author":[{"embeddable":true,"href":"https:\/\/www.europesays.com\/it\/wp-json\/wp\/v2\/users\/3"}],"replies":[{"embeddable":true,"href":"https:\/\/www.europesays.com\/it\/wp-json\/wp\/v2\/comments?post=653682"}],"version-history":[{"count":0,"href":"https:\/\/www.europesays.com\/it\/wp-json\/wp\/v2\/posts\/653682\/revisions"}],"wp:featuredmedia":[{"embeddable":true,"href":"https:\/\/www.europesays.com\/it\/wp-json\/wp\/v2\/media\/653683"}],"wp:attachment":[{"href":"https:\/\/www.europesays.com\/it\/wp-json\/wp\/v2\/media?parent=653682"}],"wp:term":[{"taxonomy":"category","embeddable":true,"href":"https:\/\/www.europesays.com\/it\/wp-json\/wp\/v2\/categories?post=653682"},{"taxonomy":"post_tag","embeddable":true,"href":"https:\/\/www.europesays.com\/it\/wp-json\/wp\/v2\/tags?post=653682"}],"curies":[{"name":"wp","href":"https:\/\/api.w.org\/{rel}","templated":true}]}}