{"id":653718,"date":"2026-08-28T13:33:18","date_gmt":"2026-08-28T13:33:18","guid":{"rendered":"https:\/\/www.europesays.com\/it\/653718\/"},"modified":"2026-08-28T13:33:18","modified_gmt":"2026-08-28T13:33:18","slug":"femminicidio-in-spagna-un-italiano-uccide-a-coltellate-la-compagna-tedesca-a-isla-cristina","status":"publish","type":"post","link":"https:\/\/www.europesays.com\/it\/653718\/","title":{"rendered":"Femminicidio in Spagna, un italiano uccide a coltellate la compagna tedesca a Isla Cristina"},"content":{"rendered":"<p>Un uomo di 60 anni, italiano, ha ucciso a coltellate la compagna, di origini tedesche, in Spagna. L&#8217;uomo, come segnala il quotidiano &#8220;<a data-intcmp-qp=\"skytg24_foglia articolo_interlink_text\" rel=\"nofollow noopener\" href=\"https:\/\/www.repubblica.it\/cronaca\/2026\/08\/28\/news\/femminicidio_in_spagna_un_italiano_uccide_a_coltellate_in_strada_la_compagna_tedesca-425551879\/?ref=app_share\" target=\"_blank\">La Repubblica<\/a>&#8221; \u00e8 stato fermato a Isla Cristina, nella provincia di Huelva, in quanto responsabile del femminicidio avvenuto in mezzo ad una strada. La coppia si trovava in quei luoghi perch\u00e8 era in viaggio in camper.<\/p>\n<p>L&#8217;intervento delle forze dell&#8217;ordine<\/p>\n<p>La segnalazione alla polizia locale \u00e8 arrivata questa mattina, intorno alle 9, quando \u00e8 stata indicata la violenza sulla vittima, 47 anni, avvenuta presso Avenida del Atlantico, nell&#8217;area della spiaggia di Punta del Caiman. Dopo l&#8217;arrivo delle forze dell&#8217;ordine \u00e8 scattato il fermo del 60enne.\u00a0<\/p>\n<p>\t\t \tLa convalida del fermo<\/p>\n<p>L&#8217;uomo, dopo il fermo,\u00a0 \u00e8 stato portato in caserma e sar\u00e0 trasferito davanti all&#8217;autorit\u00e0 giudiziaria per l&#8217;eventuale convalida del fermo e la sua trasformazione in arresto. Se sar\u00e0 confermato, l&#8217;omicidio avvenuto oggi \u00e8 il 37mo femmicidio che si registra in Spagna dall&#8217;inizio dell&#8217;anno, secondo i dati del ministero dell&#8217;Uguaglianza. Dal 2003, inizio della raccolta statistica, le vittime sarebbero 1.378.\u00a0<\/p>\n<p>\t\t\t<a class=\"c-inline-card j-inline-card c-inline-card--with-image\" href=\"https:\/\/tg24.sky.it\/cronaca\/2026\/08\/27\/omicidio-berlino-scuola-ex-fidanzata-uomo\" rel=\"follow nofollow noopener\" data-intcmp=\"skytg24_articolo_approfondimenti_inline\" target=\"_blank\"><\/p>\n<p>\t\t\t         <img decoding=\"async\" crossorigin=\"anonymous\" alt=\"\"  loading=\"lazy\"  src=\"https:\/\/www.europesays.com\/it\/wp-content\/uploads\/2026\/08\/1787923998_252_sparatoria_berlino_ansa.jpg\"\/><\/p>\n<p>\n\t\t\t         Approfondimento<br \/>\n\t\t\t         Berlino, uccide in una scuola ex di 18 anni e un insegnante: arrestato\n\t\t\t      <\/p>\n<p>\t\t\t<\/a><\/p>\n","protected":false},"excerpt":{"rendered":"Un uomo di 60 anni, italiano, ha ucciso a coltellate la compagna, di origini tedesche, in Spagna. L&#8217;uomo,&hellip;\n","protected":false},"author":3,"featured_media":653719,"comment_status":"","ping_status":"","sticky":false,"template":"","format":"standard","meta":{"footnotes":"","_share_on_mastodon":"0"},"categories":[6],"tags":[14,2459,55368,8,1537,90,89,7,15,82,9,83,10,6059,13,11,80,84,12,81,85],"class_list":["post-653718","post","type-post","status-publish","format-standard","has-post-thumbnail","category-ultime-notizie","tag-cronaca","tag-femminicidi","tag-fps","tag-headlines","tag-it","tag-italia","tag-italy","tag-news","tag-notizie","tag-notizie-di-cronaca","tag-notizie-principali","tag-notiziedicronaca","tag-notizieprincipali","tag-spagna","tag-titoli","tag-ultime-notizie","tag-ultime-notizie-di-cronaca","tag-ultime-notizie-e-news-di-oggi","tag-ultimenotizie","tag-ultimenotiziedicronaca","tag-ultimenotizieenewsdioggi"],"share_on_mastodon":{"url":"https:\/\/pubeurope.com\/@it\/117173395313359653","error":""},"_links":{"self":[{"href":"https:\/\/www.europesays.com\/it\/wp-json\/wp\/v2\/posts\/653718","targetHints":{"allow":["GET"]}}],"collection":[{"href":"https:\/\/www.europesays.com\/it\/wp-json\/wp\/v2\/posts"}],"about":[{"href":"https:\/\/www.europesays.com\/it\/wp-json\/wp\/v2\/types\/post"}],"author":[{"embeddable":true,"href":"https:\/\/www.europesays.com\/it\/wp-json\/wp\/v2\/users\/3"}],"replies":[{"embeddable":true,"href":"https:\/\/www.europesays.com\/it\/wp-json\/wp\/v2\/comments?post=653718"}],"version-history":[{"count":0,"href":"https:\/\/www.europesays.com\/it\/wp-json\/wp\/v2\/posts\/653718\/revisions"}],"wp:featuredmedia":[{"embeddable":true,"href":"https:\/\/www.europesays.com\/it\/wp-json\/wp\/v2\/media\/653719"}],"wp:attachment":[{"href":"https:\/\/www.europesays.com\/it\/wp-json\/wp\/v2\/media?parent=653718"}],"wp:term":[{"taxonomy":"category","embeddable":true,"href":"https:\/\/www.europesays.com\/it\/wp-json\/wp\/v2\/categories?post=653718"},{"taxonomy":"post_tag","embeddable":true,"href":"https:\/\/www.europesays.com\/it\/wp-json\/wp\/v2\/tags?post=653718"}],"curies":[{"name":"wp","href":"https:\/\/api.w.org\/{rel}","templated":true}]}}