{"id":653737,"date":"2026-08-28T13:52:15","date_gmt":"2026-08-28T13:52:15","guid":{"rendered":"https:\/\/www.europesays.com\/it\/653737\/"},"modified":"2026-08-28T13:52:15","modified_gmt":"2026-08-28T13:52:15","slug":"diego-abatantuono-i-figli-passo-la-giornata-a-dire-caate-per-farli-ridere-quando-ho-fatto-un-po-di-soldi-ho-fatto-smettere-i-miei-di-lavorare","status":"publish","type":"post","link":"https:\/\/www.europesays.com\/it\/653737\/","title":{"rendered":"Diego Abatantuono: \u00abI figli? Passo la giornata a dire ca**ate per farli ridere. Quando ho fatto un po&#8217; di soldi ho fatto smettere i miei di lavorare\u00bb"},"content":{"rendered":"<p>&#13;<br \/>\n                               &#13;<br \/>\n                                                &#13;<br \/>\n                &#13;<\/p>\n<p>\u00ab<strong>La vita \u00e8 piena di piccole cose per cui dici: che sfiga, il traffico, il lavoro, la coda. Poi devi guardare dall\u2019altra parte<\/strong>\u00bb: \u00e8 questa la filosofia di vita di <strong><a href=\"https:\/\/www.leggo.it\/t\/diego-abatantuono\" rel=\"nofollow noopener\" target=\"_blank\">Diego Abatantuono<\/a><\/strong>, che a 70 anni e con decine di successi alle spalle, torna sul grande schermo dal 3 settembre con <strong>Il malloppo<\/strong>: una commedia crime diretta da Volfango De Biasi.\u00a0Nel film interpreta un ex rapinatore diventato oste che, dopo vent\u2019anni di carcere, si trova a dover gestire un vecchio complice, un bottino scomparso e un\u2019inaspettata accusa di omicidio.<\/p>\n<p>&#13;<br \/>\n&#13;<\/p>\n<p>In un&#8217;intervista a Repubblica, il volto simbolo della commedia italiana ripercorre il proprio percorso\u00a0professionale e personale, definito\u00a0da una costante dialettica tra \u00abmicro sfighe e maxi fortune\u00bb.<\/p>\n<p>&#13;<br \/>\n&#13;<br \/>\n<strong>I primi passi (e i primi errori)\u00a0<\/strong>&#13;<br \/>\n&#13;<\/p>\n<p>Oggi tra i volti pi\u00f9 amati del cinema nostrano, Abatantuono non nasconde le difficolt\u00e0 incontrate agli esordi e le sviste nella gestione della propria carriera: \u00abHo iniziato giovane: ero ferrato sul cabaret, ma conoscevo poco il cinema e per nulla <a href=\"https:\/\/www.leggo.it\/t\/roma\" rel=\"nofollow noopener\" target=\"_blank\">Roma<\/a>. Nel primo periodo di euforia ho fatto dodici film in due anni e commesso errori. <strong>Pensavo di avere tanti soldi, scoprii che non mi avevano pagato le tasse<\/strong>, versato l\u2019Iva e mi avevano sottratto un libretto al portatore che avevo con mia madre. Fu difficile\u00bb.<\/p>\n<p>&#13;<br \/>\n&#13;<\/p>\n<p>Nonostante le brutte sorprese finanziarie, nel 1982 l&#8217;attore riesce ad acquistare una casa di campagna al confine tra Romagna e Marche per i suoi genitori: \u00abQuando pensavo di essermi arricchito un po\u2019, ho comprato la casa e ho fatto smettere di lavorare i miei genitori. All\u2019inizio erano scettici, poi hanno fatto amicizia. Mio padre si appassion\u00f2 all\u2019orto. Aveva una grande manualit\u00e0, ma ci andava sempre molto elegante. Gli regalai un maglione bellissimo e il giorno dopo lo vidi nell\u2019orto con quel maglione. Si era adeguato perfettamente\u00bb. Quella casa \u00e8 diventata\u00a0nel tempo un nido\u00a0che ha accolto ben tre generazioni.\u00a0<\/p>\n<p>&#13;<br \/>\n&#13;<br \/>\n<strong>L&#8217;importanza della famiglia<\/strong>&#13;<br \/>\n&#13;<\/p>\n<p>Il legame con i familiari rappresenta uno dei punti fermi\u00a0della sua esistenza, una lezione che l&#8217;attore dice di aver imparato sul campo osservando e chicchierando con i grandi miti del cinema italiano: \u00ab<strong>La mia famiglia \u00e8 il mio malloppo<\/strong>. Ho avuto la fortuna di frequentare i grandi attori di un\u2019altra epoca, da Tognazzi a Gassman, e quando chiedevo loro quale rimpianto avessero, la risposta era quasi sempre: \u201cSono stato troppo poco con i miei figli\u201d. Sentendo tutto questo ho cercato di organizzare la mia vita in modo diverso: scegliendo posti dove potessi stare con i miei figli, lavorando un po\u2019 meno, cercando tempo per loro. <\/p>\n<p>Arrivavo perfino a dire: \u201cInvece di fare i compiti, giochiamo alla PlayStation, facciamo un torneo\u201d. Se poi non prendevano il massimo a scuola andava bene lo stesso\u00bb.&#13;<br \/>\n&#13;<\/p>\n<p>Una complicit\u00e0 che dura ancora oggi: \u00abPasso la giornata a dire ca**ate e a sperare che i miei figli ridano. Loro sono il mio target. Poi arrivano gli amici e diciamo ca**ate insieme\u00bb.<\/p>\n<p>&#13;<br \/>\n&#13;<br \/>\n<strong>Incontri e occasioni nel cinema<\/strong>&#13;<br \/>\n&#13;<\/p>\n<p>Riflettendo sulla propria carriera, Abatantuono sottolinea quanto il caso e le relazioni umane abbiano condizionato le sue scelte, a partire dallo storico incontro con <strong><a href=\"https:\/\/www.leggo.it\/t\/pupi-avati-\" rel=\"nofollow noopener\" target=\"_blank\">Pupi Avati<\/a>\u00a0<\/strong>per Regalo di Natale: \u00abPupi mi telefon\u00f2 e mi propose il film. Poi mi raccont\u00f2 che prima aveva chiamato <strong><a href=\"https:\/\/www.leggo.it\/t\/lino-banfi\" rel=\"nofollow noopener\" target=\"_blank\">Lino Banfi<\/a><\/strong>, che aveva rifiutato. Quindi fu un bel colpo di fortuna per me, e forse anche per Pupi, non so. Per dire quanto pesa il destino nel cinema\u00bb.<\/p>\n<p>&#13;<br \/>\n&#13;<\/p>\n<p>Sul modo in cui sceglie\u00a0progetti e collaborazioni, l&#8217;attore ribadisce l&#8217;importanza della sintonia personale, condivisa nel nuovo film anche con <strong><a href=\"https:\/\/www.leggo.it\/t\/max-angioni\" rel=\"nofollow noopener\" target=\"_blank\">Max Angioni<\/a><\/strong> e il <strong><a href=\"https:\/\/www.leggo.it\/t\/mago-forest\" rel=\"nofollow noopener\" target=\"_blank\">Mago Forest<\/a><\/strong>: \u00abNon credo ai talenti da scoprire, ma alle persone con cui lavori bene. Il cinema per me \u00e8 fatto di pelle: regista, attori, storia, dove vai a girare. Faccio un mestiere che amo, perch\u00e9 scegliere di soffrire?\u00bb. Una filosofia che lo ha portato a collaborare con autentici maestri: \u00abPensai: lavorare con <strong>Comencini<\/strong>, gi\u00e0 anziano, e con <strong>Gian Maria Volont\u00e9<\/strong> non mi capiter\u00e0 pi\u00f9. Lo stesso con <strong>Scola<\/strong>, poi mio amico per tutta la vita\u00bb.<\/p>\n<p>&#13;<br \/>\n&#13;<br \/>\n<strong>Incidenti di percorso e passione green<\/strong>&#13;<br \/>\n&#13;<\/p>\n<p>Nemmeno un piccolo infortunio rimediato durante le riprese de Il malloppo ha scalfito la sua leggerezza d&#8217;animo: \u00abMi sono fatto male a una gamba. Per girarmi a salutare un fan sono inciampato. Ma faccio subito il calcolo di come sarebbe potuta andare peggio e mi tranquillizzo. Ho avuto grandi fortune. Certo, i miei genitori sono morti entrambi a settantatr\u00e9 anni, non \u00e8 proprio una micro sfiga. [&#8230;] Ho avuto tanta fortuna nella vita, come potrei lamentarmi per una caduta?\u00bb.<\/p>\n<p>&#13;<br \/>\n&#13;<\/p>\n<p>In chiusura, Abatantuono rivela una profonda attenzione per le <strong>tematiche ambientali<\/strong>, tanto che ancora oggi pianta\u00a0continuamente nuovi alberi nella sua propriet\u00e0: \u00abContinuo a piantarne, gi\u00e0 grandi, perch\u00e9 trovo che sia una delle cose pi\u00f9 sagge da fare in questo periodo. Nelle citt\u00e0 bisogna piantare alberi veri: abbassano la temperatura, mangiano lo smog, fanno ombra. Farei una legge: per ogni certa quantit\u00e0 di metri costruiti, devi piantare un albero\u00bb.\u00a0<\/p>\n<p>                                &#13;<br \/>\n                &#13;<br \/>\n&#13;<br \/>\n                Ultimo aggiornamento: venerd\u00ec 28 agosto 2026, 14:35&#13;<br \/>\n                <br \/>&#13;<br \/>\n                &#13;<br \/>\n                  &#13;<br \/>\n                    &#13;<br \/>\n                        \u00a9 RIPRODUZIONE RISERVATA&#13;<\/p>\n<p>&#13;<\/p>\n<p>                    &#13;<\/p>\n","protected":false},"excerpt":{"rendered":"&#13; &#13; &#13; &#13; \u00abLa vita \u00e8 piena di piccole cose per cui dici: che sfiga, il traffico,&hellip;\n","protected":false},"author":3,"featured_media":653738,"comment_status":"","ping_status":"","sticky":false,"template":"","format":"standard","meta":{"footnotes":"","_share_on_mastodon":"0"},"categories":[1442],"tags":[11130,203,454,360597,1282,204,1537,90,89,1521],"class_list":["post-653737","post","type-post","status-publish","format-standard","has-post-thumbnail","category-film","tag-diego-abatantuono","tag-entertainment","tag-film","tag-il-malloppo","tag-intervista","tag-intrattenimento","tag-it","tag-italia","tag-italy","tag-movies"],"share_on_mastodon":{"url":"https:\/\/pubeurope.com\/@it\/117173469179938934","error":""},"_links":{"self":[{"href":"https:\/\/www.europesays.com\/it\/wp-json\/wp\/v2\/posts\/653737","targetHints":{"allow":["GET"]}}],"collection":[{"href":"https:\/\/www.europesays.com\/it\/wp-json\/wp\/v2\/posts"}],"about":[{"href":"https:\/\/www.europesays.com\/it\/wp-json\/wp\/v2\/types\/post"}],"author":[{"embeddable":true,"href":"https:\/\/www.europesays.com\/it\/wp-json\/wp\/v2\/users\/3"}],"replies":[{"embeddable":true,"href":"https:\/\/www.europesays.com\/it\/wp-json\/wp\/v2\/comments?post=653737"}],"version-history":[{"count":0,"href":"https:\/\/www.europesays.com\/it\/wp-json\/wp\/v2\/posts\/653737\/revisions"}],"wp:featuredmedia":[{"embeddable":true,"href":"https:\/\/www.europesays.com\/it\/wp-json\/wp\/v2\/media\/653738"}],"wp:attachment":[{"href":"https:\/\/www.europesays.com\/it\/wp-json\/wp\/v2\/media?parent=653737"}],"wp:term":[{"taxonomy":"category","embeddable":true,"href":"https:\/\/www.europesays.com\/it\/wp-json\/wp\/v2\/categories?post=653737"},{"taxonomy":"post_tag","embeddable":true,"href":"https:\/\/www.europesays.com\/it\/wp-json\/wp\/v2\/tags?post=653737"}],"curies":[{"name":"wp","href":"https:\/\/api.w.org\/{rel}","templated":true}]}}