{"id":653749,"date":"2026-08-28T13:59:15","date_gmt":"2026-08-28T13:59:15","guid":{"rendered":"https:\/\/www.europesays.com\/it\/653749\/"},"modified":"2026-08-28T13:59:15","modified_gmt":"2026-08-28T13:59:15","slug":"foggia-caldo-record-oltre-i-40-grandi-lallerta-del-28-e-29-agosto-2026","status":"publish","type":"post","link":"https:\/\/www.europesays.com\/it\/653749\/","title":{"rendered":"Foggia, caldo record oltre i 40\u00b0 grandi: l&#8217;allerta del 28 e 29 agosto 2026"},"content":{"rendered":"<p>Un massiccio carico di polvere sahariana raggiunger\u00e0 oggi, venerd\u00ec 28 agosto la provincia di Foggia e gran parte della penisola italiana. Il fenomeno si ripresenta a distanza di 40 giorni da un analogo episodio gi\u00e0 osservato a met\u00e0 luglio, quando i cieli della Capitanata avevano assunto lo stesso aspetto lattiginoso e giallastro. La sabbia del Sahara rester\u00e0 sospesa in quota sui cieli della Capitanata per diversi giorni e potrebbe velare il sole fino a met\u00e0 della settimana successiva, stando alle mappe meteorologiche. Il picco \u00e8 previsto per sabato 29 agosto.<\/p>\n<p>Caldo eccezionale: 40 gradi percepiti<\/p>\n<p>Insieme alla sabbia del Sahara arriva un&#8217;altra ondata di caldo eccezionale, con il picco dopo pranzo fino a 43\u00b0. L&#8217;area anticiclonica di matrice africana determiner\u00e0 un ulteriore incremento termico sul territorio regionale fino a sabato. La temperatura massima percepita, annunciano dalla protezione civile regionale della Puglia, sar\u00e0 di 40 \u00b0C, con ulteriore incremento nelle zone interne.<\/p>\n<p>La situazione rientra nel livello 3 del sistema di allerta caldo, il massimo previsto, che indica condizioni di emergenza con possibili effetti negativi sulla salute anche per persone sane e attive, non solo per le categorie pi\u00f9 vulnerabili come anziani, bambini molto piccoli e malati cronici. Tanto pi\u00f9 si prolunga l&#8217;ondata di calore, tanto pi\u00f9 gravi sono gli effetti attesi sulla salute.<\/p>\n<p>I consigli delle autorit\u00e0 sanitarie<\/p>\n<p>Le autorit\u00e0 raccomandano di evitare l&#8217;esposizione al sole e al caldo nelle ore pi\u00f9 calde della giornata, tra le 11 e le 18, e di rinunciare all&#8217;attivit\u00e0 fisica intensa all&#8217;aria aperta in quelle fasce orarie. \u00c8 consigliabile trascorrere le ore pi\u00f9 calde nella stanza pi\u00f9 fresca della casa o in un luogo pubblico climatizzato, bagnandosi spesso con acqua fresca.<\/p>\n<p>Sul fronte alimentare, si suggerisce di seguire una dieta leggera, privilegiando pasta, pesce, verdura e frutta fresca, ed evitando cibi elaborati e piccanti. Occorre prestare particolare attenzione alla corretta conservazione degli alimenti deperibili, come latticini e carne, poich\u00e9 le alte temperature favoriscono la proliferazione di germi patogeni.\u00a0<\/p>\n<p>\u00c8 importante bere molti liquidi, evitando bevande alcoliche, troppo fredde o gassate. Inltre, chi assume farmaci non deve sospendere autonomamente le terapie, ma consultare il medico curante per eventuali adeguamenti. I farmaci vanno tenuti lontani da fonti di calore e dalla luce solare diretta.<\/p>\n<p>Chi viaggia in auto non climatizzata dovrebbe evitare gli spostamenti nelle ore pi\u00f9 calde. \u00c8 assolutamente vietato lasciare persone non autosufficienti, bambini o anziani nell&#8217;auto parcheggiata al sole, anche per pochi minuti. Le autorit\u00e0 invitano infine a offrire assistenza alle persone pi\u00f9 a rischio, in particolare agli anziani che vivono soli, e a segnalare ai servizi socio-sanitari eventuali situazioni che richiedono un intervento.<\/p>\n","protected":false},"excerpt":{"rendered":"Un massiccio carico di polvere sahariana raggiunger\u00e0 oggi, venerd\u00ec 28 agosto la provincia di Foggia e gran parte&hellip;\n","protected":false},"author":3,"featured_media":653750,"comment_status":"","ping_status":"","sticky":false,"template":"","format":"standard","meta":{"footnotes":"","_share_on_mastodon":"0"},"categories":[79],"tags":[360602,4167,1534,14,93,94,10366,1537,90,89,7,15,3421,51339,11,84,91,12,85,92],"class_list":["post-653749","post","type-post","status-publish","format-standard","has-post-thumbnail","category-italia","tag-28-e-29-agosto-2026","tag-allerta","tag-caldo","tag-cronaca","tag-cronaca-italiana","tag-cronacaitaliana","tag-foggia","tag-it","tag-italia","tag-italy","tag-news","tag-notizie","tag-record","tag-sahara","tag-ultime-notizie","tag-ultime-notizie-e-news-di-oggi","tag-ultime-notizie-italia","tag-ultimenotizie","tag-ultimenotizieenewsdioggi","tag-ultimenotizieitalia"],"share_on_mastodon":{"url":"https:\/\/pubeurope.com\/@it\/117173496551291733","error":""},"_links":{"self":[{"href":"https:\/\/www.europesays.com\/it\/wp-json\/wp\/v2\/posts\/653749","targetHints":{"allow":["GET"]}}],"collection":[{"href":"https:\/\/www.europesays.com\/it\/wp-json\/wp\/v2\/posts"}],"about":[{"href":"https:\/\/www.europesays.com\/it\/wp-json\/wp\/v2\/types\/post"}],"author":[{"embeddable":true,"href":"https:\/\/www.europesays.com\/it\/wp-json\/wp\/v2\/users\/3"}],"replies":[{"embeddable":true,"href":"https:\/\/www.europesays.com\/it\/wp-json\/wp\/v2\/comments?post=653749"}],"version-history":[{"count":0,"href":"https:\/\/www.europesays.com\/it\/wp-json\/wp\/v2\/posts\/653749\/revisions"}],"wp:featuredmedia":[{"embeddable":true,"href":"https:\/\/www.europesays.com\/it\/wp-json\/wp\/v2\/media\/653750"}],"wp:attachment":[{"href":"https:\/\/www.europesays.com\/it\/wp-json\/wp\/v2\/media?parent=653749"}],"wp:term":[{"taxonomy":"category","embeddable":true,"href":"https:\/\/www.europesays.com\/it\/wp-json\/wp\/v2\/categories?post=653749"},{"taxonomy":"post_tag","embeddable":true,"href":"https:\/\/www.europesays.com\/it\/wp-json\/wp\/v2\/tags?post=653749"}],"curies":[{"name":"wp","href":"https:\/\/api.w.org\/{rel}","templated":true}]}}