{"id":653753,"date":"2026-08-28T14:07:14","date_gmt":"2026-08-28T14:07:14","guid":{"rendered":"https:\/\/www.europesays.com\/it\/653753\/"},"modified":"2026-08-28T14:07:14","modified_gmt":"2026-08-28T14:07:14","slug":"all-blacks-sudafrica-cambia-la-squadra-arbitrale-gardner-dirige-a-citta-del-capo-amashukeli-spostato-al-terzo-test","status":"publish","type":"post","link":"https:\/\/www.europesays.com\/it\/653753\/","title":{"rendered":"All Blacks-Sudafrica, cambia la squadra arbitrale: Gardner dirige a Citt\u00e0 del Capo, Amashukeli spostato al terzo Test"},"content":{"rendered":"<p>Cambiano le designazioni arbitrali per i prossimi due incontri della Rugby\u2019s Greatest Rivalry tra Sudafrica e Nuova Zelanda. World Rugby ha infatti annunciato una modifica alla squadra degli ufficiali di gara dopo che Nika Amashukeli, inizialmente designato come arbitro del secondo Test a Citt\u00e0 del Capo, non ha recuperato in tempo dalla malattia.<\/p>\n<p>Al suo posto, per la sfida in programma sabato 29 agosto al DHL Stadium, arbitrer\u00e0 l\u2019australiano Angus Gardner. Il cambio avr\u00e0 conseguenze anche sulla designazione del terzo Test della serie, in programma il 5 settembre a Johannesburg.<\/p>\n<p>Sudafrica-Nuova Zelanda, Angus Gardner al posto di Nika Amashukeli nel secondo Test<\/p>\n<p>Gardner era stato inizialmente scelto da World Rugby per dirigere il terzo incontro della serie, quello in programma al FNB Stadium di Johannesburg. L\u2019indisponibilit\u00e0 di Amashukeli per il match di Citt\u00e0 del Capo ha per\u00f2 portato a una revisione delle designazioni.<\/p>\n<p><strong>Leggi anche:<\/strong> <a href=\"https:\/\/www.onrugby.it\/2026\/08\/27\/il-dubbio-su-erasmus-della-carta-stampata-neozelandese-si-e-rinchiuso-nel-suo-guscio\/\" target=\"_blank\" rel=\"noopener nofollow\">Il dubbio su Erasmus della carta stampata neozelandese: \u201cSi \u00e8 rinchiuso nel suo guscio?\u201d<\/a><\/p>\n<p>Sar\u00e0 dunque l\u2019arbitro australiano a dirigere il secondo confronto tra Springboks e All Blacks, mentre Amashukeli, una volta recuperato, \u00e8 stato spostato alla direzione del terzo Test. Il georgiano avrebbe dovuto essere l\u2019uomo al centro del campo gi\u00e0 questo fine settimana. Il cambio non riguarda per\u00f2 soltanto il direttore di gara, visto che l\u2019intera squadra arbitrale \u00e8 stata ritoccata.<\/p>\n<p>Sam Grove-White entra nella squadra arbitrale a Citt\u00e0 del Capo<\/p>\n<p>Con Gardner promosso da assistente ad arbitro principale, World Rugby ha inserito lo scozzese Sam Grove-White nella squadra arbitrale del secondo Test come assistente. Accanto a lui ci sar\u00e0 l\u2019inglese Karl Dickson, mentre l\u2019australiano Brett Cronan sar\u00e0 il TMO. Il francese Eric Gauzins ricoprir\u00e0 invece il ruolo di Foul Play Review Officer.<\/p>\n<p>La nuova composizione della squadra arbitrale per la partita del DHL Stadium \u00e8 quindi:<\/p>\n<p><strong>Sudafrica-Nuova Zelanda, secondo Test \u2013 29 agosto 2026<\/strong><\/p>\n<ul>\n<li><strong>Arbitro:<\/strong> Angus Gardner (Australia)<\/li>\n<li><strong>Assistenti:<\/strong> Karl Dickson (Inghilterra), Sam Grove-White (Scozia)<\/li>\n<li><strong>TMO:<\/strong> Brett Cronan (Australia)<\/li>\n<li><strong>FPRO:<\/strong> Eric Gauzins (Francia)<\/li>\n<\/ul>\n<p>Sudafrica-Nuova Zelanda, Amashukeli passa al terzo Test di Johannesburg<\/p>\n<p>Il georgiano Nika Amashukeli, dopo il mancato recupero dalla malattia che gli ha impedito di dirigere il secondo incontro, sar\u00e0 invece l\u2019arbitro principale del terzo Test in programma sabato 5 settembre al FNB Stadium di Johannesburg. Gardner torner\u00e0 quindi nel ruolo di assistente arbitrale e sar\u00e0 affiancato dall\u2019inglese Christophe Ridley. Eric Gauzins passer\u00e0 al TMO, mentre Brett Cronan sar\u00e0 il Foul Play Review Officer.<\/p>\n<p><strong>Sudafrica-Nuova Zelanda, terzo Test \u2013 5 settembre 2026<\/strong><\/p>\n<ul>\n<li><strong>Arbitro:<\/strong> Nika Amashukeli (Georgia)<\/li>\n<li><strong>Assistenti:<\/strong> Angus Gardner (Australia), Christophe Ridley (Inghilterra)<\/li>\n<li><strong>TMO:<\/strong> Eric Gauzins (Francia)<\/li>\n<li><strong>FPRO:<\/strong> Brett Cronan (Australia)<\/li>\n<\/ul>\n<p>Le modifiche riguardano quindi direttamente entrambe le prossime sfide della serie: Gardner, previsto inizialmente per Johannesburg, arbitrer\u00e0 prima a Citt\u00e0 del Capo al posto di Amashukeli, che prender\u00e0 invece il suo posto una settimana pi\u00f9 tardi.<\/p>\n<p>OnRugby.it \u00a9 Riproduzione riservata<\/p>\n","protected":false},"excerpt":{"rendered":"Cambiano le designazioni arbitrali per i prossimi due incontri della Rugby\u2019s Greatest Rivalry tra Sudafrica e Nuova Zelanda.&hellip;\n","protected":false},"author":3,"featured_media":653754,"comment_status":"","ping_status":"","sticky":false,"template":"","format":"standard","meta":{"footnotes":"","_share_on_mastodon":"0"},"categories":[1458],"tags":[360605,65168,1537,90,89,1840,352501,245,244],"class_list":["post-653753","post","type-post","status-publish","format-standard","has-post-thumbnail","category-rugby","tag-amashukeli","tag-gardner","tag-it","tag-italia","tag-italy","tag-rugby","tag-rugbys-greatest-rivalry","tag-sport","tag-sports"],"share_on_mastodon":{"url":"https:\/\/pubeurope.com\/@it\/117173528087674465","error":""},"_links":{"self":[{"href":"https:\/\/www.europesays.com\/it\/wp-json\/wp\/v2\/posts\/653753","targetHints":{"allow":["GET"]}}],"collection":[{"href":"https:\/\/www.europesays.com\/it\/wp-json\/wp\/v2\/posts"}],"about":[{"href":"https:\/\/www.europesays.com\/it\/wp-json\/wp\/v2\/types\/post"}],"author":[{"embeddable":true,"href":"https:\/\/www.europesays.com\/it\/wp-json\/wp\/v2\/users\/3"}],"replies":[{"embeddable":true,"href":"https:\/\/www.europesays.com\/it\/wp-json\/wp\/v2\/comments?post=653753"}],"version-history":[{"count":0,"href":"https:\/\/www.europesays.com\/it\/wp-json\/wp\/v2\/posts\/653753\/revisions"}],"wp:featuredmedia":[{"embeddable":true,"href":"https:\/\/www.europesays.com\/it\/wp-json\/wp\/v2\/media\/653754"}],"wp:attachment":[{"href":"https:\/\/www.europesays.com\/it\/wp-json\/wp\/v2\/media?parent=653753"}],"wp:term":[{"taxonomy":"category","embeddable":true,"href":"https:\/\/www.europesays.com\/it\/wp-json\/wp\/v2\/categories?post=653753"},{"taxonomy":"post_tag","embeddable":true,"href":"https:\/\/www.europesays.com\/it\/wp-json\/wp\/v2\/tags?post=653753"}],"curies":[{"name":"wp","href":"https:\/\/api.w.org\/{rel}","templated":true}]}}