{"id":653784,"date":"2026-08-28T14:26:18","date_gmt":"2026-08-28T14:26:18","guid":{"rendered":"https:\/\/www.europesays.com\/it\/653784\/"},"modified":"2026-08-28T14:26:18","modified_gmt":"2026-08-28T14:26:18","slug":"antonella-pagliarani-a-bordo-dellelicottero-precipitato-a-verbano-con-lei-anche-il-cognato-figlia-di-un-accademico-del-bo-aveva-63-anni","status":"publish","type":"post","link":"https:\/\/www.europesays.com\/it\/653784\/","title":{"rendered":"Antonella Pagliarani a bordo dell&#8217;elicottero precipitato a Verbano: con lei anche il cognato. Figlia di un accademico del Bo, aveva 63 anni"},"content":{"rendered":"<p><a href=\"https:\/\/www.ilgazzettino.it\/t\/padova\" rel=\"nofollow noopener\" target=\"_blank\">PADOVA<\/a> &#8211; Aveva 63 anni compiuti a maggio Antonella Pagliarani, figlia del decano di Ingegneria Gestionale Giorgio Pagliarani, mancato nell\u2019ormai lontano 2008. Mercoled\u00ec scorso era a bordo di un elicottero <a href=\"https:\/\/www.ilgazzettino.it\/t\/ultraleggero\" rel=\"nofollow noopener\" target=\"_blank\">ultraleggero<\/a> insieme al cognato Alessandro Muscinelli, quando il velivolo \u00e8 precipitato in valle Antrona, nella zona di Verbano-Cusio-Ossola, in Piemonte. <\/p>\n<p>    &#13;<\/p>\n<p>APPROFONDIMENTI<\/p>\n<p>&#13;<\/p>\n<p>                            &#13;<br \/>\n                                            &#13;<br \/>\n                            <a href=\"https:\/\/www.ilgazzettino.it\/italia\/cronaca_nera\/elicottero_precipitato_morti_verbano-9726759.html\" rel=\"nofollow noopener\" target=\"_blank\">&#13;<br \/>\n                                                                <img decoding=\"async\" src=\"https:\/\/www.europesays.com\/it\/wp-content\/uploads\/2026\/08\/9726651_26134756_elicottero_precipitato1.jpg\"\/>&#13;<br \/>\n                            <\/a>&#13;<br \/>\n                        &#13;<br \/>\n                                        &#13;<\/p>\n<p>        &#13;<\/p>\n<p> La dinamica <\/p>\n<p>L\u2019incidente \u00e8 avvenuto intorno alle 11 di mattina, a pochi metri dalla diga di Campliccioli, a 1.360 metri di quota. Secondo una prima ricostruzione, ancora al vaglio degli investigatori, l\u2019autogiro avrebbe urtato i cavi della funivia che conduce al lago di Camposecco, un impianto di propriet\u00e0 di Enel e non aperto al pubblico. Dopo l\u2019impatto il velivolo avrebbe preso fuoco, precipitando poi in un\u2019area scoscesa sul versante a valle della diga. Per i due occupanti non c\u2019\u00e8 stato nulla da fare. A raccontare quei momenti \u00e8 stato il sindaco di Antrona Schieranco, Franco Borsotti, che ha assistito alla scena dalla propria abitazione: a detta sua, secondo quanto riportato dall\u2019Ansa, l\u2019incidente ha diversi punti oscuri. L\u2019aereo, ad esempio, ha urtato i cavi di una funivia che pure \u00e8 presente da sessant\u2019anni ed \u00e8 quindi impossibile che non fosse segnalata sulle mappe. Inoltre, sempre secondo quanto riferito dal sindaco, la zona ricade nel parco naturale dell\u2019Alta valle Antrona, dove \u00abnormalmente non si vola\u00bb, e non sarebbero stati richiesti permessi. Sull\u2019accaduto sta indagando la Guardia di Finanza. A terra, ad attendere Antonella, c\u2019era il suo compagno in stato di shock. Con lei, invece, il cognato Alessandro: ingegnere con specializzazione automobilistica, aveva lavorato per anni nel settore della formazione tra Milano e il lago Maggiore. Era inoltre fondatore di Alldrive, societ\u00e0 attiva, tra le altre cose, nell\u2019ambito della guida sicura. <\/p>\n<p>Il ritratto <\/p>\n<p>Quanto ad Antonella Pagliarani era nata a Cesena, come i suoi due fratelli Alessandro e Silvia. La famiglia si era poi trasferita a Padova quando i tre erano ancora piccoli: qui era cresciuta, in via Nazareth, e qui aveva studiato fino all\u2019universit\u00e0. Era partita con una formazione umanistica, poi un Master in Business Economics in Regno Unito e infine il percorso per diventare counselor e coach. Antonella Pagliarani aveva costruito la propria esperienza professionale attraversando ambiti diversi, dalla gestione delle risorse umane alla consulenza organizzativa per le aziende. Una curiosit\u00e0 che, come raccontava lei stessa, l\u2019aveva portata a \u00abesplorare\u00bb luoghi e situazioni professionali differenti. Il lavoro l\u2019aveva portata, ormai da diversi anni, a trasferirsi a Milano, dove affiancava imprenditori e manager nei percorsi di cambiamento e coaching, a sostegno delle strategie aziendali. Un&#8217;attivit\u00e0 nella quale confluivano creativit\u00e0, pragmatismo e curiosit\u00e0, qualit\u00e0 che lei stessa indicava come legate alle proprie origini romagnole. Fuori dal lavoro, aveva una grande passione per la vela. \u00abMi piace affrontare il mare\u00bb, scriveva, raccontando cos\u00ec anche un tratto del proprio carattere: la voglia di esplorare e di misurarsi con nuove esperienze. E proprio cos\u00ec la ricorda, ora, Desir\u00e9, un\u2019amica d\u2019infanzia: \u00abEra una donna positiva, solare, piena di passione e di entusiasmo. Era un piacere stare con lei, dava un senso di positivit\u00e0. Ricordo la sua passione per il mare e per la vela, che era una passione di famiglia. \u00c9 un grande dolore \u2013 conclude l\u2019amica \u2013 pensare di averla persa in questo modo improvviso, ingiusto\u00bb.\u00a0<\/p>\n<blockquote class=\"instagram-media\" data-instgrm-captioned=\"\" data-instgrm-permalink=\"https:\/\/www.instagram.com\/p\/DclFE3aDa0d\/?utm_source=ig_embed&amp;utm_campaign=loading\" data-instgrm-version=\"14\" style=\" background:#FFF; border:0; border-radius:3px; box-shadow:0 0 1px 0 rgba(0,0,0,0.5),0 1px 10px 0 rgba(0,0,0,0.15); margin: 1px; max-width:540px; min-width:326px; padding:0; width:99.375%; width:-webkit-calc(100% - 2px); width:calc(100% - 2px);\" wp_automatic_readability=\"-7.2089552238806\"><\/blockquote>\n<p>                         <script async src=\"\/\/www.instagram.com\/embed.js\"><\/script><\/p>\n","protected":false},"excerpt":{"rendered":"PADOVA &#8211; Aveva 63 anni compiuti a maggio Antonella Pagliarani, figlia del decano di Ingegneria Gestionale Giorgio Pagliarani,&hellip;\n","protected":false},"author":3,"featured_media":653785,"comment_status":"","ping_status":"","sticky":false,"template":"","format":"standard","meta":{"footnotes":"","_share_on_mastodon":"0"},"categories":[79],"tags":[358954,14,93,94,1537,90,89,7,15,9839,11,84,91,12,85,92,1477],"class_list":["post-653784","post","type-post","status-publish","format-standard","has-post-thumbnail","category-italia","tag-antonella-pagliarani","tag-cronaca","tag-cronaca-italiana","tag-cronacaitaliana","tag-it","tag-italia","tag-italy","tag-news","tag-notizie","tag-padova","tag-ultime-notizie","tag-ultime-notizie-e-news-di-oggi","tag-ultime-notizie-italia","tag-ultimenotizie","tag-ultimenotizieenewsdioggi","tag-ultimenotizieitalia","tag-ultraleggero"],"share_on_mastodon":{"url":"https:\/\/pubeurope.com\/@it\/117173602691695122","error":""},"_links":{"self":[{"href":"https:\/\/www.europesays.com\/it\/wp-json\/wp\/v2\/posts\/653784","targetHints":{"allow":["GET"]}}],"collection":[{"href":"https:\/\/www.europesays.com\/it\/wp-json\/wp\/v2\/posts"}],"about":[{"href":"https:\/\/www.europesays.com\/it\/wp-json\/wp\/v2\/types\/post"}],"author":[{"embeddable":true,"href":"https:\/\/www.europesays.com\/it\/wp-json\/wp\/v2\/users\/3"}],"replies":[{"embeddable":true,"href":"https:\/\/www.europesays.com\/it\/wp-json\/wp\/v2\/comments?post=653784"}],"version-history":[{"count":0,"href":"https:\/\/www.europesays.com\/it\/wp-json\/wp\/v2\/posts\/653784\/revisions"}],"wp:featuredmedia":[{"embeddable":true,"href":"https:\/\/www.europesays.com\/it\/wp-json\/wp\/v2\/media\/653785"}],"wp:attachment":[{"href":"https:\/\/www.europesays.com\/it\/wp-json\/wp\/v2\/media?parent=653784"}],"wp:term":[{"taxonomy":"category","embeddable":true,"href":"https:\/\/www.europesays.com\/it\/wp-json\/wp\/v2\/categories?post=653784"},{"taxonomy":"post_tag","embeddable":true,"href":"https:\/\/www.europesays.com\/it\/wp-json\/wp\/v2\/tags?post=653784"}],"curies":[{"name":"wp","href":"https:\/\/api.w.org\/{rel}","templated":true}]}}