{"id":653788,"date":"2026-08-28T14:35:19","date_gmt":"2026-08-28T14:35:19","guid":{"rendered":"https:\/\/www.europesays.com\/it\/653788\/"},"modified":"2026-08-28T14:35:19","modified_gmt":"2026-08-28T14:35:19","slug":"alcaraz-giochera-gli-us-open-allenamenti-ridotti-e-a-porte-chiuse","status":"publish","type":"post","link":"https:\/\/www.europesays.com\/it\/653788\/","title":{"rendered":"Alcaraz giocher\u00e0 gli Us Open? Allenamenti ridotti e a porte chiuse"},"content":{"rendered":"<p>                                Il programma degli ultimi giorni non ha contribuito a fare chiarezza sulle condizioni di Carlos, assente dalle sedute di gioco anche nella schedule ufficiale di oggi<\/p>\n<p>            <a class=\"image is-50x50\" href=\"https:\/\/www.gazzetta.it\/collaboratori\/luigi-ansaloni\/\" rel=\"nofollow noopener\" target=\"_blank\"><br \/>\n                <img decoding=\"async\" class=\"is-rounded\" src=\"https:\/\/www.europesays.com\/it\/wp-content\/uploads\/2026\/03\/1774472354_735_omino.png\" alt=\"Luigi Ansaloni\"\/><br \/>\n            <\/a><\/p>\n<p>Collaboratore<\/p>\n<p>                    28 agosto (modifica alle 15:34)  &#8211; MILANO<\/p>\n<p class=\"paragraph\" spellcheck=\"true\">C\u2019\u00e8 sempre un po\u2019 di mistero attorno alle condizioni di Carlos Alcaraz a New York. La domanda \u00e8 una sola: come sta davvero il fuoriclasse spagnolo?  Nessun allarme ufficiale, nessuna comunicazione che faccia pensare a un forfait imminente. Ma una serie di segnali che, messi insieme, alimentano qualche interrogativo. Le condizioni del murciano, al rientro dopo quattro mesi di stop per l\u2019infortunio al polso, sono uno dei temi pi\u00f9 delicati alla vigilia dello US Open, gi\u00e0 orfano di Jannik Sinner. E il programma degli ultimi giorni non ha certo contribuito a fare chiarezza.\u00a0<\/p>\n<p>        Allenamenti ridotti e porte chiuse\u2014 \u00a0<\/p>\n<p class=\"paragraph\" spellcheck=\"true\">Il primo segnale \u00e8 arrivato mercoled\u00ec, quando Alcaraz non si \u00e8 allenato dopo l\u2019esibizione in doppio misto con Serena Williams. Ieri, invece, Carlos \u00e8 tornato in campo per una seduta a porte chiuse, probabilmente a causa del maltempo che ha colpito New York. Un lavoro leggero, senza particolare intensit\u00e0. Nulla che non possa rientrare nella normale gestione della preparazione, soprattutto dopo i problemi fisici delle ultime settimane. Ma il quadro resta poco chiaro.\u00a0<\/p>\n<p>        Oggi non c\u2019\u00e8 nel programma\u2014 \u00a0<\/p>\n<p class=\"paragraph\" spellcheck=\"true\">Alcaraz, infatti, non compare nella schedule ufficiale degli allenamenti di oggi. Il suo nome non \u00e8 inserito nel programma delle sessioni all\u2019aperto. Un dettaglio che non significa necessariamente che non scender\u00e0 in campo: l\u2019ipotesi pi\u00f9 probabile \u00e8 che possa continuare a lavorare al chiuso, lontano da occhi indiscreti e anche al riparo dal maltempo che in queste ore condiziona il programma a New York. Accortezze, per\u00f2, piuttosto insolite per Alcaraz. Lo spagnolo, infatti, ama allenarsi all\u2019aperto, in mezzo alla gente, con il pubblico assiepato attorno al campo.\u00a0<\/p>\n<p>        L\u2019esordio contro Safiullin\u2014 \u00a0<\/p>\n<p class=\"paragraph\" spellcheck=\"true\">Per ora non ci sono certezze, ma neppure allarmi rossi. Solo una serie di elementi da monitorare in vista del debutto. Alcaraz affronter\u00e0 il russo Roman Safiullin, avversario tutt\u2019altro che semplice. Non proprio il test ideale per verificare la condizione in uno Slam dopo quattro mesi di stop.\u00a0<\/p>\n<p>        Le risposte al media day\u2014 \u00a0<\/p>\n<p class=\"paragraph\" spellcheck=\"true\">Una prima occasione per capire qualcosa in pi\u00f9 arriver\u00e0 molto presto. Alcaraz sar\u00e0 infatti davanti alla stampa per il media day, gi\u00e0 programmato alle 18.45, ora italiana. Sar\u00e0 quello il momento in cui Carlos potr\u00e0 chiarire direttamente le sue condizioni, spiegare il lavoro degli ultimi giorni e fare il punto sulla sua presenza e sulle sue ambizioni nel singolare. Fino ad allora, il caso resta aperto. Senza forzare le interpretazioni e senza trasformare semplici indizi in verdetti, ma con gli occhi puntati su ogni suo movimento. Perch\u00e9 a New York, attorno ad Alcaraz, qualche domanda continua a esserci. E nelle prossime ore potrebbero arrivare le prime risposte.<\/p>\n<p class=\"is-copyright\">\u00a9 RIPRODUZIONE RISERVATA<\/p>\n","protected":false},"excerpt":{"rendered":"Il programma degli ultimi giorni non ha contribuito a fare chiarezza sulle condizioni di Carlos, assente dalle sedute&hellip;\n","protected":false},"author":3,"featured_media":653789,"comment_status":"","ping_status":"","sticky":false,"template":"","format":"standard","meta":{"footnotes":"","_share_on_mastodon":"0"},"categories":[1457],"tags":[1265,6211,360653,360654,12672,11277,921,3363,6911,7527,3858,360655,4202,360656,1278,4084,2341,1537,90,89,437,793,152805,11040,11041,7522,15311,897,245,244,1273,409,338,16860],"class_list":["post-653788","post","type-post","status-publish","format-standard","has-post-thumbnail","category-tennis","tag-alcaraz","tag-allenamenti","tag-allenamenti-ridotti","tag-allenamenti-ridotti-porte","tag-aperto","tag-attorno","tag-campo","tag-carlos","tag-chiarezza","tag-chiuse","tag-condizioni","tag-condizioni-carlos","tag-contribuito","tag-contribuito-chiarezza","tag-davvero","tag-day","tag-domanda","tag-it","tag-italia","tag-italy","tag-maltempo","tag-media","tag-media-day","tag-new","tag-new-york","tag-porte","tag-porte-chiuse","tag-programma","tag-sport","tag-sports","tag-tennis","tag-ufficiale","tag-ultimi","tag-york"],"share_on_mastodon":{"url":"https:\/\/pubeurope.com\/@it\/117173639281278658","error":""},"_links":{"self":[{"href":"https:\/\/www.europesays.com\/it\/wp-json\/wp\/v2\/posts\/653788","targetHints":{"allow":["GET"]}}],"collection":[{"href":"https:\/\/www.europesays.com\/it\/wp-json\/wp\/v2\/posts"}],"about":[{"href":"https:\/\/www.europesays.com\/it\/wp-json\/wp\/v2\/types\/post"}],"author":[{"embeddable":true,"href":"https:\/\/www.europesays.com\/it\/wp-json\/wp\/v2\/users\/3"}],"replies":[{"embeddable":true,"href":"https:\/\/www.europesays.com\/it\/wp-json\/wp\/v2\/comments?post=653788"}],"version-history":[{"count":0,"href":"https:\/\/www.europesays.com\/it\/wp-json\/wp\/v2\/posts\/653788\/revisions"}],"wp:featuredmedia":[{"embeddable":true,"href":"https:\/\/www.europesays.com\/it\/wp-json\/wp\/v2\/media\/653789"}],"wp:attachment":[{"href":"https:\/\/www.europesays.com\/it\/wp-json\/wp\/v2\/media?parent=653788"}],"wp:term":[{"taxonomy":"category","embeddable":true,"href":"https:\/\/www.europesays.com\/it\/wp-json\/wp\/v2\/categories?post=653788"},{"taxonomy":"post_tag","embeddable":true,"href":"https:\/\/www.europesays.com\/it\/wp-json\/wp\/v2\/tags?post=653788"}],"curies":[{"name":"wp","href":"https:\/\/api.w.org\/{rel}","templated":true}]}}