{"id":653807,"date":"2026-08-28T14:48:17","date_gmt":"2026-08-28T14:48:17","guid":{"rendered":"https:\/\/www.europesays.com\/it\/653807\/"},"modified":"2026-08-28T14:48:17","modified_gmt":"2026-08-28T14:48:17","slug":"alzheimer-smog-e-inquinamento-salgono-sul-banco-degli-imputati","status":"publish","type":"post","link":"https:\/\/www.europesays.com\/it\/653807\/","title":{"rendered":"Alzheimer, smog e inquinamento salgono sul banco degli imputati"},"content":{"rendered":"<p data-path-to-node=\"8\">Vivere per anni in aree urbane ad alto tasso di smog si ripercuote sui <strong>polmoni<\/strong> o sulle <strong>arterie coronarie<\/strong> che circondano il cuore, ma c&#8217;\u00e8 un fattore di rischio biologico che la ricerca scientifica sta progressivamente mettendo a fuoco. Torna infatti di stringente attualit\u00e0 uno studio avviato dalla Harvard T.H. Chan School of Public Health e pubblicato su Environmental Health Perspectives: la svolta degli ultimi mesi risiede nella rianalisi dei dati di coorte e nei primi riscontri autoptici che confermano l&#8217;ipotesi, direttamente sul tessuto cerebrale umano, che l&#8217;esposizione cronica alle polveri e ai gas di scarico possa accelerare i processi di decadimento cognitivo. Le sostanze gassose e le polveri sottili che vengono inalate riuscirebbero a raggiungere verosimilmente i tessuti cerebrali, condizionando gli equilibri biochimici che regolano i processi nobili come l&#8217;elaborazione della memoria a breve termine.<\/p>\n<p data-path-to-node=\"9\">\u00c8 bene precisare che la ricerca non intende affermare che l&#8217;esposizione allo smog determini in modo automatico lo sviluppo dell&#8217;Alzheimer, o che vivendo in una citt\u00e0 inquinata si sia destinati a manifestare la patologia, o al contrario che nelle localit\u00e0 rurali dove l&#8217;aria \u00e8 pura si sia meno soggetti a sviluppare una <strong>demenza<\/strong>. La scienza si muove infatti su un piano molto pi\u00f9 sottile e rigoroso: l&#8217;obiettivo prioritario \u00e8 chiarire l&#8217;effettiva misura di questa ipotetica correlazione, e identificare i precisi meccanismi molecolari attraverso cui i micro-inquinanti, una volta raggiunta e superata la barriera ematoencefalica, interferiscono con le dinamiche di formazione delle <strong>placche amiloidi<\/strong> nei soggetti predisposti.<\/p>\n<p data-path-to-node=\"10\">La ragione per cui questo studio riveste oggi un ruolo centrale, secondo gli autori, \u00e8 la sua capacit\u00e0 di inserirsi in un mosaico di acquisizioni ben pi\u00f9 ampio. La ricerca sull&#8217;Alzheimer, infatti, non \u00e8 a senso unico e l&#8217;inquinamento atmosferico rappresenta un indizio prezioso, ma chiaramente non l&#8217;unico fattore in gioco. Le <strong>neuroscienze<\/strong> stanno compiendo passi da gigante su molteplici versanti, dalle alterazioni del microbiota intestinale, come segnali lungo l&#8217;asse intestino-cervello, all&#8217;accumulo di <strong>proteina tau<\/strong> nelle cellule nervose, fino alle predisposizioni genetiche e vascolari. Ogni nuova scoperta sui fattori ambientali come concausa non fa che integrare ed esaltare le conoscenze acquisite in altri campi delle neuroscienze.<\/p>\n<p>Meccanismo e numeri<\/p>\n<p data-path-to-node=\"11\">I dati epidemiologici validati dal <strong>team di Harvard<\/strong> mostrano come l&#8217;esposizione cronica al biossido di azoto (NO2) e al particolato atmosferico ultrafine\u00a0(PM\u00a02.5) produca un incremento del +38% nella deposizione parenchimale di oligomeri di proteina beta-amiloide\u00a0in soggetti recanti <strong>l&#8217;allele di rischio<\/strong> APOE epsilon 4. Le evidenze mostrano che le molecole ultrasottili in sospensione nell&#8217;aria atmosferica penetrano la barriera inducendo uno stress ossidativo diretto che innesca un&#8217;infiammazione costante.<\/p>\n<p data-path-to-node=\"12\">Marc Weisskopf, docente di epidemiologia ad Harvard e prima firma della pubblicazione, ha ipotizzato che l&#8217;esposizione agli inquinanti gassosi urbani sia in grado di innescare un danno molecolare diretto che conduce alla <strong>microgliosi aberrante<\/strong>. Non siamo di fronte a una semplice associazione statistica, ma a un&#8217;iperattivazione dei recettori dell&#8217;immunit\u00e0 innata cerebrale che converte un segnale tossicologico ambientale in un danno neurodegenerativo. La microgliosi aberrante \u00e8 una risposta immunitaria anomala, eccessiva o disfunzionale delle cellule della microglia, i <strong>macrofagi spazzini<\/strong> residenti nel sistema nervoso centrale. In condizioni normali, la microglia protegge il cervello eliminando detriti e componenti cellulari deteriorate. Quando questo processo diventa aberrante, perde il significato protettivo e pu\u00f2 iniziare a ledere i neuroni sani e le connessioni sinaptiche funzionali, alimentando uno stato di neuroinfiammazione cronica.<\/p>\n<p>    <a href=\"https:\/\/www.mondosanita.it\/news\/studi-e-ricerca\/108498\/declino-cognitivo-le-cellule-che-proteggono-i-neuroni-possono-diventare-parte-del-problema.html?utm_source=VCMS_correlati\" class=\"vc_cont_image\" rel=\"nofollow noopener\" target=\"_blank\"><img decoding=\"async\" class=\"vc_image\" src=\"https:\/\/mondosanita.cdn.m33cloud.com\/resizer\/150\/-1\/true\/2026_08_25\/ChatGPT_Image_25_ago_2026__22_22_17-1787689436394.png--declino_cognitivo__le_cellule_che_proteggono_i_neuroni_possono_diventare_parte_del_problema.webp\"\/><\/a><\/p>\n<p data-path-to-node=\"13\">I ricercatori non si sono fermati alle evidenze emerse lo scorso anno: la <strong>rete scientifica traslazionale<\/strong> ha avviato una fase sperimentale per mappare l&#8217;esatta sequenza di segnalazione intracellulare. Tecnicamente, il biossido di azoto e le particelle inalate ingaggiano i Toll-Like Receptors 4 (TLR4) e i recettori CD36 localizzati sulla <strong>membrana citoplasmatica<\/strong> delle cellule della microglia. Il legame del ligando tossico con il recettore di membrana TLR4 innesca la traslocazione nucleare del fattore di trascrizione NF-kB (nuclear factor kappa-light-chain-enhancer of activated B cells), stimolando la produzione delle citochine proinfiammatorie\u00a0TNF-\u03b1 (fattore di necrosi tumorale alfa), l&#8217;Interleuchina 1 Beta, l&#8217;Interleuchina 6,\u00a0e specie reattive dell&#8217;ossigeno (ROS).<\/p>\n<p data-path-to-node=\"14\">Parallelamente, il processo di endocitosi porta al sequestro delle particelle all&#8217;interno dei fagosomi. Nel momento in cui il fagosoma si fonde con l&#8217;organello digestivo primario, formando il <strong>fagolisosoma<\/strong>, le idrolasi acide e le catepsine lisosomiali non riescono a degradare i complessi inorganici dei micro-inquinanti. Questa disfunzione dei lisosomi provoca l&#8217;accumulo interno di <strong>lipofuscina<\/strong> (pigmento di colore giallo-bruno formato da scarti di lipidi ossidati e proteine denaturate che si accumulano nelle cellule con la senescenza), l&#8217;inibizione della via autofagica e la perdita della capacit\u00e0 di smaltire peptidi extracellulari. Questi peptidi non degradati formano cos\u00ec fibrille insolubili che precipitano nello spazio tra le sinapsi.<\/p>\n<p>Genetica e invecchiamento<\/p>\n<p data-path-to-node=\"15\">Per chi risiede in grandi agglomerati urbani, questa indagine sperimentale potrebbe far riflettere. Ottenere una prova significativa che lo smog agisce da acceleratore biologico sul cervello permette di non considerare pi\u00f9 la demenza come un evento inevitabile o legato unicamente all&#8217;invecchiamento, ma come una <strong>condizione multifattoriale<\/strong> influenzata da concause ambientali e biologiche modificabili sui quali \u00e8 possibile intervenire, a patto di individuare i soggetti teoricamente vulnerabili, o inquadrabili in un profilo genetico peculiare.<\/p>\n<p data-path-to-node=\"16\">Questo filone di studi si configura attualmente come una ricerca di Fase 1 (studi meccanistici di base in vitro su colture di microglia umana e modelli traslazionali preclinici in vivo). L&#8217;obiettivo primario di questa fase non \u00e8 ancora la somministrazione di terapie a pazienti in ambiente clinico, ma punta a identificare bersagli farmacologici validati (drug target) e a completare l&#8217;analisi di tollerabilit\u00e0 biologica di piccoli peptidi bloccanti i <strong>recettori TLR4\/CD36<\/strong>.<\/p>\n<p data-path-to-node=\"17\">L&#8217;Organizzazione Mondiale della Sanit\u00e0 indaga da anni sull&#8217;impatto degli inquinanti atmosferici nei processi legati alla demenza. La<strong> medicina ambientale<\/strong> definisce la prevenzione in questa cornice come una priorit\u00e0 di salute pubblica, stimando che la riduzione degli inquinanti atmosferici potrebbe contribuire a prevenire fino al 15% dei casi, tra demenze su base vascolare e casi di deterioramento mentale su base neurologica.<\/p>\n<p>    <a href=\"https:\/\/www.mondosanita.it\/news\/salute\/107800\/alzheimer-il-test-del-sangue-esce-dal-laboratorio-cosa-puo-gia-dirci-e-cosa-ancora-no.html?utm_source=VCMS_correlati\" class=\"vc_cont_image\" rel=\"nofollow noopener\" target=\"_blank\"><img decoding=\"async\" class=\"vc_image\" src=\"https:\/\/mondosanita.cdn.m33cloud.com\/resizer\/150\/-1\/true\/2026_08_13\/ChatGPT_Image_13_ago_2026%2C_22_46_43-1786654009894.jpg--alzheimer__il_test_del_sangue_esce_dal_laboratorio__cosa_puo_gia_dirci_e_cosa_ancora_no.webp?1786654010264\"\/><\/a><\/p>\n<p data-path-to-node=\"18\">Dunque, sulla base di queste premesse, il riscontro clinicamente rilevante per i medici e per le famiglie risiede nel saper riconoscere precocemente i prodromi dell&#8217;Alzheimer e del deterioramento su base neurologica, intercettando i campanelli d&#8217;allarme prima della fase conclamata di malattia:<\/p>\n<ul data-path-to-node=\"19\">&#13;<\/p>\n<li>&#13;\n<p data-path-to-node=\"19,0,0\"><strong>Lieve decadimento<\/strong> cognitivo (MCI &#8211; Mild Cognitive Impairment), caratterizzato da sottili deficit di memoria a breve termine e difficolt\u00e0 di concentrazione.<\/p>\n<p>&#13;\n<\/li>\n<p>&#13;<\/p>\n<li>&#13;\n<p data-path-to-node=\"19,1,0\"><strong>Anomia occasionale<\/strong>, con esitazione sempre pi\u00f9 frequente nel reperimento di parole di uso comune.<\/p>\n<p>&#13;\n<\/li>\n<p>&#13;<\/p>\n<li>&#13;\n<p data-path-to-node=\"19,2,0\"><strong>Disorientamento<\/strong> spazio-temporale transitorio, in particolare lungo percorsi abituali o in ambienti non familiari.<\/p>\n<p>&#13;\n<\/li>\n<p>&#13;<\/p>\n<li>&#13;\n<p data-path-to-node=\"19,3,0\"><strong>Alterazione del ciclo<\/strong> sonno-veglia, con fragilit\u00e0 dell&#8217;architettura EEG notturna e frequenti risvegli confusi.<\/p>\n<p>&#13;\n<\/li>\n<p>&#13;<\/p>\n<li>&#13;\n<p data-path-to-node=\"19,4,0\"><strong>Lieve aprassia<\/strong> costruttiva ed esecutiva, visibile nella difficolt\u00e0 improvvisa a gestire compiti complessi come la rendicontazione economica domestica o l&#8217;uso di apparecchi elettronici.<\/p>\n<p>&#13;\n<\/li>\n<p>&#13;\n<\/ul>\n<p>La ricerca in sintesi<\/p>\n<p data-path-to-node=\"0\">Quando si affronta il dato del <b data-path-to-node=\"0\" data-index-in-node=\"12\">+38% nell&#8217;accumulo delle placche<\/b>\u00a0questo riguarda l&#8217;effetto dell&#8217;inquinamento atmosferico (in particolare il particolato fine e il particolato da scarico dei motori diesel) sulla progressione delle malattie neurodegenerative come l&#8217;Alzheimer.<\/p>\n<p data-path-to-node=\"1\">Il meccanismo neurobiologico e la progressione degli eventi descritti nello studio si pu\u00f2 schematizzare in questo modo:<\/p>\n<p>1. Il recettore TLR4 e la microgl\u00eca <\/p>\n<p data-path-to-node=\"3\">La <b data-path-to-node=\"3\" data-index-in-node=\"3\">microgl\u00eca<\/b> costituisce la prima linea di difesa immunitaria del cervello. Sulla superficie di queste cellule \u00e8 presente un recettore specifico chiamato <b data-path-to-node=\"3\" data-index-in-node=\"154\">TLR4<\/b> (Toll-Like Receptor 4).<\/p>\n<ul data-path-to-node=\"4\">&#13;<\/p>\n<li>&#13;\n<p data-path-to-node=\"4,0,0\">Il recettore TLR4 si comporta come una sirena d&#8217;allarme concepita per rilevare batteri o segnali di danno cellulare.<\/p>\n<p>&#13;\n<\/li>\n<p>&#13;<\/p>\n<li>&#13;\n<p data-path-to-node=\"4,1,0\">Le microparticelle derivate dagli inquinanti atmosferici, penetrando fino al tessuto cerebrale attraverso il torrente circolatorio o risalite dal bulbo olfattivo, ingannano il recettore TLR4 attivandolo in modo anomalo.<\/p>\n<p>&#13;\n<\/li>\n<p>&#13;\n<\/ul>\n<p>2. La cascata neuroinfiammatoria<\/p>\n<p data-path-to-node=\"6\">Quando il recettore TLR4 viene attivato dal particolato:<\/p>\n<ul data-path-to-node=\"7\">&#13;<\/p>\n<li>&#13;\n<p data-path-to-node=\"7,0,0\">La microgl\u00eca passa da una funzione protettiva a un profilo <b data-path-to-node=\"7,0,0\" data-index-in-node=\"56\">pro-infiammatorio<\/b>.<\/p>\n<p>&#13;\n<\/li>\n<p>&#13;<\/p>\n<li>&#13;\n<p data-path-to-node=\"7,1,0\">Inizia a rilasciare in modo continuativo molecole infiammatorie (citochine) e radicali liberi.<\/p>\n<p>&#13;\n<\/li>\n<p>&#13;<\/p>\n<li>&#13;\n<p data-path-to-node=\"7,2,0\" id=\"p-rc_467aaf99d3573224-23\">Questo logorio danneggia l&#8217;ambiente neuronale circostante anzich\u00e9 proteggerlo. <\/p>\n<p>&#13;\n<\/li>\n<p>&#13;\n<\/ul>\n<p>3. Perch\u00e9 le placche aumentano (+38%)<\/p>\n<p data-path-to-node=\"9\">In condizioni normali, la microgl\u00eca ingloba e smaltisce i frammenti tossici come la proteina <b data-path-to-node=\"9\" data-index-in-node=\"126\">beta-amiloide<\/b>.<\/p>\n<p data-path-to-node=\"10\">Quando l&#8217;attivazione prolungata da TLR4 distoglie la microgl\u00eca dai suoi compiti abbiamo:<\/p>\n<ul data-path-to-node=\"11\">&#13;<\/p>\n<li>&#13;\n<p data-path-to-node=\"11,0,0\"><b data-path-to-node=\"11,0,0\" data-index-in-node=\"0\">Perdita della capacit\u00e0<\/b>\u00a0di eliminare efficacemente la proteina beta-amiloide.<\/p>\n<p>&#13;\n<\/li>\n<p>&#13;<\/p>\n<li>&#13;\n<p data-path-to-node=\"11,1,0\"><b data-path-to-node=\"11,1,0\" data-index-in-node=\"0\">Accumulo di placche<\/b>\u00a0amiloidi. Nel modello di laboratorio, l&#8217;esposizione al particolato accoppiata all&#8217;attivazione del percorso TLR4 genera un <b data-path-to-node=\"11,1,0\" data-index-in-node=\"183\">incremento misurabile fino al 38% del carico di placche<\/b> e dei marcatori di danno neuronale riscontrati nel tessuto cerebrale.<\/p>\n<p>&#13;\n<\/li>\n<p>&#13;\n<\/ul>\n<p>Il valore della scoperta<\/p>\n<p data-path-to-node=\"13\" id=\"p-rc_467aaf99d3573224-24\">L&#8217;aspetto centrale di questa linea di ricerca \u00e8 aver identificato il recettore <b data-path-to-node=\"13\" data-index-in-node=\"79\">TLR4 come mediatore chiave<\/b>. Dimostrare che la disattivazione o il blocco genetico\/farmacologico del TLR4 previene l&#8217;aumento delle placche e della neuroinfiammazione fornisce un bersaglio terapeutico preciso. In futuro, questo potrebbe permettere di proteggere il cervello dai danni cerebrali indotti dall&#8217;esposizione cronica allo smog ambientale.<\/p>\n<p data-path-to-node=\"20\">Guardare alla salute del cervello con questa nuova consapevolezza cambia radicalmente l&#8217;approccio alla prevenzione e al benessere personale. Ridurre il tempo di permanenza a ridosso delle arterie stradali pi\u00f9 congestionate durante gli orari di punta, curare la filtrazione dell&#8217;aria negli ambienti indoor domestici ed esercitare un&#8217;attivit\u00e0 fisica costante all&#8217;interno di spazi verdi lontano dai gas di scarico delle auto sono decisioni concrete per preservare la riserva cognitiva e proteggere i nostri cari.<\/p>\n<p>    <a href=\"https:\/\/www.mondosanita.it\/news\/ultime-scoperte\/107796\/nanoplastiche-nel-liquor-e-sla-la-scoperta-dell-universita-di-modena-e-reggio-emilia.html?utm_source=VCMS_correlati\" class=\"vc_cont_image\" rel=\"nofollow noopener\" target=\"_blank\"><img decoding=\"async\" class=\"vc_image\" src=\"https:\/\/mondosanita.cdn.m33cloud.com\/resizer\/150\/-1\/true\/2026_08_13\/NanoplastGemini_Generated_Image_dqqwzidqqwzidqqw-1786645423013.png--nanoplastiche_nel_liquor__la_scoperta_che_rilancia_l_indagine_sulle_cause_della_sla.webp?1786645423330\"\/><\/a><\/p>\n<p data-path-to-node=\"22\"><b data-path-to-node=\"22\" data-index-in-node=\"0\">Riferimenti Bibliografici<\/b><\/p>\n<ul data-path-to-node=\"23\">&#13;<\/p>\n<li>&#13;\n<p data-path-to-node=\"23,0,0\">Harvard T.H. Chan School of Public Health. Environmental Air Pollution, Microglial TLR4 Activation and Neurodegenerative Pathways. Environmental Health Perspectives, 2025.<\/p>\n<p>&#13;\n<\/li>\n<p>&#13;<\/p>\n<li>&#13;\n<p data-path-to-node=\"23,1,0\">World Health Organization. Global Air Quality Guidelines and Neurodegenerative Risk Factor Mapping. WHO Guidelines Publication, 2024.<\/p>\n<p>&#13;\n<\/li>\n<p>&#13;\n<\/ul>\n","protected":false},"excerpt":{"rendered":"Vivere per anni in aree urbane ad alto tasso di smog si ripercuote sui polmoni o sulle arterie&hellip;\n","protected":false},"author":3,"featured_media":653808,"comment_status":"","ping_status":"","sticky":false,"template":"","format":"standard","meta":{"footnotes":"","_share_on_mastodon":"0"},"categories":[175],"tags":[2998,336558,360657,18831,239,8477,1537,90,89,110521,332118,57287,360658,240],"class_list":["post-653807","post","type-post","status-publish","format-standard","has-post-thumbnail","category-salute","tag-alzheimer","tag-biossido-di-azoto","tag-chan-school-of-public-health","tag-harvard","tag-health","tag-inquinamento","tag-it","tag-italia","tag-italy","tag-medicina-ambientale","tag-microglia","tag-neuroscienze","tag-recettore-tlr4","tag-salute"],"share_on_mastodon":{"url":"","error":""},"_links":{"self":[{"href":"https:\/\/www.europesays.com\/it\/wp-json\/wp\/v2\/posts\/653807","targetHints":{"allow":["GET"]}}],"collection":[{"href":"https:\/\/www.europesays.com\/it\/wp-json\/wp\/v2\/posts"}],"about":[{"href":"https:\/\/www.europesays.com\/it\/wp-json\/wp\/v2\/types\/post"}],"author":[{"embeddable":true,"href":"https:\/\/www.europesays.com\/it\/wp-json\/wp\/v2\/users\/3"}],"replies":[{"embeddable":true,"href":"https:\/\/www.europesays.com\/it\/wp-json\/wp\/v2\/comments?post=653807"}],"version-history":[{"count":0,"href":"https:\/\/www.europesays.com\/it\/wp-json\/wp\/v2\/posts\/653807\/revisions"}],"wp:featuredmedia":[{"embeddable":true,"href":"https:\/\/www.europesays.com\/it\/wp-json\/wp\/v2\/media\/653808"}],"wp:attachment":[{"href":"https:\/\/www.europesays.com\/it\/wp-json\/wp\/v2\/media?parent=653807"}],"wp:term":[{"taxonomy":"category","embeddable":true,"href":"https:\/\/www.europesays.com\/it\/wp-json\/wp\/v2\/categories?post=653807"},{"taxonomy":"post_tag","embeddable":true,"href":"https:\/\/www.europesays.com\/it\/wp-json\/wp\/v2\/tags?post=653807"}],"curies":[{"name":"wp","href":"https:\/\/api.w.org\/{rel}","templated":true}]}}