{"id":653935,"date":"2026-08-28T16:38:17","date_gmt":"2026-08-28T16:38:17","guid":{"rendered":"https:\/\/www.europesays.com\/it\/653935\/"},"modified":"2026-08-28T16:38:17","modified_gmt":"2026-08-28T16:38:17","slug":"uomini-e-donne-2026-anticipazioni-alessandra-mussolini-opinionista-giorgia-angeloni-nuova-tronista-e-gli-ex-temptation-island-attesi-in-studio","status":"publish","type":"post","link":"https:\/\/www.europesays.com\/it\/653935\/","title":{"rendered":"Uomini e Donne 2026, anticipazioni: Alessandra Mussolini opinionista, Giorgia Angeloni nuova tronista e gli ex Temptation Island attesi in studio"},"content":{"rendered":"<p>Sono cominciate gioved\u00ec 27 agosto negli studi Elios di Roma le registrazioni della nuova stagione di <strong><a href=\"https:\/\/www.ilmessaggero.it\/t\/uomini-e-donne\" rel=\"nofollow noopener\" target=\"_blank\">Uomini e Donne<\/a><\/strong>, e la prima giornata ha gi\u00e0 consegnato la notizia che si attendeva da giorni: <strong><a href=\"https:\/\/www.ilmessaggero.it\/t\/alessandra-mussolini\" rel=\"nofollow noopener\" target=\"_blank\">Alessandra Mussolini<\/a><\/strong>, reduce dalla vittoria al <strong><a href=\"https:\/\/www.ilmessaggero.it\/t\/grande-fratello-vip\" rel=\"nofollow noopener\" target=\"_blank\">Grande Fratello Vip<\/a><\/strong>, si siede al banco degli opinionisti accanto a <strong><a href=\"https:\/\/www.ilmessaggero.it\/t\/tina-cipollari\" rel=\"nofollow noopener\" target=\"_blank\">Tina Cipollari<\/a>, <a href=\"https:\/\/www.ilmessaggero.it\/t\/gianni-sperti\" rel=\"nofollow noopener\" target=\"_blank\">Gianni Sperti<\/a> e Tin\u00ec Cansino<\/strong>. Il programma di <strong>Maria De Filippi<\/strong>, che taglia il traguardo delle trenta edizioni, torner\u00e0 su Canale 5 con il consueto appuntamento del daytime, la data pi\u00f9 accreditata \u00e8 <strong>luned\u00ec 21 settembre<\/strong>, anche se <a href=\"https:\/\/www.ilmessaggero.it\/t\/mediaset\" rel=\"nofollow noopener\" target=\"_blank\">Mediaset<\/a> non l&#8217;ha ancora ufficializzata.<\/p>\n","protected":false},"excerpt":{"rendered":"Sono cominciate gioved\u00ec 27 agosto negli studi Elios di Roma le registrazioni della nuova stagione di Uomini e&hellip;\n","protected":false},"author":3,"featured_media":653936,"comment_status":"","ping_status":"","sticky":false,"template":"","format":"standard","meta":{"footnotes":"","_share_on_mastodon":"0"},"categories":[174],"tags":[50617,203,92567,360742,19131,204,1537,90,89,5602,9060,987,360743,38966,9240],"class_list":["post-653935","post","type-post","status-publish","format-standard","has-post-thumbnail","category-intrattenimento","tag-alessandra-mussolini","tag-entertainment","tag-gianni-sperti","tag-giorgia-angeloni","tag-grande-fratello-vip","tag-intrattenimento","tag-it","tag-italia","tag-italy","tag-maria-de-filippi","tag-mediaset","tag-roma","tag-tin-cansino","tag-tina-cipollari","tag-uomini-e-donne"],"share_on_mastodon":{"url":"https:\/\/pubeurope.com\/@it\/117174121922171590","error":""},"_links":{"self":[{"href":"https:\/\/www.europesays.com\/it\/wp-json\/wp\/v2\/posts\/653935","targetHints":{"allow":["GET"]}}],"collection":[{"href":"https:\/\/www.europesays.com\/it\/wp-json\/wp\/v2\/posts"}],"about":[{"href":"https:\/\/www.europesays.com\/it\/wp-json\/wp\/v2\/types\/post"}],"author":[{"embeddable":true,"href":"https:\/\/www.europesays.com\/it\/wp-json\/wp\/v2\/users\/3"}],"replies":[{"embeddable":true,"href":"https:\/\/www.europesays.com\/it\/wp-json\/wp\/v2\/comments?post=653935"}],"version-history":[{"count":0,"href":"https:\/\/www.europesays.com\/it\/wp-json\/wp\/v2\/posts\/653935\/revisions"}],"wp:featuredmedia":[{"embeddable":true,"href":"https:\/\/www.europesays.com\/it\/wp-json\/wp\/v2\/media\/653936"}],"wp:attachment":[{"href":"https:\/\/www.europesays.com\/it\/wp-json\/wp\/v2\/media?parent=653935"}],"wp:term":[{"taxonomy":"category","embeddable":true,"href":"https:\/\/www.europesays.com\/it\/wp-json\/wp\/v2\/categories?post=653935"},{"taxonomy":"post_tag","embeddable":true,"href":"https:\/\/www.europesays.com\/it\/wp-json\/wp\/v2\/tags?post=653935"}],"curies":[{"name":"wp","href":"https:\/\/api.w.org\/{rel}","templated":true}]}}