{"id":653985,"date":"2026-08-28T17:22:17","date_gmt":"2026-08-28T17:22:17","guid":{"rendered":"https:\/\/www.europesays.com\/it\/653985\/"},"modified":"2026-08-28T17:22:17","modified_gmt":"2026-08-28T17:22:17","slug":"reggio-emilia-presentati-ufficialmente-rob-edwards-e-riccardo-visconti","status":"publish","type":"post","link":"https:\/\/www.europesays.com\/it\/653985\/","title":{"rendered":"Reggio Emilia, presentati ufficialmente Rob Edwards e Riccardo Visconti"},"content":{"rendered":"<p class=\"isSelectedEnd\">La UNA Hotels Reggio Emilia ha presentato ufficialmente Rob Edwards e Riccardo Visconti, due delle nuove guardie a disposizione di coach Dimitris Priftis per la stagione 2026\/27. Nel corso della presentazione sono intervenuti il General Manager Marco Sambugaro e i due giocatori, che hanno raccontato le prime impressioni sulla nuova avventura in biancorosso.<\/p>\n<p>Di seguito il comunicato della Pallacanestro Reggiana:<\/p>\n<p dir=\"ltr\">Sono stati presentati oggi ufficialmente Rob Edwards e Riccardo Visconti, le due nuove guardie della UNA Hotels Reggio Emilia 2026\/2027. La presentazione si \u00e8 tenuta presso la sede del club biancorosso di Via Martiri della Bettola.<\/p>\n<p dir=\"ltr\">Ad introdurli \u00e8 stato il General Manager Marco Sambugaro: \u201cRob Edwards \u00e8 un po\u2019 la scommessa della nostra stagione: un giocatore che ha giocato in vari campionati in giro per il mondo, ma con poca esperienza nel basket europeo. Siamo contenti di averlo qui e di poterlo aiutare a inserirsi nei meccanismi di squadra. Per quanto riguarda Visconti, un giocatore conosciuto alle nostre latitudini, siamo felici di averlo trovato disponibile sul mercato al momento dell\u2019infortunio di Woldetensae, e apprezziamo l\u2019entusiasmo e la voglia con cui ha accettato la nostra proposta di un contratto annuale\u201d.<\/p>\n<p dir=\"ltr\">Queste le dichiarazioni di Riccardo Visconti: \u201cReggio Emilia \u00e8 stata una scelta facile: dopo la videochiamata con coach Priftis ho subito pensato fosse il posto giusto per trovare quel contesto che tanto cerco. Lottare insieme a qualcuno per raggiungere degli obiettivi, sentirmi parte di qualcosa: questo cercavo nel momento di scegliere una nuova squadra. L\u2019esperienza in Spagna la reputo positiva sotto tutti i punti di vista, sia personale che cestistico, perch\u00e9 ho avuto modo di giocare nel campionato pi\u00f9 competitivo d\u2019Europa e contro i pi\u00f9 grandi club. Il coach mi ha chiesto di dare tutto, impegno e dedizione, e non vedo l\u2019ora di scendere in campo davanti ai tifosi del PalaBigi per ripagare questa fiducia\u201d.<\/p>\n<p dir=\"ltr\">Cos\u00ec invece Rob Edwards: \u201cAbbiamo iniziato forte gli allenamenti, ho trovato un gruppo coeso, di livello e desideroso di costruire qualcosa di importante. La scelta di venire a Reggio Emilia, di cui mi ha parlato in estate Cassius Winston, che viene dalla mia stessa citt\u00e0, nasce dalla voglia di misurarmi in un campionato tosto come quello italiano e in un sistema ben allenato da coach Priftis. Proprio con lui e con il GM Marco Sambugaro i colloqui estivi sono stati intensi, e tutto questo non ha fatto che aumentare il desiderio di venire qui. Porto fisicit\u00e0, su entrambe le met\u00e0 campo, ma voglio davvero fare ci\u00f2 che \u00e8 pi\u00f9 giusto e utile per la squadra. Ho sempre giocato in campionati con stili di gioco diversi: voglio essere me stesso, ma anche apprendere la parte tattica del basket italiano ed europeo\u201d.<\/p>\n<p dir=\"ltr\">Sia Edwards che Visconti saranno impegnati domani, insieme a tutta la UNA Hotels Reggio Emilia, nella prima amichevole prestagionale a Castelnovo ne\u2019 Monti. Il PalaGuidetti ospiter\u00e0 la quarta edizione del Trofeo Sport Valley, dove alle ore 19:00 i biancorossi affronteranno la Fortitudo Bologna.<\/p>\n<p dir=\"ltr\">Sono ancora disponibili i biglietti per assistere alla gara: online su Vivaticket, allo StoRE di Piazza Prampolini (aperto domani dalle 10:00 alle 13:00 e dalle 16:00 alle 19:00) e alle casse del PalaGuidetti. La gara sar\u00e0 trasmessa in diretta sul canale YouTube del club, con telecronaca di Alessandro Caraffi e Pietro Chierici.<\/p>\n<p dir=\"ltr\">Fonte: Pallacanestro Reggiana<\/p>\n<p dir=\"ltr\">In foto partendo da sinistra: Rob Edwards, Marco Sambugaro e Riccardo Visconti | Fonte Pallacanestro Reggiana<\/p>\n","protected":false},"excerpt":{"rendered":"La UNA Hotels Reggio Emilia ha presentato ufficialmente Rob Edwards e Riccardo Visconti, due delle nuove guardie a&hellip;\n","protected":false},"author":3,"featured_media":653986,"comment_status":"","ping_status":"","sticky":false,"template":"","format":"standard","meta":{"footnotes":"","_share_on_mastodon":"0"},"categories":[1453],"tags":[1756,1757,126954,1537,90,89,1868,360776,18452,22326,139724,324229,6953,245,244,90263],"class_list":["post-653985","post","type-post","status-publish","format-standard","has-post-thumbnail","category-basket","tag-basket","tag-basketball","tag-dimitris-priftis","tag-it","tag-italia","tag-italy","tag-lba","tag-marco-sambugaro","tag-pallacanestro-reggiana","tag-reggio-emilia","tag-riccardo-visconti","tag-rob-edwards","tag-serie-a-basket","tag-sport","tag-sports","tag-una-hotels-reggio-emilia"],"share_on_mastodon":{"url":"https:\/\/pubeurope.com\/@it\/117174294867305744","error":""},"_links":{"self":[{"href":"https:\/\/www.europesays.com\/it\/wp-json\/wp\/v2\/posts\/653985","targetHints":{"allow":["GET"]}}],"collection":[{"href":"https:\/\/www.europesays.com\/it\/wp-json\/wp\/v2\/posts"}],"about":[{"href":"https:\/\/www.europesays.com\/it\/wp-json\/wp\/v2\/types\/post"}],"author":[{"embeddable":true,"href":"https:\/\/www.europesays.com\/it\/wp-json\/wp\/v2\/users\/3"}],"replies":[{"embeddable":true,"href":"https:\/\/www.europesays.com\/it\/wp-json\/wp\/v2\/comments?post=653985"}],"version-history":[{"count":0,"href":"https:\/\/www.europesays.com\/it\/wp-json\/wp\/v2\/posts\/653985\/revisions"}],"wp:featuredmedia":[{"embeddable":true,"href":"https:\/\/www.europesays.com\/it\/wp-json\/wp\/v2\/media\/653986"}],"wp:attachment":[{"href":"https:\/\/www.europesays.com\/it\/wp-json\/wp\/v2\/media?parent=653985"}],"wp:term":[{"taxonomy":"category","embeddable":true,"href":"https:\/\/www.europesays.com\/it\/wp-json\/wp\/v2\/categories?post=653985"},{"taxonomy":"post_tag","embeddable":true,"href":"https:\/\/www.europesays.com\/it\/wp-json\/wp\/v2\/tags?post=653985"}],"curies":[{"name":"wp","href":"https:\/\/api.w.org\/{rel}","templated":true}]}}