{"id":653994,"date":"2026-08-28T17:28:15","date_gmt":"2026-08-28T17:28:15","guid":{"rendered":"https:\/\/www.europesays.com\/it\/653994\/"},"modified":"2026-08-28T17:28:15","modified_gmt":"2026-08-28T17:28:15","slug":"nord-sud-ovest-est-pavia-e-gli-883-ritornano-sullo-schermo","status":"publish","type":"post","link":"https:\/\/www.europesays.com\/it\/653994\/","title":{"rendered":"Nord Sud Ovest Est, Pavia e gli 883 ritornano sullo schermo"},"content":{"rendered":"<p>Pavia, 28 agosto 2026 \u2013<strong> \u201cStessa storia, stesso posto, stesso bar\u201d<\/strong>: la storia che continua \u00e8 quella leggendaria degli <strong>883<\/strong>, il posto che fa da sfondo \u00e8 sempre Pavia con la cupola del Duomo che si staglia, i suoi vicoli e il Ticino, mentre il bar \u00e8 il mitico <strong>Jolly Blu<\/strong> che ora non esiste pi\u00f9.<\/p>\n<p>Il 9 ottobre debutta su<strong> Sky<\/strong> e in streaming su <strong>Now <\/strong>la <strong>seconda serie <\/strong>dedicata alla storia del gruppo pi\u00f9 famoso degli anni \u201890 nato a Pavia. Dopo le difficolt\u00e0 per arrivare al successo, in questi otto episodi <strong>Max Pezzali <\/strong>e<strong> Mauro Repetto <\/strong>sono famosi, anzi \u201csono i pi\u00f9 famosi in Italia\u201d, ma scoprono anche tutti i problemi che la fama porta con s\u00e9: l\u2019assedio delle fan, le incomprensioni tra loro, i sogni che una volta realizzati si sgonfiano come palloncini.<\/p>\n<p>\u201cNoi non siamo pi\u00f9 quelli di un anno fa\u201d, dice Max e \u201cchi siamo?&#8217;\u201d\u00a0chiede Mauro. \u201cNon lo so ma sicuramente so che sappiamo fare musica\u201d.<\/p>\n<p> <img alt=\"Max Pezzali nella serie tv \u00e8 interpretato da Elia Nuzzolo nella serie Tv di Sky Original\" loading=\"lazy\" width=\"1600\" height=\"900\" decoding=\"async\" data-nimg=\"1\" style=\"color:transparent;max-width:100%;height:auto\"   src=\"https:\/\/www.europesays.com\/it\/wp-content\/uploads\/2026\/08\/max-pezzali-nella-serie-tv-e-interpretato-da-elia-nuzzolo-nella-serie-tv-di-sky-original.webp\"\/><\/p>\n<p>Max Pezzali nella serie tv \u00e8 interpretato da Elia Nuzzolo nella serie Tv di Sky Original<\/p>\n<p>La fine della band <\/p>\n<p>La fine, nel 1993, della loro storia come band, sar\u00e0 solo l&#8217;inizio della leggenda, di una nuova storia in grado di far cantare ed emozionare ancora oggi intere generazioni di fan. Con un nuovo album in uscita che avrebbe cambiato tutto, tra nuovi amori, concerti leggendari, il mitico Jolly Blu e l&#8217;America, gli 883 &#8211; Max Pezzali e Mauro Repetto, interpretati da <strong>Elia Nuzzolo<\/strong> e <strong>Matteo Oscar Giuggioli <\/strong>&#8211; all&#8217;apice del loro successo sono al centro del trailer ufficiale, rilasciato oggi insieme al key-visual. Puntata dopo puntata si vede come Max e Mauro hanno realizzato il loro sogno, ma niente \u00e8 pi\u00f9 semplice come prima. C\u2019\u00e8 l\u2019assedio delle fan, ci sono i sogni che una volta realizzati si sgonfiano come palloncini e poi c\u2019\u00e8 quella citt\u00e0 di provincia che una volta stava stretta e invece, vista da lontano non \u00e8 poi cos\u00ec male. Le riprese della seconda serie si sono svolte tra l\u2019estate e l\u2019autunno del 2025 tra Roma, Pavia, la citt\u00e0 di provincia dalla quale gli 883 sono partiti e gli Stati Uniti coinvolgendo una troupe di oltre 100 professionisti.<\/p>\n<p>La regia e il cast <\/p>\n<p>Nuovo il team di regia, composto da <strong>Sydney Sibilia, Alessio Lauria, Simone Godano, Alice Filippi<\/strong>. La nuova stagione \u00e8 scritta da Sydney Sibilia, Francesco Agostini e Marco Pettenello.<\/p>\n<p>Con Elia Nuzzolo e Matteo Oscar Giuggioli nei panni dei due underdog che, grazie alla musica, negli anni &#8217;90 diventarono gli improbabili eroi di una storia senza tempo, tornano nei nuovi episodi anche<strong> Ludovica Barbarito (Silvia), Davide Calgaro (Cisco), Edoardo Ferrario (Pierpaolo), Roberto Zibetti (Claudio Cecchetto) e Riccardo Armiento (Nemorino), <\/strong>affiancati dalle new-entry <strong>Gaia Zampighi (Michela Rossini) e Rosa Barbolini (Caterina<\/strong>).<\/p>\n<p>La storia <\/p>\n<p>I due ragazzi di provincia che si erano conosciuti sui banchi del liceo e sognavano di diventare delle star, ce l\u2019hanno fatta, ma l<strong>a vita delle popstar a guardarla da dentro \u00e8 incredibile quanto incasinata<\/strong>. E tra i due protagonisti qualcosa inizia a cambiare: qual \u00e8 il prossimo sogno? La grande avventura che vivono li porter\u00e0 nella scintillante Milano della moda, e nell&#8217;America che sognavano da ragazzini.<\/p>\n<p>Una volta\u00a0arrivati l\u00ec, troveranno veramente se stessi? E ce la faranno a rimanere amici come quando hanno iniziato? Nella vita sicuramente s\u00ec, quando Mauro che vive in Francia torna a Pavia, chiama sempre Max per bersi una birra. Nella serie tv non si sa, bisogner\u00e0 aspettare l\u2019ultimo episodio per sapere se la storia rester\u00e0 davvero sempre la stessa.<\/p>\n","protected":false},"excerpt":{"rendered":"Pavia, 28 agosto 2026 \u2013 \u201cStessa storia, stesso posto, stesso bar\u201d: la storia che continua \u00e8 quella leggendaria&hellip;\n","protected":false},"author":3,"featured_media":653995,"comment_status":"","ping_status":"","sticky":false,"template":"","format":"standard","meta":{"footnotes":"","_share_on_mastodon":"0"},"categories":[1443],"tags":[203,204,1537,90,89,1538,1539,101,4563,8141,60711,2179,105],"class_list":["post-653994","post","type-post","status-publish","format-standard","has-post-thumbnail","category-musica","tag-entertainment","tag-intrattenimento","tag-it","tag-italia","tag-italy","tag-music","tag-musica","tag-nord","tag-ovest","tag-pavia","tag-ritornano","tag-schermo","tag-sud"],"share_on_mastodon":{"url":"https:\/\/pubeurope.com\/@it\/117174319397113102","error":""},"_links":{"self":[{"href":"https:\/\/www.europesays.com\/it\/wp-json\/wp\/v2\/posts\/653994","targetHints":{"allow":["GET"]}}],"collection":[{"href":"https:\/\/www.europesays.com\/it\/wp-json\/wp\/v2\/posts"}],"about":[{"href":"https:\/\/www.europesays.com\/it\/wp-json\/wp\/v2\/types\/post"}],"author":[{"embeddable":true,"href":"https:\/\/www.europesays.com\/it\/wp-json\/wp\/v2\/users\/3"}],"replies":[{"embeddable":true,"href":"https:\/\/www.europesays.com\/it\/wp-json\/wp\/v2\/comments?post=653994"}],"version-history":[{"count":0,"href":"https:\/\/www.europesays.com\/it\/wp-json\/wp\/v2\/posts\/653994\/revisions"}],"wp:featuredmedia":[{"embeddable":true,"href":"https:\/\/www.europesays.com\/it\/wp-json\/wp\/v2\/media\/653995"}],"wp:attachment":[{"href":"https:\/\/www.europesays.com\/it\/wp-json\/wp\/v2\/media?parent=653994"}],"wp:term":[{"taxonomy":"category","embeddable":true,"href":"https:\/\/www.europesays.com\/it\/wp-json\/wp\/v2\/categories?post=653994"},{"taxonomy":"post_tag","embeddable":true,"href":"https:\/\/www.europesays.com\/it\/wp-json\/wp\/v2\/tags?post=653994"}],"curies":[{"name":"wp","href":"https:\/\/api.w.org\/{rel}","templated":true}]}}