{"id":654077,"date":"2026-08-28T18:40:15","date_gmt":"2026-08-28T18:40:15","guid":{"rendered":"https:\/\/www.europesays.com\/it\/654077\/"},"modified":"2026-08-28T18:40:15","modified_gmt":"2026-08-28T18:40:15","slug":"vuelta-leknessund-vince-la-settima-tappa-pogacar-leader","status":"publish","type":"post","link":"https:\/\/www.europesays.com\/it\/654077\/","title":{"rendered":"Vuelta, Leknessund vince la settima tappa: Pogacar leader"},"content":{"rendered":"<p>                                Il corridore della Uno-X Mobility trionfa nella settima frazione davanti al connazionale Halland Johannessen. Van Aert completa il podio e conquista la maglia verde<\/p>\n<p class=\"paragraph\" spellcheck=\"true\">Indossa la maglia gialla ma non \u00e8 il Tour de France. Andreas Leknessund si prende la settima tappa della Vuelta a Espa\u00f1a 2026 con un attacco a 20 chilometri dal traguardo. Il corridore della Uno-X Mobility nato in Norvegia, taglia per primo il traguardo di Aram\u00f3n Valdelinares dopo 149,8 chilometri di gara, fermando il cronometro sul tempo di 3h49&#8217;47&#8221;.  Un successo che interrompe un digiuno lungo sedici anni per il ciclismo norvegese nella corsa spagnola. La Uno-X Mobility ha completato una giornata perfetta: alle spalle di Leknessund si \u00e8 piazzato il connazionale Tobias Halland Johannessen, secondo a 34 secondi.\u00a0<\/p>\n<p>    pogacar sempre al comando\u2014 \u00a0<\/p>\n<p class=\"paragraph is-inline\" spellcheck=\"true\">La classifica generale continua ad avere un padrone: Tadej Pogacar. Dopo sette tappe, il fuoriclasse della UAE Team Emirates \u2013 XRG conserva saldamente la maglia di leader con un tempo complessivo di 19h32&#8217;37&#8221;.  Alle sue spalle c\u2019\u00e8 Enric Mas, secondo a 3&#8217;50&#8221;, mentre Primo\u017e Rogli\u010d occupa la terza posizione con un ritardo di 4&#8217;50&#8221;. Un margine significativo dopo appena una settimana di corsa, che conferma ancora una volta la superiorit\u00e0 mostrata da Poga\u010dar.  Lo sloveno non ha avuto bisogno di un acuto nella settima frazione per difendere il primato.<\/p>\n","protected":false},"excerpt":{"rendered":"Il corridore della Uno-X Mobility trionfa nella settima frazione davanti al connazionale Halland Johannessen. Van Aert completa il&hellip;\n","protected":false},"author":3,"featured_media":654078,"comment_status":"","ping_status":"","sticky":false,"template":"","format":"standard","meta":{"footnotes":"","_share_on_mastodon":"0"},"categories":[1456],"tags":[2225,1824,14377,2804,360837,1276,1825,2241,360838,360839,1537,90,89,2806,95544,2219,202033,1931,88843,245,244],"class_list":["post-654077","post","type-post","status-publish","format-standard","has-post-thumbnail","category-ciclismo","tag-chilometri","tag-ciclismo","tag-connazionale","tag-corridore","tag-corridore-mobility","tag-corsa","tag-cycling","tag-frazione","tag-halland","tag-halland-johannessen","tag-it","tag-italia","tag-italy","tag-johannessen","tag-leknessund","tag-maglia","tag-mobility","tag-pogacar","tag-settima","tag-sport","tag-sports"],"share_on_mastodon":{"url":"https:\/\/pubeurope.com\/@it\/117174601432214033","error":""},"_links":{"self":[{"href":"https:\/\/www.europesays.com\/it\/wp-json\/wp\/v2\/posts\/654077","targetHints":{"allow":["GET"]}}],"collection":[{"href":"https:\/\/www.europesays.com\/it\/wp-json\/wp\/v2\/posts"}],"about":[{"href":"https:\/\/www.europesays.com\/it\/wp-json\/wp\/v2\/types\/post"}],"author":[{"embeddable":true,"href":"https:\/\/www.europesays.com\/it\/wp-json\/wp\/v2\/users\/3"}],"replies":[{"embeddable":true,"href":"https:\/\/www.europesays.com\/it\/wp-json\/wp\/v2\/comments?post=654077"}],"version-history":[{"count":0,"href":"https:\/\/www.europesays.com\/it\/wp-json\/wp\/v2\/posts\/654077\/revisions"}],"wp:featuredmedia":[{"embeddable":true,"href":"https:\/\/www.europesays.com\/it\/wp-json\/wp\/v2\/media\/654078"}],"wp:attachment":[{"href":"https:\/\/www.europesays.com\/it\/wp-json\/wp\/v2\/media?parent=654077"}],"wp:term":[{"taxonomy":"category","embeddable":true,"href":"https:\/\/www.europesays.com\/it\/wp-json\/wp\/v2\/categories?post=654077"},{"taxonomy":"post_tag","embeddable":true,"href":"https:\/\/www.europesays.com\/it\/wp-json\/wp\/v2\/tags?post=654077"}],"curies":[{"name":"wp","href":"https:\/\/api.w.org\/{rel}","templated":true}]}}