{"id":654083,"date":"2026-08-28T18:45:19","date_gmt":"2026-08-28T18:45:19","guid":{"rendered":"https:\/\/www.europesays.com\/it\/654083\/"},"modified":"2026-08-28T18:45:19","modified_gmt":"2026-08-28T18:45:19","slug":"giovanni-pernice-dopo-essere-stato-allontanato-dalla-bbc-sono-entrato-in-depressione-e-ho-pensato-di-farla-finita-non-avrei-piu-riavuto-quello-che-avevo-prima","status":"publish","type":"post","link":"https:\/\/www.europesays.com\/it\/654083\/","title":{"rendered":"Giovanni Pernice: \u00abDopo essere stato allontanato dalla BBC sono entrato in depressione e ho pensato di farla finita: non avrei pi\u00f9 riavuto quello che avevo prima\u00bb"},"content":{"rendered":"<p>Nel suo libro autobiografico Gio: Taking the Lead in uscita nel Regno Unito, ripreso in un&#8217;ampia intervista rilasciata al Daily Telegraph, <strong>Giovanni Pernice non solo respinge le accuse ma ribalta il piano dell&#8217;analisi,<\/strong> chiamando in causa la responsabilit\u00e0 e la condotta della stessa BBC: \u00abHo detto qualche vaffa\u2026 a una persona che mi insultava allo stesso modo. \u00c8 possibile finire fuori da un programma per questo?\u00bb, si chiede, a distanza di tre anni, il ballerino, che oggi accusa l&#8217;emittente britannica di non aver tutelato la sua immagine durante <a href=\"https:\/\/www.vanityfair.it\/article\/bianca-guaccero-giovanni-pernice-tatuaggio-vittoria-vi-auguro-di-andare-sempre-oltre-cose-spiacevoli-vita-invidie-di-chi-cerca-di-screditarvi\" target=\"_blank\" rel=\"nofollow noopener\">i mesi di gogna mediatica<\/a> che ha affrontato. Il problema, per lui, si \u00e8 riverberato poco dopo, considerando che la vicenda ha avuto inevitabilmente delle conseguenze emotive non di poco conto, <strong>portando Giovanni Pernice prima a scivolare nella depressione<\/strong> &#8211; ha preso oltre 12 chili e ha sviluppato una miocardite provocata dai livelli di stress accumulati &#8211; e poi a pensare addirittura a un gesto estremo.<\/p>\n<p><img decoding=\"async\" alt=\"Giovanni Pernice \u00abDopo essere stato allontanato dalla BBC sono entrato in depressione e ho pensato di farla finita non...\" loading=\"lazy\" class=\"ResponsiveImageContainer-dkeESL cQPiWi responsive-image__image\"   src=\"https:\/\/www.europesays.com\/it\/wp-content\/uploads\/2026\/08\/IPA_Agency_IPA53905372.jpg\"\/><\/p>\n<p>Manuele Mangiarotti \/ ipa-agency.net<\/p>\n<p>\u00abSono una persona totalmente concentrata sul lavoro. Non era una questione economica, ma la necessit\u00e0 di fare ci\u00f2 che so fare. Ho sempre voluto essere qualcuno e, all&#8217;improvviso, sembrava non esserci pi\u00f9 spazio per me. <strong>Ho pensato: \u2018Bene, facciamola finita. Non ha senso, non riavr\u00f2 mai quello che avevo prima\u00bb,<\/strong> le sue parole. Seppure a distanza di tempo, Giovanni Pernice rimprovera alla BBC una scarsa considerazione dei propri talenti per blindarsi da possibili contraccolpi d&#8217;immagine. Meno male che, dopo quella batosta, ad accoglierlo \u00e8 stata l&#8217;Italia e Ballando con le Stelle, che gli ha permesso non solo di vincere l&#8217;edizione del 2024 e arrivare secondo a quella del 2025, <a href=\"https:\/\/www.vanityfair.it\/article\/bianca-guaccero-giovanni-pernice-tatuaggio-vittoria-vi-auguro-di-andare-sempre-oltre-cose-spiacevoli-vita-invidie-di-chi-cerca-di-screditarvi\" target=\"_blank\" rel=\"nofollow noopener\">ma anche di trovare sulla pista da ballo di Milly Carlucci l&#8217;amore con <strong>Bianca Guaccero<\/strong><\/a><strong>,<\/strong> alla quale \u00e8 ancora legato.<\/p>\n","protected":false},"excerpt":{"rendered":"Nel suo libro autobiografico Gio: Taking the Lead in uscita nel Regno Unito, ripreso in un&#8217;ampia intervista rilasciata&hellip;\n","protected":false},"author":3,"featured_media":654084,"comment_status":"","ping_status":"","sticky":false,"template":"","format":"standard","meta":{"footnotes":"","_share_on_mastodon":"0"},"categories":[1451],"tags":[1621,1620,203,2799,204,1537,90,89,5704],"class_list":["post-654083","post","type-post","status-publish","format-standard","has-post-thumbnail","category-celebrita","tag-celebrita","tag-celebrities","tag-entertainment","tag-gossip","tag-intrattenimento","tag-it","tag-italia","tag-italy","tag-programmi-tv"],"share_on_mastodon":{"url":"https:\/\/pubeurope.com\/@it\/117174621920249928","error":""},"_links":{"self":[{"href":"https:\/\/www.europesays.com\/it\/wp-json\/wp\/v2\/posts\/654083","targetHints":{"allow":["GET"]}}],"collection":[{"href":"https:\/\/www.europesays.com\/it\/wp-json\/wp\/v2\/posts"}],"about":[{"href":"https:\/\/www.europesays.com\/it\/wp-json\/wp\/v2\/types\/post"}],"author":[{"embeddable":true,"href":"https:\/\/www.europesays.com\/it\/wp-json\/wp\/v2\/users\/3"}],"replies":[{"embeddable":true,"href":"https:\/\/www.europesays.com\/it\/wp-json\/wp\/v2\/comments?post=654083"}],"version-history":[{"count":0,"href":"https:\/\/www.europesays.com\/it\/wp-json\/wp\/v2\/posts\/654083\/revisions"}],"wp:featuredmedia":[{"embeddable":true,"href":"https:\/\/www.europesays.com\/it\/wp-json\/wp\/v2\/media\/654084"}],"wp:attachment":[{"href":"https:\/\/www.europesays.com\/it\/wp-json\/wp\/v2\/media?parent=654083"}],"wp:term":[{"taxonomy":"category","embeddable":true,"href":"https:\/\/www.europesays.com\/it\/wp-json\/wp\/v2\/categories?post=654083"},{"taxonomy":"post_tag","embeddable":true,"href":"https:\/\/www.europesays.com\/it\/wp-json\/wp\/v2\/tags?post=654083"}],"curies":[{"name":"wp","href":"https:\/\/api.w.org\/{rel}","templated":true}]}}