{"id":654091,"date":"2026-08-28T18:51:15","date_gmt":"2026-08-28T18:51:15","guid":{"rendered":"https:\/\/www.europesays.com\/it\/654091\/"},"modified":"2026-08-28T18:51:15","modified_gmt":"2026-08-28T18:51:15","slug":"njie-e-la-fiorentina-vicinissimi-le-cifre-con-il-torino-pronto-il-contratto-e-la-richiesta-del-giocatore","status":"publish","type":"post","link":"https:\/\/www.europesays.com\/it\/654091\/","title":{"rendered":"Njie e la Fiorentina vicinissimi: le cifre con il Torino, pronto il contratto e la richiesta del giocatore"},"content":{"rendered":"<p>In questo finale di mercato, la Fiorentina ha la necessit\u00e0 di completare il reparto offensivo, non solo con un attaccante che sostituisca Moise Kean diretto a Como, ma anche con un&#8217;ala sinistra dato che \u00e8 sfumato Poku, preso dal Besiktas. Il nome pi\u00f9 caldo nelle ultime ore \u00e8 quello di <b><strong>Alieu Njie<\/strong><\/b>, esterno del Torino che ha gi\u00e0 chiesto la cessione al club granata.<\/p>\n","protected":false},"excerpt":{"rendered":"In questo finale di mercato, la Fiorentina ha la necessit\u00e0 di completare il reparto offensivo, non solo con&hellip;\n","protected":false},"author":3,"featured_media":654092,"comment_status":"","ping_status":"","sticky":false,"template":"","format":"standard","meta":{"footnotes":"","_share_on_mastodon":"0"},"categories":[176],"tags":[360840,353,2263,1537,90,89,245,244,1641,355],"class_list":["post-654091","post","type-post","status-publish","format-standard","has-post-thumbnail","category-sport","tag-a-njie","tag-calciomercato","tag-fiorentina","tag-it","tag-italia","tag-italy","tag-sport","tag-sports","tag-torino","tag-transfers"],"share_on_mastodon":{"url":"https:\/\/pubeurope.com\/@it\/117174644961346083","error":""},"_links":{"self":[{"href":"https:\/\/www.europesays.com\/it\/wp-json\/wp\/v2\/posts\/654091","targetHints":{"allow":["GET"]}}],"collection":[{"href":"https:\/\/www.europesays.com\/it\/wp-json\/wp\/v2\/posts"}],"about":[{"href":"https:\/\/www.europesays.com\/it\/wp-json\/wp\/v2\/types\/post"}],"author":[{"embeddable":true,"href":"https:\/\/www.europesays.com\/it\/wp-json\/wp\/v2\/users\/3"}],"replies":[{"embeddable":true,"href":"https:\/\/www.europesays.com\/it\/wp-json\/wp\/v2\/comments?post=654091"}],"version-history":[{"count":0,"href":"https:\/\/www.europesays.com\/it\/wp-json\/wp\/v2\/posts\/654091\/revisions"}],"wp:featuredmedia":[{"embeddable":true,"href":"https:\/\/www.europesays.com\/it\/wp-json\/wp\/v2\/media\/654092"}],"wp:attachment":[{"href":"https:\/\/www.europesays.com\/it\/wp-json\/wp\/v2\/media?parent=654091"}],"wp:term":[{"taxonomy":"category","embeddable":true,"href":"https:\/\/www.europesays.com\/it\/wp-json\/wp\/v2\/categories?post=654091"},{"taxonomy":"post_tag","embeddable":true,"href":"https:\/\/www.europesays.com\/it\/wp-json\/wp\/v2\/tags?post=654091"}],"curies":[{"name":"wp","href":"https:\/\/api.w.org\/{rel}","templated":true}]}}