{"id":654110,"date":"2026-08-28T19:07:19","date_gmt":"2026-08-28T19:07:19","guid":{"rendered":"https:\/\/www.europesays.com\/it\/654110\/"},"modified":"2026-08-28T19:07:19","modified_gmt":"2026-08-28T19:07:19","slug":"tpc-en-nouvelle-aquitaine-fretin-festeggia-il-bis-nellultima-tappa-classifica-generale-a-decomble","status":"publish","type":"post","link":"https:\/\/www.europesays.com\/it\/654110\/","title":{"rendered":"TPC EN NOUVELLE-AQUITAINE: FRETIN FESTEGGIA IL BIS NELL\u2019ULTIMA TAPPA, CLASSIFICA GENERALE A DECOMBLE"},"content":{"rendered":"<p class=\"MsoNormal\" style=\"text-align: justify;\">La 40\u1d43 edizione della <b>TPC en Nouvelle-Aquitaine<\/b> si \u00e8 chiusa esattamente come si era aperta, ovvero con una vittoria di <b>Milan Fretin<\/b>. Proprio come nella frazione inaugurale, infatti, il velocista belga della <b>Cofidis<\/b> si \u00e8 nuovamente lasciato tutti alle spalle in volata conquistando in maniera netta la Saint-Symphorien-Poitiers di 185,5 di chilometri davanti a <b>Hodei Mu\u00f1oz (Euskaltel \u2013 Euskadi)<\/b> e il compagno <b>Ion Izagirre.<\/b>\n            <\/p>\n<p class=\"MsoNormal\" style=\"text-align: justify;\">Insieme a lui, al termine della fatica odierna, ha esultato anche<b> Maxime Decomble (Groupama FDJ United) <\/b>che, messa una serie ipoteca sul successo finale con la notevole affermazione nella cronometro individuale di ieri, ha riportato la vittoria in classifica generale con un margine di 33 secondi sul danese<b> Rasmus S\u00f8jberg Pedersen (Decathlon CMA CGM) <\/b>e di 44\u201d sul vincitore dell\u2019edizione 2025<b> Samuel Leroux (TotalEnergies).<\/b><\/p>\n<p class=\"MsoNormal\" style=\"text-align: justify;\"><b>LA CORSA<\/b><\/p>\n<p class=\"MsoNormal\" style=\"text-align: justify;\">La frazione \u00e8 stata caratterizzata dalla fuga, sganciatasi dopo una cinquantina di chilometri dal via, di <b>Diego Pablo Sevilla Lopez (Team Polti VisitMalta), Victor Papon (Nice M\u00e9tropole C\u00f4te d&#8217;Azur), Antoine Berger (St-Michel-Preference Home-Auber 93), K\u00e9vin Avoine, Cl\u00e9ment Dubois (Van Rysel-Roubaix), Noah B\u00f6gli (Elite Fondations Cycling Team) <\/b>e<b> Max Nielsen (Lucky Sport Cycling Team).<\/b> Valicati i GPM della C\u00f4te de Maldaccord e della C\u00f4te de Saint-Georges-l\u00e8s-Baillargeaux (entrambi vinti dalla maglia a pois Papon), i sette hanno quindi approcciato con circa un minuto e mezzo il circuito conclusivo di Poitiers dove, aumentando il ritmo, il gruppo \u00e8 andato a limare progressivamente il loro vantaggio.<\/p>\n<p class=\"MsoNormal\" style=\"text-align: justify;\">Rimasti con poco pi\u00f9 di 20 secondi a cinque chilometri dall\u2019arrivo, i battistrada hanno visto dissolversi l\u2019accordo con l\u2019allungo di Papon e Berger che, ai -4 km, sono stati raggiunti da dietro da <b>Antoine L\u2019Hote, Rasmus S\u00f8jberg Pedersen (Decathlon CMA CGM) <\/b>e<b> Daniel \u00c5rnes (Van Rysel-Roubaix).<\/b> In cinque, con sette secondi sul plotone, hanno quindi cullato il sogno della vittoria fino alle ultime centinaia di metri quando il gruppo li ha riagguantati permettendo cos\u00ec a <b>Milan Fretin (Cofidis)<\/b> di superare in volata <b>Hodei Mu\u00f1oz (Euskaltel \u2013 Euskadi)<\/b> e il compagno <b>Ion Izagirre<\/b>. Poco dietro di loro, <b>Dario Igor Belletta (Polti VisitMalta)<\/b> ha portato a casa un ottavo posto che gli \u00e8 valso non solo il titolo di miglior italiano di giornata ma anche quello di miglior piazzato azzurro in una singola tappa nell\u2019arco di tutta la corsa.<\/p>\n<p class=\"MsoNormal\" style=\"text-align: justify;\">Corsa che, in termini generali, ha visto festeggiare ed ergersi a protagonista assoluto <b>Maxime Decomble<\/b> <b>(Groupama &#8211; FDJ United)<\/b> il quale, passato questa stagione tra i grandi del pedale, ha ottenuto in 48 ore le prime due vittorie da professionista della carriera diventando, coi suoi 21 anni e 43 giorni, il secondo vincitore pi\u00f9 giovane nella storia della TPC en Nouvelle-Aquitaine dietro a Pavel Tonkov (1\u00b0 nel 1989 a 20 anni e 202 giorni).<\/p>\n<p class=\"MsoNormal\" style=\"text-align: justify;\"><b>ORDINE D\u2019ARRIVO<\/b><\/p>\n<p class=\"MsoNormal\" style=\"text-align: justify;\">1. Milan Fretin (Cofidis) 3:56:06<\/p>\n<p class=\"MsoNormal\" style=\"text-align: justify;\">2. Hodei Mu\u00f1oz (Euskaltel &#8211; Euskadi) s.t.<\/p>\n<p class=\"MsoNormal\" style=\"text-align: justify;\">3. Ion Izagirre (Cofidis) s.t.<\/p>\n<p class=\"MsoNormal\" style=\"text-align: justify;\">4. Samuel Leroux (TotalEnergies) s.t.<\/p>\n<p class=\"MsoNormal\" style=\"text-align: justify;\">5. Ronan Aug\u00e9 (Unibet Rose Rockets) s.t.<\/p>\n<p class=\"MsoNormal\" style=\"text-align: justify;\">6. Brody McDonald (Van Rysel Roubaix) s.t.<\/p>\n<p class=\"MsoNormal\" style=\"text-align: justify;\">7. Killian Th\u00e9ot (Modern Adventure Pro Cycling) s.t.<\/p>\n<p class=\"MsoNormal\" style=\"text-align: justify;\">8. Dario Igor Belletta (Team Polti VisitMalta) s.t.<\/p>\n<p class=\"MsoNormal\" style=\"text-align: justify;\">9. Rasmus S\u00f8jberg Pedersen (Decathlon CMA CGM Team) s.t.<\/p>\n<p class=\"MsoNormal\" style=\"text-align: justify;\">10. Niek Voogt (Azerion \/ Villa Valkenburg) s.t.<\/p>\n<p class=\"MsoNormal\" style=\"text-align: justify;\"><b>CLASSIFICA GENERALE<\/b><\/p>\n<p class=\"MsoNormal\" style=\"text-align: justify;\">1. Maxime Decomble (Groupama &#8211; FDJ United) 13:41:22<\/p>\n<p class=\"MsoNormal\" style=\"text-align: justify;\">2. Rasmus S\u00f8jberg Pedersen (Decathlon CMA CGM Team) +0:33<\/p>\n<p class=\"MsoNormal\" style=\"text-align: justify;\">3. Samuel Leroux (TotalEnergies) +0:44<\/p>\n<p class=\"MsoNormal\" style=\"text-align: justify;\">4. Axel van der Tuuk (Euskaltel &#8211; Euskadi) +0:50<\/p>\n<p class=\"MsoNormal\" style=\"text-align: justify;\">5. Leo Hayter (Modern Adventure Pro Cycling) +0:53<\/p>\n<p class=\"MsoNormal\" style=\"text-align: justify;\">6. Wessel Mouris (Unibet Rose Rockets) +0:56<\/p>\n<p class=\"MsoNormal\" style=\"text-align: justify;\">7. Ion Izagirre (Cofidis) s.t.<\/p>\n<p class=\"MsoNormal\" style=\"text-align: justify;\">8. Niklas Larsen (Unibet Rose Rockets) +0:58<\/p>\n<p class=\"MsoNormal\" style=\"text-align: justify;\">9. Daniel \u00c5rnes (Van Rysel Roubaix) +1:12<\/p>\n<p class=\"MsoNormal\" style=\"text-align: justify;\">10. Stefan de Bod (Modern Adventure Pro Cycling) s.t.<\/p>\n<p class=\"MsoNormal\" style=\"text-align: justify;\"><b>ALTRE CLASSIFICHE<\/b><\/p>\n<p class=\"MsoNormal\" style=\"text-align: justify;\">Classifica a punti: Milan Fretin (Cofidis)<\/p>\n<p class=\"MsoNormal\" style=\"text-align: justify;\">Classifica dei GPM: Victor Papon (Nice M\u00e9tropole C\u00f4te d&#8217;Azur)<\/p>\n<p class=\"MsoNormal\" style=\"text-align: justify;\">Classifica di miglior giovane: Maxime Decomble (Groupama FDJ United)<\/p>\n<p class=\"MsoNormal\" style=\"text-align: justify;\">Miglior squadra: Groupama FDJ United<\/p>\n<p>Photo credit: Xavier Pereyron\/LNC<\/p>\n","protected":false},"excerpt":{"rendered":"La 40\u1d43 edizione della TPC en Nouvelle-Aquitaine si \u00e8 chiusa esattamente come si era aperta, ovvero con una&hellip;\n","protected":false},"author":3,"featured_media":654111,"comment_status":"","ping_status":"","sticky":false,"template":"","format":"standard","meta":{"footnotes":"","_share_on_mastodon":"0"},"categories":[1456],"tags":[1824,1825,360139,360848,1537,90,89,245,244,360847],"class_list":["post-654110","post","type-post","status-publish","format-standard","has-post-thumbnail","category-ciclismo","tag-ciclismo","tag-cycling","tag-decomble","tag-fretina","tag-it","tag-italia","tag-italy","tag-sport","tag-sports","tag-tpc-nouvelle-aquitaine"],"share_on_mastodon":{"url":"https:\/\/pubeurope.com\/@it\/117174707436202186","error":""},"_links":{"self":[{"href":"https:\/\/www.europesays.com\/it\/wp-json\/wp\/v2\/posts\/654110","targetHints":{"allow":["GET"]}}],"collection":[{"href":"https:\/\/www.europesays.com\/it\/wp-json\/wp\/v2\/posts"}],"about":[{"href":"https:\/\/www.europesays.com\/it\/wp-json\/wp\/v2\/types\/post"}],"author":[{"embeddable":true,"href":"https:\/\/www.europesays.com\/it\/wp-json\/wp\/v2\/users\/3"}],"replies":[{"embeddable":true,"href":"https:\/\/www.europesays.com\/it\/wp-json\/wp\/v2\/comments?post=654110"}],"version-history":[{"count":0,"href":"https:\/\/www.europesays.com\/it\/wp-json\/wp\/v2\/posts\/654110\/revisions"}],"wp:featuredmedia":[{"embeddable":true,"href":"https:\/\/www.europesays.com\/it\/wp-json\/wp\/v2\/media\/654111"}],"wp:attachment":[{"href":"https:\/\/www.europesays.com\/it\/wp-json\/wp\/v2\/media?parent=654110"}],"wp:term":[{"taxonomy":"category","embeddable":true,"href":"https:\/\/www.europesays.com\/it\/wp-json\/wp\/v2\/categories?post=654110"},{"taxonomy":"post_tag","embeddable":true,"href":"https:\/\/www.europesays.com\/it\/wp-json\/wp\/v2\/tags?post=654110"}],"curies":[{"name":"wp","href":"https:\/\/api.w.org\/{rel}","templated":true}]}}