{"id":654135,"date":"2026-08-28T19:24:18","date_gmt":"2026-08-28T19:24:18","guid":{"rendered":"https:\/\/www.europesays.com\/it\/654135\/"},"modified":"2026-08-28T19:24:18","modified_gmt":"2026-08-28T19:24:18","slug":"grandine-e-umidita-record-lestate-infinita-stringe-lemilia-romagna-tra-35-gradi-e-temporali","status":"publish","type":"post","link":"https:\/\/www.europesays.com\/it\/654135\/","title":{"rendered":"Grandine e umidit\u00e0 record: l&#8217;estate infinita stringe l&#8217;Emilia-Romagna tra 35 gradi e temporali"},"content":{"rendered":"<p>Bologna, 28 agosto 2026 \u2013<strong> L\u2019estate <\/strong>non vuole proprio mollare la presa e, in questi giorni, le alte temperature continuano a farsi sentire sotto le Due Torri, tra chi continua ad agitare il ventaglio e chi cerca refrigerio nei luoghi climatizzati.\u00a0Non solo a Bologna, fa caldo un po\u2019 in tutta la Regione a causa dell\u2019alto tasso di umidit\u00e0.\u00a0<\/p>\n<p>Diverso invece \u00e8 il discorso a Piacenza, dove\u00a0nel pomeriggio un <strong>forte temporale<\/strong> ha interessato le aree di confine tra il Piacentino e la Lombardia poco fa. Interessate le aree vicino a Mortizza e Monticelli d&#8217;Ongina, zona Isola Serafini, dov\u2019\u00e8 stata segnalata anche grandine grossa.<\/p>\n<p>Anche oggi, per\u00f2, la colonnina di mercurio in pianura potr\u00e0 sfiorare i 35 gradi, un valore che secondo le previsioni si ripeter\u00e0 anche domani, mentre sui rilievi le minime si attesteranno intorno ai <strong>21 gradi<\/strong> e le massime toccheranno i <strong>30 gradi<\/strong>.<\/p>\n<p>Umidit\u00e0 al massimo livello <\/p>\n<p>Come detto, a\u00a0rendere<strong> <\/strong>il caldo particolarmente intenso non \u00e8 solo il termometro, ma l\u2019elevata umidit\u00e0, che accentua la sensazione di afa. All\u2019origine di questa nuova ondata di calore c\u2019\u00e8 infatti un afflusso di aria rovente proveniente direttamente dal <strong>Nord Africa<\/strong>, che sta interessando l\u2019intera Emilia-Romagna e non solo.<\/p>\n<p>Pertanto, ci attende dunque un fine settimana decisamente torrido per chi si muover\u00e0 per le strade felsinee, costretto a fare i conti con un ritorno in piena regola del grande caldo dopo la recente e breve tregua fresca. Nel fine settimana, il quadro meteorologico &#8211; stando alle previsioni &#8211; si manterr\u00e0 pienamente stabile e soleggiato, senza previsioni di precipitazioni.<\/p>\n<p>Inizio settembre in regione: nuvoloso ma caldo <\/p>\n<p>Tempo stabile e soleggiato luned\u00ec con tendenza a lieve incremento della nuvolosit\u00e0 marted\u00ec e temperature ancora superiori alla norma con punte massime di <strong>34\/35 gradi<\/strong>. Mercoled\u00ec 2 \u00e8 atteso un aumento della nuvolosit\u00e0 con piogge sparse e calo termico.<\/p>\n<p>Approfondisci:<\/p>\n<p><a href=\"https:\/\/www.ilrestodelcarlino.it\/meteo\/fiammata-africana-quando-caldo-emilia-romagna-858f2e24\" class=\"ArticleEmbed_article__embed__content__Jzqnz\" rel=\"nofollow noopener\" target=\"_blank\">Nuova fiammata africana: quando torna il caldo in Emilia-Romagna. Randi: &#8220;Quadro estivo tra i 34 e i 37 gradi&#8221;<img alt=\"Nuova fiammata africana: quando torna il caldo in Emilia-Romagna. Randi: &quot;Quadro estivo tra i 34 e i 37 gradi&quot;\" loading=\"lazy\" width=\"140\" height=\"78\" decoding=\"async\" data-nimg=\"1\" style=\"color:transparent\"  src=\"https:\/\/www.europesays.com\/it\/wp-content\/uploads\/2026\/08\/le-temperature-massime-in-emilia-romagna-nella-giornata-piu-calda-quella-di-venerdi-ampro.webp\"\/><\/a> <\/p>\n<p>Ritorno a tempo stabile nel corso di gioved\u00ec.\u00a0In questo scenario potranno verificarsi alcuni episodi di instabilit\u00e0, con precipitazioni che nel complesso si prospettano ancora leggermente inferiori alla norma del periodo.<\/p>\n<p>Le temperature tenderanno a diminuire gradualmente, pur mantenendosi su valori superiori alla media climatologica.<\/p>\n<p> <img alt=\"Da un lato il caldo che non si ferma nel Bolognese, dall'altro vicino a Piacenza \u00e8 arrivata la grandine\" loading=\"lazy\" width=\"1600\" height=\"900\" decoding=\"async\" data-nimg=\"1\" style=\"color:transparent;max-width:100%;height:auto\"   src=\"https:\/\/www.europesays.com\/it\/wp-content\/uploads\/2026\/08\/da-un-lato-il-caldo-che-non-si-ferma-nel-bolognese-dall-altro-vicino-a-piacenza-e-arrivata-la-grandi.webp\"\/><\/p>\n<p>Da un lato il caldo che non si ferma, dall&#8217;altro vicino a Piacenza \u00e8 arrivata la grandine<\/p>\n<p>Allerta arancione per gli incendi\u00a0prorogata fino al 7 settembre <\/p>\n<p>Visto il caldo persistente, l\u2019Emilia-Romagna ha infatti deciso di prorogare l\u2019allerta arancione per il rischio di incendi fino a <strong>luned\u00ec 7 settembre<\/strong>: il provvedimento \u00e8 stato adottato d\u2019intesa con la direzione regionale dei <strong>Vigili del fuoco<\/strong>, il Comando Regione Carabinieri Forestale e Arpae Emilia-Romagna.<\/p>\n<p>\u201cIl quadro meteorologico \u2013 spiega l\u2019ente \u2013 prevede condizioni di alta pressione con relativo aumento delle temperature, ventilazione legata a episodi di instabilit\u00e0 e assenza di precipitazioni significative e diffuse\u201d.<\/p>\n<p>La tendenza di met\u00e0 settembre: arriva l\u2019autunno <\/p>\n<p>Durante il periodo tra la prima e la seconda met\u00e0 di settembre sembrano alternarsi fasi di alta pressione e transito di onde perturbate associate a correnti atlantiche a sud dell&#8217;area alpina. Tradotto: si prospettano condizioni di variabilit\u00e0, con alcuni episodi di piogge alternati a giornate soleggiate.<strong> Arriva l\u2019autunno<\/strong>, ma far\u00e0 caldo. Nel complesso le precipitazioni si prospettano nella norma, mentre le temperature tenderanno a rimanere ancora\u00a0superiori ai valori tipici stagionali.<\/p>\n","protected":false},"excerpt":{"rendered":"Bologna, 28 agosto 2026 \u2013 L\u2019estate non vuole proprio mollare la presa e, in questi giorni, le alte&hellip;\n","protected":false},"author":3,"featured_media":654136,"comment_status":"","ping_status":"","sticky":false,"template":"","format":"standard","meta":{"footnotes":"","_share_on_mastodon":"0"},"categories":[79],"tags":[14,93,94,28089,1533,11851,6491,36371,1537,90,89,7,15,3421,54609,103,11,84,91,12,85,92,46837],"class_list":["post-654135","post","type-post","status-publish","format-standard","has-post-thumbnail","category-italia","tag-cronaca","tag-cronaca-italiana","tag-cronacaitaliana","tag-emiliaromagna","tag-estate","tag-gradi","tag-grandine","tag-infinita","tag-it","tag-italia","tag-italy","tag-news","tag-notizie","tag-record","tag-stringe","tag-temporali","tag-ultime-notizie","tag-ultime-notizie-e-news-di-oggi","tag-ultime-notizie-italia","tag-ultimenotizie","tag-ultimenotizieenewsdioggi","tag-ultimenotizieitalia","tag-umidita"],"share_on_mastodon":{"url":"https:\/\/pubeurope.com\/@it\/117174775538662647","error":""},"_links":{"self":[{"href":"https:\/\/www.europesays.com\/it\/wp-json\/wp\/v2\/posts\/654135","targetHints":{"allow":["GET"]}}],"collection":[{"href":"https:\/\/www.europesays.com\/it\/wp-json\/wp\/v2\/posts"}],"about":[{"href":"https:\/\/www.europesays.com\/it\/wp-json\/wp\/v2\/types\/post"}],"author":[{"embeddable":true,"href":"https:\/\/www.europesays.com\/it\/wp-json\/wp\/v2\/users\/3"}],"replies":[{"embeddable":true,"href":"https:\/\/www.europesays.com\/it\/wp-json\/wp\/v2\/comments?post=654135"}],"version-history":[{"count":0,"href":"https:\/\/www.europesays.com\/it\/wp-json\/wp\/v2\/posts\/654135\/revisions"}],"wp:featuredmedia":[{"embeddable":true,"href":"https:\/\/www.europesays.com\/it\/wp-json\/wp\/v2\/media\/654136"}],"wp:attachment":[{"href":"https:\/\/www.europesays.com\/it\/wp-json\/wp\/v2\/media?parent=654135"}],"wp:term":[{"taxonomy":"category","embeddable":true,"href":"https:\/\/www.europesays.com\/it\/wp-json\/wp\/v2\/categories?post=654135"},{"taxonomy":"post_tag","embeddable":true,"href":"https:\/\/www.europesays.com\/it\/wp-json\/wp\/v2\/tags?post=654135"}],"curies":[{"name":"wp","href":"https:\/\/api.w.org\/{rel}","templated":true}]}}