{"id":654183,"date":"2026-08-28T20:05:16","date_gmt":"2026-08-28T20:05:16","guid":{"rendered":"https:\/\/www.europesays.com\/it\/654183\/"},"modified":"2026-08-28T20:05:16","modified_gmt":"2026-08-28T20:05:16","slug":"calciomercato-2026-ultime-news-di-oggi-in-diretta-live-59","status":"publish","type":"post","link":"https:\/\/www.europesays.com\/it\/654183\/","title":{"rendered":"Calciomercato 2026, ultime news di oggi in diretta live"},"content":{"rendered":"<p>\\n  <\/p>\n<li><a href=\"\\&quot;https:\/\/sport.sky.it\/calciomercato\/2026\/08\/28\/leao-galatasaray-calciomercato-milan-news\\&quot;\" data-intcmp=\"\\&quot;skysport_liveblog_interlink_text\\&quot;\">Milan, \u00e8 fatta per il passaggio di Leao al Galatasaray<\/a><\/li>\n<p>\\n  <\/p>\n<li>Fiorentina, presentata un&#8217;offerta per Beto<\/li>\n<p>\\n  <\/p>\n<li><a href=\"\\&quot;https:\/\/sport.sky.it\/calciomercato\/2026\/08\/27\/napoli-woltemade-gabriel-jesus-guiu-calciomercato-news\\&quot;\" data-intcmp=\"\\&quot;skysport_liveblog_interlink_text\\&quot;\">Napoli, il punto in attacco tra Gabriel Jesus, Woltemade e Guiu<\/a><\/li>\n<p>\\n  <\/p>\n<li><a href=\"\\&quot;https:\/\/sport.sky.it\/calciomercato\/2026\/08\/27\/chelsea-ahanor-atalanta-calciomercato-news\\&quot;\" data-intcmp=\"\\&quot;skysport_liveblog_interlink_text\\&quot;\">Atalanta, ai dettagli la cessione di Ahanor al Chelsea<\/a><\/li>\n<p>\\n  <\/p>\n<li><a href=\"\\&quot;https:\/\/sport.sky.it\/calciomercato\/2026\/08\/28\/roma-balerdi-calciomercato-news\\&quot;\" data-intcmp=\"\\&quot;skysport_liveblog_interlink_text\\&quot;\">Roma, offerta per Leonardo Balerdi del Marsiglia: i dettagli<\/a><\/li>\n<p>\\n  <\/p>\n<li><a href=\"\\&quot;https:\/\/sport.sky.it\/calciomercato\/2026\/08\/27\/roma-oosterwolde-kehrer-calciomercato-news\\&quot;\" data-intcmp=\"\\&quot;skysport_liveblog_interlink_text\\&quot;\">La Roma rinuncia a Oosterwolde<\/a><\/li>\n<p>\\n  <\/p>\n<li><a href=\"\\&quot;https:\/\/sport.sky.it\/calciomercato\/2026\/08\/27\/kean-como-calciomercato-news\\&quot;\" data-intcmp=\"\\&quot;skysport_liveblog_interlink_text\\&quot;\">Como, ore decisive per l&#8217;arrivo di Kean<\/a><\/li>\n<p>\\n  <\/p>\n<li><a href=\"\\&quot;https:\/\/sport.sky.it\/calciomercato\/2026\/08\/27\/como-ricci-calciomercato-news\\&quot;\" data-intcmp=\"\\&quot;skysport_liveblog_interlink_text\\&quot;\">E intanto la squadra di Fabregas \u00e8 in chiusura per Ricci<\/a><\/li>\n<p>\\n  <\/p>\n<li><a href=\"\\&quot;https:\/\/sport.sky.it\/calciomercato\/calciomercato-serie-a-estate-2026-acquisti-ufficiali\\&quot;\" data-intcmp=\"\\&quot;skysport_liveblog_interlink_text\\&quot;\">Serie A, gli acquisti ufficiali<\/a><\/li>\n<p>\\n  <\/p>\n<li><a href=\"\\&quot;https:\/\/sport.sky.it\/calciomercato\/tabellone\\&quot;\" data-intcmp=\"\\&quot;skysport_liveblog_interlink_text\\&quot;\">Tabellone mercato Serie A<\/a><\/li>\n<p>\\n  <\/p>\n<li><a href=\"\\&quot;https:\/\/sport.sky.it\/calciomercato\/calciomercato-serie-b-estate-2026-acquisti-ufficiali\\&quot;\" data-intcmp=\"\\&quot;skysport_liveblog_interlink_text\\&quot;\">Serie B: la gallery con tutti gli affari dell&#8217;estate<\/a><\/li>\n<p>\\n  <\/p>\n<li><a href=\"\\&quot;https:\/\/sport.sky.it\/calciomercato\/calciomercato-serie-b-estate-2026-acquisti-ufficiali#00\\&quot;\" data-intcmp=\"\\&quot;skysport_liveblog_interlink_text\\&quot;\">Le trattative concluse in Serie B<\/a><\/li>\n<p>\\n  <\/p>\n<li><a href=\"\\&quot;https:\/\/sport.sky.it\/calciomercato\/calciomercato-2026-acquisti-ufficiali-estero-estate\\&quot;\" data-intcmp=\"\\&quot;skysport_liveblog_interlink_text\\&quot;\">Tutti i colpi di mercato all&#8217;estero<\/a><\/li>\n<p>\\n&#8221;,&#8221;postId&#8221;:&#8221;b6bed460-a345-4de4-a56b-880d9f369679&#8243;,&#8221;postLink&#8221;:{&#8220;title&#8221;:&#8221;&#8221;,&#8221;url&#8221;:&#8221;&#8221;,&#8221;imageSrc&#8221;:&#8221;&#8221;}}],&#8221;posts&#8221;:[{&#8220;timestamp&#8221;:&#8221;2026-08-28T20:00:00.834Z&#8221;,&#8221;timestampUtcIt&#8221;:&#8221;2026-08-28T22:00:00+0200&#8243;,&#8221;altBackground&#8221;:false,&#8221;title&#8221;:&#8221;Como, ufficiale il rinnovo di Kempf &#8220;,&#8221;content&#8221;:&#8221;<\/p>\n<p>Ufficiale il rinnovo di Marc Oliver Kempf con il Como. Ad annunciarlo \u00e8 proprio il club lariano mediante il proprio sito web.\u00a0<\/p>\n<p>\\n\\n<\/p>\n<p>\\&#8221;Como 1907 \u00e8 lieto di annunciare che Marc Oliver Kempf ha rinnovato il suo contratto con il club fino al 2029\\&#8221;.<\/p>\n<p>&#8220;,&#8221;postId&#8221;:&#8221;5634256f-aa32-4f30-aff1-a33f6a3b48cc&#8221;,&#8221;postLink&#8221;:{&#8220;title&#8221;:&#8221;&#8221;,&#8221;url&#8221;:&#8221;&#8221;,&#8221;imageSrc&#8221;:&#8221;&#8221;}},{&#8220;timestamp&#8221;:&#8221;2026-08-28T19:40:00.610Z&#8221;,&#8221;timestampUtcIt&#8221;:&#8221;2026-08-28T21:40:00+0200&#8243;,&#8221;altBackground&#8221;:false,&#8221;title&#8221;:&#8221;Milan, chieste informazioni per Hutchinson&#8221;,&#8221;content&#8221;:&#8221;<\/p>\n<p>Il mercato del <strong>Milan <\/strong>pu\u00f2 regalare ancora sorprese: dopo aver completato l&#8217;uscita di Leao, i rossoneri cercano un nuovo esterno da affidare ad <strong>Amorim <\/strong>e in queste ore avrebbero chiesto informazioni per Omari <strong>Hutchinson<\/strong>, esterno classe 2003 del <strong>Nottingham Forest.\u00a0<\/strong><\/p>\n<p>&#8220;,&#8221;postId&#8221;:&#8221;0dc26c5d-42cd-4fbd-a562-900b4e3cdbfe&#8221;,&#8221;postLink&#8221;:{&#8220;title&#8221;:&#8221;&#8221;,&#8221;url&#8221;:&#8221;&#8221;,&#8221;imageSrc&#8221;:&#8221;&#8221;}},{&#8220;timestamp&#8221;:&#8221;2026-08-28T19:20:00.970Z&#8221;,&#8221;timestampUtcIt&#8221;:&#8221;2026-08-28T21:20:00+0200&#8243;,&#8221;altBackground&#8221;:false,&#8221;title&#8221;:&#8221;Como, riflessioni su Diego Carlos. Il Parma non si defila &#8220;,&#8221;content&#8221;:&#8221;<\/p>\n<p>Non c&#8217;\u00e8 ancora certezza in merito al futuro del difensore, Diego Carlos: il brasiliano classe &#8217;93, rimane conteso tra il Como e il Parma. Dopo aver raggiunto un&#8217;intesa verbale con il Fenerbahce per un trasferimento a titolo definitvo, il Como ha poi rallentato, mentre il Parma continua a cercare un difensore e resta in pista.\u00a0<\/p>\n<p>&#8220;,&#8221;postId&#8221;:&#8221;c5960a27-bbde-45c0-b689-a1dc8526bd80&#8243;,&#8221;postLink&#8221;:{&#8220;title&#8221;:&#8221;&#8221;,&#8221;url&#8221;:&#8221;&#8221;,&#8221;imageSrc&#8221;:&#8221;&#8221;}},{&#8220;timestamp&#8221;:&#8221;2026-08-28T19:00:00.442Z&#8221;,&#8221;timestampUtcIt&#8221;:&#8221;2026-08-28T21:00:00+0200&#8243;,&#8221;altBackground&#8221;:false,&#8221;title&#8221;:&#8221;Juventus-Kessi\u00e9, prosegue la trattativa. Spalletti: \\&#8221;Affare possibile\\&#8221;&#8221;,&#8221;content&#8221;:&#8221;<\/p>\n<p>Non c&#8217;\u00e8 ancora intesa tra la Juventus e Franck <strong>Kessi\u00e9<\/strong>, che per\u00f2 proseguono nei contatti, come ammesso dallo stesso allenatore, Luciano <strong>Spalletti<\/strong>, in conferenza stampa alla vigilia della partita tra Juventus e Parma.\u00a0<\/p>\n<p>\\n\\n<\/p>\n<p><strong>\u201cKessi\u00e9? Penso ne stiano parlando, poi ci sar\u00e0 da vedere se ci si riesce perch\u00e9 i paletti del fair play finanziario sono molto stringenti <\/strong>per noi, per cui dobbiamo attenerci alle possibilit\u00e0 che abbiamo. Kessi\u00e9 \u00e8 un parametro zero e quindi \u00e8 pi\u00f9 possibile di altri, ma quando poi vai a parlare di prestiti anche se gratuiti, che poi c\u2019\u00e8 sempre qualcosa da pagare, bisogna confrontarsi con questo fair play e senza uscite diventa impossibile per noi portare gente dentro. <strong>Kessi\u00e9, se i direttori trovano la quadratura, pu\u00f2 essere possibile.\\&#8221;.<\/strong><\/p>\n<p>&#8220;,&#8221;postId&#8221;:&#8221;65cccc25-c22e-4ed2-891f-7dc6d10b2701&#8243;,&#8221;postLink&#8221;:{&#8220;title&#8221;:&#8221;&#8221;,&#8221;url&#8221;:&#8221;&#8221;,&#8221;imageSrc&#8221;:&#8221;&#8221;}},{&#8220;timestamp&#8221;:&#8221;2026-08-28T18:45:00.066Z&#8221;,&#8221;timestampUtcIt&#8221;:&#8221;2026-08-28T20:45:00+0200&#8243;,&#8221;altBackground&#8221;:false,&#8221;title&#8221;:&#8221;Napoli, sfuma la pista Guiu: lo spagnolo va al Lipsia &#8220;,&#8221;content&#8221;:&#8221;<\/p>\n<p>Sfuma la pista <strong>Guiu <\/strong>del <strong>Chelsea <\/strong>per il <strong>Napoli<\/strong>. L&#8217;attaccante del Chelsea \u00e8 ormai a un passo dal trasferimento al <strong>Lipsia<\/strong>. Gli azzurri, nelle scorse ore, hanno fatto un sondaggio per il prestito di \u00a0<strong>Woltemade<\/strong>, classe 2002 del <strong>Newcastle<\/strong>.\u00a0<\/p>\n<p>&#8220;,&#8221;postId&#8221;:&#8221;e87d961f-f37f-41bb-9623-6ae566faffb4&#8243;,&#8221;postLink&#8221;:{&#8220;title&#8221;:&#8221;&#8221;,&#8221;url&#8221;:&#8221;&#8221;,&#8221;imageSrc&#8221;:&#8221;&#8221;}},{&#8220;timestamp&#8221;:&#8221;2026-08-28T18:25:00.466Z&#8221;,&#8221;timestampUtcIt&#8221;:&#8221;2026-08-28T20:25:00+0200&#8243;,&#8221;altBackground&#8221;:false,&#8221;title&#8221;:&#8221;Inter, per l&#8217;Under 23 ecco Charlys dal Verona &#8220;,&#8221;content&#8221;:&#8221;<\/p>\n<p><strong>L&#8217;Inter <\/strong>Under 23 si rinforza con l&#8217;arrivo di <strong>Charlys<\/strong>, centrocampista brasiliano classe 2004 del <strong>Verona<\/strong>. Operazione in prestito con diritto di riscatto.\u00a0<\/p>\n<p>&#8220;,&#8221;postId&#8221;:&#8221;b05ca061-266c-49e1-a7d2-bb7a43def86e&#8221;,&#8221;postLink&#8221;:{&#8220;title&#8221;:&#8221;&#8221;,&#8221;url&#8221;:&#8221;&#8221;,&#8221;imageSrc&#8221;:&#8221;&#8221;}},{&#8220;timestamp&#8221;:&#8221;2026-08-28T18:00:00.987Z&#8221;,&#8221;timestampUtcIt&#8221;:&#8221;2026-08-28T20:00:00+0200&#8243;,&#8221;altBackground&#8221;:false,&#8221;title&#8221;:&#8221;Juventus, ufficiale il trasferimento di Miretti al Besiktas&#8221;,&#8221;content&#8221;:&#8221;<\/p>\n<p>Ufficiale l&#8217;arrivo di Miretti al Besiktas, il centrocampista si trasferisce alla corte di Vincenzo Italiano con la formula del prestito con diritto di riscatto.\u00a0<\/p>\n<p>&#8220;,&#8221;postId&#8221;:&#8221;36e7d717-2373-42de-8380-018ae1c619cd&#8221;,&#8221;postLink&#8221;:{&#8220;title&#8221;:&#8221;Calciomercato, Miretti lascia la Juve in prestito: ufficiale al Besiktas&#8221;,&#8221;url&#8221;:&#8221;https:\/\/sport.sky.it\/calciomercato\/calciomercato-2026-acquisti-ufficiali-estero-estate&#8221;,&#8221;imageSrc&#8221;:&#8221;https:\/\/sport.sky.it\/assets\/images\/4946992f5a7430df9e91aa5ee8b5b1d74f5615d6\/skysport\/it\/calcio\/calciomercato\/calciomercato-2026-acquisti-ufficiali-estero-estate\/MIRETTI_BESIKTAS_ufficiale.jpg?im=Resize,width=1218&#8243;}},{&#8220;timestamp&#8221;:&#8221;2026-08-28T17:45:00.123Z&#8221;,&#8221;timestampUtcIt&#8221;:&#8221;2026-08-28T19:45:00+0200&#8243;,&#8221;altBackground&#8221;:false,&#8221;title&#8221;:&#8221;Serie B, la Gallery degli acquisti ufficiali &#8220;,&#8221;content&#8221;:&#8221;<\/p>\n<p>L&#8217;Avellino rinforza l&#8217;attacco con il colpo Cheddira, mentre il Verona riparte da Zappa per la difesa.\u00a0<\/p>\n<p>\\n\\n<\/p>\n<p>La Gallery degli acquisti ufficiali di B di questa sessione estiva.\u00a0<\/p>\n<p>&#8220;,&#8221;postId&#8221;:&#8221;c995328e-40e0-489a-91bd-11f43c0e9111&#8243;,&#8221;postLink&#8221;:{&#8220;title&#8221;:&#8221;Avellino, colpo in attacco: arriva Cheddira&#8221;,&#8221;url&#8221;:&#8221;https:\/\/sport.sky.it\/calciomercato\/calciomercato-serie-b-estate-2026-acquisti-ufficiali&#8221;,&#8221;imageSrc&#8221;:&#8221;https:\/\/sport.sky.it\/assets\/images\/240a09d1f9733f66dfd8c601eca35a67dbc11dbb\/skysport\/it\/calcio\/calciomercato\/calciomercato-serie-b-estate-2026-acquisti-ufficiali\/cheddira_jpg.jpg?im=Resize,width=1218&#8243;}},{&#8220;timestamp&#8221;:&#8221;2026-08-28T16:50:00.924Z&#8221;,&#8221;timestampUtcIt&#8221;:&#8221;2026-08-28T18:50:00+0200&#8243;,&#8221;altBackground&#8221;:false,&#8221;title&#8221;:&#8221;Morata al Leganes: la Gallery delle ufficialit\u00e0 &#8220;,&#8221;content&#8221;:&#8221;<\/p>\n<p>Ufficiale il trasferimento di Alvaro <strong>Morata <\/strong>al <strong>Leganes<\/strong>: lo spagnolo lascia il Como con la formula del prestito con opzione di riscatto.<\/p>\n<p>\\n\\n<\/p>\n<p><strong>La Gallery dei trasferimenti ufficiali.\u00a0<\/strong><\/p>\n<p>&#8220;,&#8221;postId&#8221;:&#8221;7732fe7f-fd30-49c7-b504-d21964e5f5f2&#8243;,&#8221;postLink&#8221;:{&#8220;title&#8221;:&#8221;Calciomercato, Morata al Legan\u00e9s in prestito dal Como&#8221;,&#8221;url&#8221;:&#8221;https:\/\/sport.sky.it\/calciomercato\/calciomercato-2026-acquisti-ufficiali-estero-estate#02&#8243;,&#8221;imageSrc&#8221;:&#8221;https:\/\/sport.sky.it\/assets\/images\/761bdca48582a996ad8fe1fee358b5308465c993\/skysport\/it\/calcio\/calciomercato\/calciomercato-2026-acquisti-ufficiali-estero-estate\/morata_leganes.jpg?im=Resize,width=1218&#8243;}},{&#8220;timestamp&#8221;:&#8221;2026-08-28T16:25:00.182Z&#8221;,&#8221;timestampUtcIt&#8221;:&#8221;2026-08-28T18:25:00+0200&#8243;,&#8221;altBackground&#8221;:false,&#8221;title&#8221;:&#8221;Catania, ufficiale la risoluzione di Rolfini&#8221;,&#8221;content&#8221;:&#8221;<\/p>\n<p>Il Catania e Alex <strong>Rolfini <\/strong>si separano: ufficiale la risoluzione contrattuale tra i rossazzurri e l&#8217;attaccante dopo aver totalizzato 17 presenze<\/p>\n<p>&#8220;,&#8221;postId&#8221;:&#8221;b842fbb9-d605-417e-8c0e-80eb3525d221&#8243;,&#8221;postLink&#8221;:{&#8220;title&#8221;:&#8221;&#8221;,&#8221;url&#8221;:&#8221;&#8221;,&#8221;imageSrc&#8221;:&#8221;&#8221;}},{&#8220;timestamp&#8221;:&#8221;2026-08-28T15:56:36.044Z&#8221;,&#8221;timestampUtcIt&#8221;:&#8221;2026-08-28T17:56:36+0200&#8243;,&#8221;video&#8221;:{&#8220;videoId&#8221;:&#8221;1120446&#8243;,&#8221;videoPageUrl&#8221;:&#8221;https:\/\/video.sky.it\/sport\/calciomercato\/serie-a\/video\/ricci-como-arrivo-video-1120446&#8243;},&#8221;altBackground&#8221;:true,&#8221;title&#8221;:&#8221;Como, Ricci arrivato in citt\u00e0 &#8220;,&#8221;content&#8221;:&#8221;<\/p>\n<p>Samuele Ricci \u00e8 arrivato a Como. Il centrocampista ex Milan si trasferisce in prestito oneroso da 1,5 milioni di euro con bonus legati alla qualificazione in Europa e diritto di riscatto fissato a 22 milioni di euro.\u00a0<\/p>\n<p>&#8220;,&#8221;postId&#8221;:&#8221;aae3022e-b02e-4d4d-a5f3-2880d65bcd85&#8243;,&#8221;postLink&#8221;:{&#8220;title&#8221;:&#8221;&#8221;,&#8221;url&#8221;:&#8221;&#8221;,&#8221;imageSrc&#8221;:&#8221;&#8221;}},{&#8220;timestamp&#8221;:&#8221;2026-08-28T15:40:00.319Z&#8221;,&#8221;timestampUtcIt&#8221;:&#8221;2026-08-28T17:40:00+0200&#8243;,&#8221;altBackground&#8221;:false,&#8221;title&#8221;:&#8221;Casertana, in arrivo Arzillo&#8221;,&#8221;content&#8221;:&#8221;<\/p>\n<p>In chiusura la trattativa per<strong> Vincenzo Arzillo dell&#8217;Avellino<\/strong>. Il centrocampista classe 2006 arriva con la forma di prestito<\/p>\n<p>&#8220;,&#8221;postId&#8221;:&#8221;3e234dc2-912d-42c9-86b7-9c913ef28c38&#8243;,&#8221;postLink&#8221;:{&#8220;title&#8221;:&#8221;&#8221;,&#8221;url&#8221;:&#8221;&#8221;,&#8221;imageSrc&#8221;:&#8221;&#8221;}},{&#8220;timestamp&#8221;:&#8221;2026-08-28T15:20:00.617Z&#8221;,&#8221;timestampUtcIt&#8221;:&#8221;2026-08-28T17:20:00+0200&#8243;,&#8221;altBackground&#8221;:false,&#8221;title&#8221;:&#8221;Juventus, Chiellini: \\&#8221;Yildiz dovr\u00e0 operarsi e torner\u00e0 tra qualche mese. \u00c8 un&#8217;assenza importante\\&#8221;&#8221;,&#8221;content&#8221;:&#8221;<\/p>\n<p>\\&#8221;La situazione di Yildiz \u00e8 chiara: usciranno i bollettini medici. Ha avuto questo infortunio al metatarso, dovr\u00e0 operarsi e torner\u00e0 tra qualche mese. Per fortuna \u00e8 un infortunio che lo terr\u00e0 lontano dal campo, ma non comprometter\u00e0 la sua carriera. \u00c8 un&#8217;assenza importante, che lascia spazio ad altri giovani\\&#8221;. Cos\u00ec Giorgio <strong>Chiellini <\/strong>a Sky Sport subito dopo la fine dei sorteggi di Europa League<\/p>\n<p>&#8220;,&#8221;postId&#8221;:&#8221;0efc2552-241c-4ff2-8453-b739dc9c8513&#8243;,&#8221;postLink&#8221;:{&#8220;title&#8221;:&#8221;&#8221;,&#8221;url&#8221;:&#8221;&#8221;,&#8221;imageSrc&#8221;:&#8221;&#8221;}},{&#8220;timestamp&#8221;:&#8221;2026-08-28T15:09:16.604Z&#8221;,&#8221;timestampUtcIt&#8221;:&#8221;2026-08-28T17:09:16+0200&#8243;,&#8221;video&#8221;:{&#8220;videoId&#8221;:&#8221;1120444&#8243;,&#8221;videoPageUrl&#8221;:&#8221;https:\/\/video.sky.it\/sport\/calciomercato\/serie-a\/video\/fiorentina-beto-calciomercato-news-1120444&#8243;},&#8221;altBackground&#8221;:true,&#8221;title&#8221;:&#8221;Fiorentina, presentata un&#8217;offerta per Beto&#8221;,&#8221;content&#8221;:&#8221;<\/p>\n<p>Il profilo designato per sostituire <strong>Moise Kean<\/strong> \u00e8 quello di <strong>Joshua Zirkzee <\/strong>del <strong>Manchester United <\/strong>per il quale la <strong>Fiorentina <\/strong>propone un prestito con diritto e non obbligo: si attende una risposta dal club inglese. Intanto la viola lavora \u201cb\u201d ovvero <strong>Beto <\/strong>dell\u2019<strong>Everton <\/strong>per cui \u00e8 stata presentata un\u2019offerta.\u00a0<\/p>\n<p>&#8220;,&#8221;postId&#8221;:&#8221;15c16208-ac97-4ef6-a23d-13ec606522a5&#8243;,&#8221;postLink&#8221;:{&#8220;title&#8221;:&#8221;&#8221;,&#8221;url&#8221;:&#8221;&#8221;,&#8221;imageSrc&#8221;:&#8221;&#8221;}},{&#8220;timestamp&#8221;:&#8221;2026-08-28T15:00:00.496Z&#8221;,&#8221;timestampUtcIt&#8221;:&#8221;2026-08-28T17:00:00+0200&#8243;,&#8221;altBackground&#8221;:false,&#8221;title&#8221;:&#8221;Cremonese, in chiusura l&#8217;arrivo di Licina dalla Juventus&#8221;,&#8221;content&#8221;:&#8221;<\/p>\n<p>Il classe 2007 \u00e8 pronto a diventare un nuovo giocatore della <strong>Cremonese<\/strong>: l&#8217;esterno offensivo arriva con la formula del prestito<\/p>\n<p>&#8220;,&#8221;postId&#8221;:&#8221;6693e1a0-77e9-485c-9db0-2f50979d6fdf&#8221;,&#8221;postLink&#8221;:{&#8220;title&#8221;:&#8221;Juventus, Licina in prestito secco alla Cremonese: operazione in chiusura&#8221;,&#8221;url&#8221;:&#8221;https:\/\/sport.sky.it\/calciomercato\/2026\/08\/28\/juventus-licina-cremonese-calciomercato-news&#8221;,&#8221;imageSrc&#8221;:&#8221;https:\/\/sport.sky.it\/assets\/images\/a96bfeaedcfdbb4d1f7316b8c36ab24aa5a0e857\/skysport\/it\/calcio\/calciomercato\/2026\/08\/28\/juventus-licina-cremonese-calciomercato-news\/licina_juve_ipa.jpg?im=Resize,width=1218&#8243;}},{&#8220;timestamp&#8221;:&#8221;2026-08-28T14:54:55.963Z&#8221;,&#8221;timestampUtcIt&#8221;:&#8221;2026-08-28T16:54:55+0200&#8243;,&#8221;altBackground&#8221;:false,&#8221;title&#8221;:&#8221;Sassuolo, in chiusura l&#8217;arrivo di Van Der Brempt&#8221;,&#8221;content&#8221;:&#8221;<\/p>\n<p>Dopo che era sfumata la pista <strong>Beghali <\/strong>del <strong>Verona<\/strong>, il <strong>Sassuolo <\/strong>ha accellerato e chiuso per il difensore del <strong>Como Van Der Brempt.<\/strong><\/p>\n<p>&#8220;,&#8221;postId&#8221;:&#8221;ebbf52bf-c871-4863-823f-6e833fafd1da&#8221;,&#8221;postLink&#8221;:{&#8220;title&#8221;:&#8221;&#8221;,&#8221;url&#8221;:&#8221;&#8221;,&#8221;imageSrc&#8221;:&#8221;&#8221;}},{&#8220;timestamp&#8221;:&#8221;2026-08-28T14:46:18.027Z&#8221;,&#8221;timestampUtcIt&#8221;:&#8221;2026-08-28T16:46:18+0200&#8243;,&#8221;altBackground&#8221;:false,&#8221;title&#8221;:&#8221;Milan, \u00e8 fatta per il passaggio di Leao al Galatasaray &#8220;,&#8221;content&#8221;:&#8221;<\/p>\n<p>Colpo di scena nella trattativa <strong>Rafa Leao<\/strong>: \u00e8 fatta per il trasferimento del portoghese al <strong>Galatasaray<\/strong>. Il giocatore ha preso questa scelta nelle ultime ore. Sorpasso quindi decisivo del club turco.\u00a0Domani la possibile partenza del portoghese.\u00a0<\/p>\n<p>&#8220;,&#8221;postId&#8221;:&#8221;a6e4d342-aa69-42c4-91be-b5b8810d31fa&#8221;,&#8221;postLink&#8221;:{&#8220;title&#8221;:&#8221;Leao-Galatasaray, \u00e8 fatta per il trasferimento dal Milan: le cifre dell&#8217;operazione&#8221;,&#8221;url&#8221;:&#8221;https:\/\/sport.sky.it\/calciomercato\/2026\/08\/28\/leao-galatasaray-calciomercato-milan-news&#8221;,&#8221;imageSrc&#8221;:&#8221;https:\/\/sport.sky.it\/assets\/images\/54715a3d63db06d443a350e70e2ec23bc87c35e8\/skysport\/it\/calcio\/calciomercato\/2026\/08\/28\/leao-galatasaray-calciomercato-milan-news\/leao_getty_1.jpg?im=Resize,width=1218&#8243;}},{&#8220;timestamp&#8221;:&#8221;2026-08-28T14:40:00.641Z&#8221;,&#8221;timestampUtcIt&#8221;:&#8221;2026-08-28T16:40:00+0200&#8243;,&#8221;altBackground&#8221;:false,&#8221;title&#8221;:&#8221;Sarnese, arriva Maggio&#8221;,&#8221;content&#8221;:&#8221;<\/p>\n<p>La Sarnese ha chiuso per l&#8217;arrivo di Domenico<strong> Maggio, <\/strong>attaccante classe 1990 che arriva dalla Scafatese<\/p>\n<p>&#8220;,&#8221;postId&#8221;:&#8221;d8620010-dedb-452f-a982-fbd2379d3c97&#8243;,&#8221;postLink&#8221;:{&#8220;title&#8221;:&#8221;&#8221;,&#8221;url&#8221;:&#8221;&#8221;,&#8221;imageSrc&#8221;:&#8221;&#8221;}},{&#8220;timestamp&#8221;:&#8221;2026-08-28T14:40:00.295Z&#8221;,&#8221;timestampUtcIt&#8221;:&#8221;2026-08-28T16:40:00+0200&#8243;,&#8221;altBackground&#8221;:false,&#8221;title&#8221;:&#8221;Monza, ufficiale l&#8217;arrivo di Ngonge&#8221;,&#8221;content&#8221;:&#8221;<\/p>\n<p>Il <strong>Monza <\/strong>ha ufficializzaro l&#8217;arrivo dell\u2019attaccante belga dal <strong>Napoli <\/strong>a titolo temporaneo fino al 30 giugno 2027 con diritto di riscatto.\u00a0<\/p>\n<p>&#8220;,&#8221;postId&#8221;:&#8221;58112df4-bb52-4d5c-86be-887a94971249&#8243;,&#8221;postLink&#8221;:{&#8220;title&#8221;:&#8221;&#8221;,&#8221;url&#8221;:&#8221;&#8221;,&#8221;imageSrc&#8221;:&#8221;&#8221;}},{&#8220;timestamp&#8221;:&#8221;2026-08-28T14:38:16.763Z&#8221;,&#8221;timestampUtcIt&#8221;:&#8221;2026-08-28T16:38:16+0200&#8243;,&#8221;altBackground&#8221;:false,&#8221;title&#8221;:&#8221;Roma, offerta per Leonardo Balerdi del Marsiglia: i dettagli&#8221;,&#8221;content&#8221;:&#8221;<\/p>\n<p>La <strong>Roma<\/strong> continua a lavorare sul mercato in entrata. I giallorossi hanno presentato un&#8217;offerta per <strong>Leonardo Balerdi<\/strong>, difensore del <strong>Marsiglia<\/strong>. Per l&#8217;argentino la Roma ha proposto un <strong>prestito con diritto di riscatto che pu\u00f2 diventare obbligo a determinate condizion<\/strong><\/p>\n<p>&#8220;,&#8221;postId&#8221;:&#8221;cb833f99-2f2b-43e9-aa12-a24a50dea955&#8243;,&#8221;postLink&#8221;:{&#8220;title&#8221;:&#8221;Roma, offerta al Marsiglia per Balerdi&#8221;,&#8221;url&#8221;:&#8221;https:\/\/sport.sky.it\/calciomercato\/2026\/08\/28\/roma-balerdi-calciomercato-news&#8221;,&#8221;imageSrc&#8221;:&#8221;https:\/\/sport.sky.it\/assets\/images\/3dcf85750aea58e9604eb4ec698f69b6cbc1ed08\/skysport\/it\/calcio\/calciomercato\/2026\/08\/28\/roma-balerdi-calciomercato-news\/balerdi_ipa.jpg?im=Resize,width=1218&#8243;}},{&#8220;timestamp&#8221;:&#8221;2026-08-28T14:20:00.399Z&#8221;,&#8221;timestampUtcIt&#8221;:&#8221;2026-08-28T16:20:00+0200&#8243;,&#8221;altBackground&#8221;:false,&#8221;title&#8221;:&#8221;Parma, ufficiale l&#8217;arrivo di Fabbian&#8221;,&#8221;content&#8221;:&#8221;<\/p>\n<p>Il <strong>Parma <\/strong>ha ufficializzato l&#8217;arrivo di <strong>Fabbian <\/strong>dalla <strong>Fiorentina<\/strong>. Operazione in prestito<\/p>\n<p>&#8220;,&#8221;postId&#8221;:&#8221;d5b99aad-c77b-499e-bf1d-4c1ccee83c0b&#8221;,&#8221;postLink&#8221;:{&#8220;title&#8221;:&#8221;&#8221;,&#8221;url&#8221;:&#8221;&#8221;,&#8221;imageSrc&#8221;:&#8221;&#8221;}},{&#8220;timestamp&#8221;:&#8221;2026-08-28T14:00:00.861Z&#8221;,&#8221;timestampUtcIt&#8221;:&#8221;2026-08-28T16:00:00+0200&#8243;,&#8221;altBackground&#8221;:false,&#8221;title&#8221;:&#8221;Atletico Madrid, Alvarez salta il terzo allenamento consecutivo&#8221;,&#8221;content&#8221;:&#8221;<\/p>\n<p>Secondo quando riportato da SkySportsUK, <strong>Juli\u00e1n <\/strong>Alvarez ha saltato l&#8217;allenamento all&#8217;Atletico per il terzo giorno consecutivo. Il giocatore \u00e8 coinvolto in diversi discorsi di calciomercato con l&#8217;Atletico che si rifiuta di venderlo ai rivali del<strong> Barcellona<\/strong>. <strong>Anche l&#8217;Arsenal<\/strong> \u00e8 interessato all&#8217;argentino ed \u00e8 visto come l&#8217;unica destinazione per Alvarez se vuole lasciare l&#8217;Atleti.<\/p>\n<p>&#8220;,&#8221;postId&#8221;:&#8221;d319c6a6-507c-4734-a6d2-61058de69008&#8243;,&#8221;postLink&#8221;:{&#8220;title&#8221;:&#8221;&#8221;,&#8221;url&#8221;:&#8221;&#8221;,&#8221;imageSrc&#8221;:&#8221;&#8221;}},{&#8220;timestamp&#8221;:&#8221;2026-08-28T13:40:00.018Z&#8221;,&#8221;timestampUtcIt&#8221;:&#8221;2026-08-28T15:40:00+0200&#8243;,&#8221;altBackground&#8221;:false,&#8221;title&#8221;:&#8221;Foggia e Monopoli hanno trovato l&#8217;accordo per Berra&#8221;,&#8221;content&#8221;:&#8221;<\/p>\n<p><strong>Foggia,<\/strong> tutto fatto per l&#8217;arrivo di Filippo <strong>Berra, <\/strong>terzino destro classe 1995 proveniente dalla <strong>Salernitana.<\/strong><\/p>\n<p>&#8220;,&#8221;postId&#8221;:&#8221;51c4c90b-cd53-4f81-916c-7d3bbf8f51ca&#8221;,&#8221;postLink&#8221;:{&#8220;title&#8221;:&#8221;&#8221;,&#8221;url&#8221;:&#8221;&#8221;,&#8221;imageSrc&#8221;:&#8221;&#8221;}},{&#8220;timestamp&#8221;:&#8221;2026-08-28T13:22:45.790Z&#8221;,&#8221;timestampUtcIt&#8221;:&#8221;2026-08-28T15:22:45+0200&#8243;,&#8221;altBackground&#8221;:false,&#8221;title&#8221;:&#8221;Milan, l&#8217;Aston Villa rilancia per Leao: ore decisive&#8221;,&#8221;content&#8221;:&#8221;<\/p>\n<p>L&#8217;<strong>Aston Villa<\/strong> rilancia per Leao a 7,5 milioni. Sono ore decisive per la scelta del portoghese destinato a lasciare il Milan e che \u00e8 un obiettivo anche del <strong>Galatasaray<\/strong>.\u00a0<\/p>\n<p>&#8220;,&#8221;postId&#8221;:&#8221;ff922ccb-e2d9-4589-b9ef-f633ab9726bb&#8221;,&#8221;postLink&#8221;:{&#8220;title&#8221;:&#8221;Leao-Aston Villa, aumentata l&#8217;offerta al calciatore: si cerca l&#8217;intesa col Milan&#8221;,&#8221;url&#8221;:&#8221;https:\/\/sport.sky.it\/calciomercato\/2026\/08\/28\/leao-aston-villa-calciomercato-milan-news&#8221;,&#8221;imageSrc&#8221;:&#8221;https:\/\/sport.sky.it\/assets\/images\/a73c609ec145d647f83a30f7720420a5dcfcb19f\/skysport\/it\/calcio\/calciomercato\/2026\/08\/28\/leao-aston-villa-calciomercato-milan-news\/leao_premier_getty.jpg?im=Resize,width=1218&#8243;}},{&#8220;timestamp&#8221;:&#8221;2026-08-28T13:20:00.140Z&#8221;,&#8221;timestampUtcIt&#8221;:&#8221;2026-08-28T15:20:00+0200&#8243;,&#8221;altBackground&#8221;:false,&#8221;title&#8221;:&#8221;Kean al Como: ma come si inserirebbe nella squadra di Fabregas?&#8221;,&#8221;content&#8221;:&#8221;<\/p>\n<p>La questione tattica \u00e8 fondamentale: l&#8217;arrivo di Kean al Como garantirebbe tutto un altro tipo di gioco a Fabregas, con una soluzione tutta diversa rispetto a Douvikas. Come si inserirebbe e cosa raccontano i dati sul confronto tra i due giocatori<\/p>\n<p>&#8220;,&#8221;postId&#8221;:&#8221;6b5053af-45bc-4064-9c3f-0adfe4741a8c&#8221;,&#8221;postLink&#8221;:{&#8220;title&#8221;:&#8221;Quel piano di Fabregas per Kean&#8221;,&#8221;url&#8221;:&#8221;https:\/\/sport.sky.it\/calciomercato\/2026\/08\/26\/kean-como-come-giochera&#8221;,&#8221;imageSrc&#8221;:&#8221;https:\/\/sport.sky.it\/assets\/images\/04fc32ac7451cf2d350bfaa380ff65f4f23f6061\/skysport\/it\/calcio\/calciomercato\/2026\/08\/26\/kean-como-come-giochera\/kean_GETTY_copertina_italia.jpg?im=Resize,width=1218&#8243;}},{&#8220;timestamp&#8221;:&#8221;2026-08-28T13:00:00.456Z&#8221;,&#8221;timestampUtcIt&#8221;:&#8221;2026-08-28T15:00:00+0200&#8243;,&#8221;altBackground&#8221;:false,&#8221;title&#8221;:&#8221;Carrarese, ufficiale l&#8217;arrivo di Pizzignacco&#8221;,&#8221;content&#8221;:&#8221;<\/p>\n<p>La Carrarese ha ufficializzato l&#8217;arrivo del portiere in prestito dal Monza. Queste le sue prime dichiarazioni: \u201cSono molto felice di essere arrivato a Carrara, ed anche emozionato di iniziare questa nuova avventura. Ho scelto di accettare la proposta della Carrarese perch\u00e9 penso che sia la soluzione migliore per continuare a crescere e proseguire nel migliore dei modi la mia carriera. Infatti, ci tengo a ringraziare la societ\u00e0 per la fiducia. L\u2019obiettivo che ho per quest\u2019anno \u00e8 quello di aiutare la squadra nel raggiungimento di tutti gli obiettivi stagionali, e non vedo l\u2019ora di scendere in campo. L\u2019anno scorso sono rimasto impressionato dall\u2019atmosfera del \u201cDei Marmi\u201d, dal sostegno dei tifosi nei confronti della loro squadra a prescindere dal risultato della partita. Infatti, spero di poter vivere al pi\u00f9 presto in prima persona questo clima\u201d.<\/p>\n<p>&#8220;,&#8221;postId&#8221;:&#8221;afb95f7d-9f9d-4b44-8640-3b28815bce64&#8243;,&#8221;postLink&#8221;:{&#8220;title&#8221;:&#8221;&#8221;,&#8221;url&#8221;:&#8221;&#8221;,&#8221;imageSrc&#8221;:&#8221;&#8221;}},{&#8220;timestamp&#8221;:&#8221;2026-08-28T12:40:00.928Z&#8221;,&#8221;timestampUtcIt&#8221;:&#8221;2026-08-28T14:40:00+0200&#8243;,&#8221;altBackground&#8221;:false,&#8221;title&#8221;:&#8221;Cosenza, vicino l&#8217;arrivo di un classe 2005&#8243;,&#8221;content&#8221;:&#8221;<\/p>\n<p>Il Cosenza \u00e8 vicino all&#8217;arrivo di\u00a0Abdoulie <strong>Ndow<\/strong>, trequartista gambiano classe 2005 dello <strong>Spezia<\/strong>.<\/p>\n<p>&#8220;,&#8221;postId&#8221;:&#8221;37ddd55d-8c21-43fb-ba49-8972f0c2fdf9&#8243;,&#8221;postLink&#8221;:{&#8220;title&#8221;:&#8221;&#8221;,&#8221;url&#8221;:&#8221;&#8221;,&#8221;imageSrc&#8221;:&#8221;&#8221;}},{&#8220;timestamp&#8221;:&#8221;2026-08-28T12:38:23.001Z&#8221;,&#8221;timestampUtcIt&#8221;:&#8221;2026-08-28T14:38:23+0200&#8243;,&#8221;video&#8221;:{&#8220;videoId&#8221;:&#8221;1120369&#8243;,&#8221;videoPageUrl&#8221;:&#8221;https:\/\/video.sky.it\/sport\/calciomercato\/serie-a\/video\/monza-ngonge-folorunsho-ziolkowski-calciomercato-news-1120369&#8243;},&#8221;altBackground&#8221;:true,&#8221;title&#8221;:&#8221;Monza, triplo colpo di mercato&#8221;,&#8221;content&#8221;:&#8221;<\/p>\n<p>Monza scatenato. Doppio colpo in attacco per i brianzoli: dal Napoli arrivano <strong>Folorushno <\/strong>(in prestito) e <strong>Ngonge <\/strong>(ha gi\u00e0 firmato con il Monza-prestito con diritto di riscatto). Per la difesa in chiusura invece l\u2019arrivo in prestito secco dalla <strong>Roma <\/strong>di <strong>Ziolkowski<\/strong>. Folorushno e Ziolkowki sosterranno oggi le visite mediche.<\/p>\n<p>\\n&#8221;,&#8221;postId&#8221;:&#8221;7aca52e2-781e-41fd-8e87-7d411e61b2d9&#8243;,&#8221;postLink&#8221;:{&#8220;title&#8221;:&#8221;&#8221;,&#8221;url&#8221;:&#8221;&#8221;,&#8221;imageSrc&#8221;:&#8221;&#8221;}},{&#8220;timestamp&#8221;:&#8221;2026-08-28T12:20:00.144Z&#8221;,&#8221;timestampUtcIt&#8221;:&#8221;2026-08-28T14:20:00+0200&#8243;,&#8221;altBackground&#8221;:false,&#8221;title&#8221;:&#8221;Doppio colpo Lecco&#8221;,&#8221;content&#8221;:&#8221;<\/p>\n<p>Ufficiale l&#8217;arrivo diAlexander\u00a0<strong>Murillo<\/strong>, attaccante spagnolo classe 2006 dal\u00a0<strong>Salisburgo<\/strong>. Tutto fatto anche per\u00a0Andrea\u00a0<strong>Magrassi<\/strong>, attaccante classe 1993 dal<strong> Milan Futuro<\/strong>.<\/p>\n<p>&#8220;,&#8221;postId&#8221;:&#8221;da2f3783-5e12-425d-a552-259c1b1eb853&#8243;,&#8221;postLink&#8221;:{&#8220;title&#8221;:&#8221;&#8221;,&#8221;url&#8221;:&#8221;&#8221;,&#8221;imageSrc&#8221;:&#8221;&#8221;}},{&#8220;timestamp&#8221;:&#8221;2026-08-28T12:13:58.624Z&#8221;,&#8221;timestampUtcIt&#8221;:&#8221;2026-08-28T14:13:58+0200&#8243;,&#8221;video&#8221;:{&#8220;videoId&#8221;:&#8221;1120356&#8243;,&#8221;videoPageUrl&#8221;:&#8221;https:\/\/video.sky.it\/sport\/calciomercato\/serie-a\/video\/torino-perri-arrivo-malpensa-video-1120356&#8243;},&#8221;altBackground&#8221;:true,&#8221;title&#8221;:&#8221;Torino, Perri \u00e8 arrivato in citt\u00e0&#8221;,&#8221;content&#8221;:&#8221;<\/p>\n<p>\u00c8 arrivato in citt\u00e0 il nuovo portiere del <strong>Torino Lucas Perri<\/strong>. Il giocatore arriva dal Leeds e nelle prossime ore sosterr\u00e0 le visite mediche.<\/p>\n<p>&#8220;,&#8221;postId&#8221;:&#8221;3fd747d2-0719-4bae-a7e8-7c016a5cf182&#8243;,&#8221;postLink&#8221;:{&#8220;title&#8221;:&#8221;&#8221;,&#8221;url&#8221;:&#8221;&#8221;,&#8221;imageSrc&#8221;:&#8221;&#8221;}},{&#8220;timestamp&#8221;:&#8221;2026-08-28T12:11:28.735Z&#8221;,&#8221;timestampUtcIt&#8221;:&#8221;2026-08-28T14:11:28+0200&#8243;,&#8221;altBackground&#8221;:false,&#8221;title&#8221;:&#8221;Bologna, chiusa l&#8217;operazione Theate: atteso in citt\u00e0 nelle prossime ore&#8221;,&#8221;content&#8221;:&#8221;<\/p>\n<p>E&#8217; ormai chiusa l&#8217;operazione che porter\u00e0<strong>\u00a0Arthur Theate<\/strong>\u00a0al <strong>Bologna<\/strong>. Il difensore belga \u00e8 atteso in citt\u00e0 tra questa sera e domani per completare i passaggi che porteranno al suo ritorno in rossobl\u00f9. L&#8217;operazione sar\u00e0 definita sulla base di un prestito con diritto di riscatto fissato a <strong>15 milioni di euro<\/strong><\/p>\n<p>&#8220;,&#8221;postId&#8221;:&#8221;130e4b41-49b6-4419-8430-61ca15f5923e&#8221;,&#8221;postLink&#8221;:{&#8220;title&#8221;:&#8221;&#8221;,&#8221;url&#8221;:&#8221;&#8221;,&#8221;imageSrc&#8221;:&#8221;&#8221;}},{&#8220;timestamp&#8221;:&#8221;2026-08-28T12:00:00.713Z&#8221;,&#8221;timestampUtcIt&#8221;:&#8221;2026-08-28T14:00:00+0200&#8243;,&#8221;altBackground&#8221;:false,&#8221;title&#8221;:&#8221;Perch\u00e9 la Roma voleva Mora a tutti i costi&#8221;,&#8221;content&#8221;:&#8221;<\/p>\n<p>Per giorni \u00e8 andata avanti una trattativa complicata per convincere il <strong>Porto <\/strong>a lasciar andare il suo gioiellino. Ora \u00e8 fatta: cosa si aspetta Gasperini da lui<\/p>\n<p>&#8220;,&#8221;postId&#8221;:&#8221;00cd7e3b-139e-4d8b-b8c1-92c1feed085d&#8221;,&#8221;postLink&#8221;:{&#8220;title&#8221;:&#8221;Perch\u00e9 la Roma voleva Mora a tutti i costi&#8221;,&#8221;url&#8221;:&#8221;https:\/\/sport.sky.it\/calciomercato\/2026\/08\/15\/calciomercato-roma-rodrigo-mora-storia&#8221;,&#8221;imageSrc&#8221;:&#8221;https:\/\/sport.sky.it\/assets\/images\/bc6e8ced4d24a41af75883f7b938444f1dc90510\/skysport\/it\/calcio\/calciomercato\/2026\/08\/12\/calciomercato-roma-rodrigo-mora-storia\/mora_getty.jpg?im=Resize,width=1218&#8243;}},{&#8220;timestamp&#8221;:&#8221;2026-08-28T11:43:49.829Z&#8221;,&#8221;timestampUtcIt&#8221;:&#8221;2026-08-28T13:43:49+0200&#8243;,&#8221;altBackground&#8221;:false,&#8221;title&#8221;:&#8221;Lazio, sondaggio esplorativo per Zhegrova&#8221;,&#8221;content&#8221;:&#8221;<\/p>\n<p>Per il reparto offensivo la <strong>Lazio <\/strong>ha effettuato un sondaggio esplorativo per <strong>Edon Zhegrova<\/strong>, esterno offensivo della <strong>Juventus<\/strong>. Da capire se nelle prossime ore ci saranno sviluppi concreti. Il suo arrivo \u00e8 legato all&#8217;eventuale partenza di <strong>Cancellieri <\/strong>su cui c&#8217;\u00e8 l&#8217;interesse di <strong>Genoa <\/strong>e <strong>Fiorentina<\/strong>.\u00a0<\/p>\n<p>&#8220;,&#8221;postId&#8221;:&#8221;23e27f76-f823-4f1d-ab8a-784e58092e9a&#8221;,&#8221;postLink&#8221;:{&#8220;title&#8221;:&#8221;&#8221;,&#8221;url&#8221;:&#8221;&#8221;,&#8221;imageSrc&#8221;:&#8221;&#8221;}},{&#8220;timestamp&#8221;:&#8221;2026-08-28T11:30:00.818Z&#8221;,&#8221;timestampUtcIt&#8221;:&#8221;2026-08-28T13:30:00+0200&#8243;,&#8221;altBackground&#8221;:false,&#8221;title&#8221;:&#8221;Sassuolo, Nuamah saluta&#8221;,&#8221;content&#8221;:&#8221;<\/p>\n<p>Il classe 2005 \u00e8 pronto a lasciare il Sassuolo:va al\u00a0<strong>Sabadell <\/strong>in Segunda Division (Serie B spagnola). Operazione in prestito con diritto di riscatto a 1.5 milioni di euro.<\/p>\n<p>&#8220;,&#8221;postId&#8221;:&#8221;4a0a9e32-944d-4c8e-b4a2-9c579ad90770&#8243;,&#8221;postLink&#8221;:{&#8220;title&#8221;:&#8221;&#8221;,&#8221;url&#8221;:&#8221;&#8221;,&#8221;imageSrc&#8221;:&#8221;&#8221;}},{&#8220;timestamp&#8221;:&#8221;2026-08-28T11:10:00.172Z&#8221;,&#8221;timestampUtcIt&#8221;:&#8221;2026-08-28T13:10:00+0200&#8243;,&#8221;altBackground&#8221;:false,&#8221;title&#8221;:&#8221;Cagliari, si lavora per la cessione di Mutandwa: la situazione&#8221;,&#8221;content&#8221;:&#8221;<\/p>\n<p>Per l\u2019attaccante Kingstone <strong>Mutandw<\/strong>, sorpasso decisivo del Servette sul <strong>Rizespor. <\/strong>Il club svizzero\u00a0dovrebbe chiudere oggi la trattativa per l&#8217;attaccante classe 2003.<\/p>\n<p>&#8220;,&#8221;postId&#8221;:&#8221;c7c6260c-d14e-4f79-b4c8-54f77be0a1fe&#8221;,&#8221;postLink&#8221;:{&#8220;title&#8221;:&#8221;&#8221;,&#8221;url&#8221;:&#8221;&#8221;,&#8221;imageSrc&#8221;:&#8221;&#8221;}},{&#8220;timestamp&#8221;:&#8221;2026-08-28T10:47:56.320Z&#8221;,&#8221;timestampUtcIt&#8221;:&#8221;2026-08-28T12:47:56+0200&#8243;,&#8221;altBackground&#8221;:false,&#8221;title&#8221;:&#8221;Monza, oggi le visite mediche di Folorunsho&#8221;,&#8221;content&#8221;:&#8221;<\/p>\n<p>Il Monza ha chiuso per l&#8217;arrivo di <strong>Folorunsho<\/strong>: nella giornata di oggi sono previste le visite mediche. Operazione in prestito dal <strong>Napoli<\/strong><\/p>\n<p>&#8220;,&#8221;postId&#8221;:&#8221;53f3f1eb-7b41-4428-a50f-ba7d6a9852e2&#8243;,&#8221;postLink&#8221;:{&#8220;title&#8221;:&#8221;&#8221;,&#8221;url&#8221;:&#8221;&#8221;,&#8221;imageSrc&#8221;:&#8221;&#8221;}},{&#8220;timestamp&#8221;:&#8221;2026-08-28T10:30:00.446Z&#8221;,&#8221;timestampUtcIt&#8221;:&#8221;2026-08-28T12:30:00+0200&#8243;,&#8221;altBackground&#8221;:false,&#8221;title&#8221;:&#8221;Inter, Chivu: \u201cLautaro \u00e8 il nostro capitano, ha amore per i nostri colori\u201d&#8221;,&#8221;content&#8221;:&#8221;<\/p>\n<p>L&#8217;allenatore dell&#8217;Inter ha commentato le voci di mercato che vedevano un interesse da parte del Barcellona. La posizione dell&#8217;Inter \u00e8 sempre stata chiara: non solo non sono arrivate offere ma soprattutto il giocatore \u00e8 sempre stato ritenuto incedibile. Queste le dichiarazioni di Chivu: \\&#8221;Lautaro <strong>Martinez <\/strong>\u00e8 il nostro capitano per l\u2019amore che ha nei confronti dei nostri colori\u201d. Queste le parole di Chivu a Sportmediaset, che\u00a0ha poi parlato delle condizioni dell\u2019argentino: \u201cL\u2019ho visto motivato e con l\u2019ambizione giusta nonostante la finale Mondiale persa contro la Spagna. Ha cercato di essere di nuovo con noi il prima possibile, \u00e8 tornato alla Pinetina in anticipo. Penso sia quasi pronto per una stagione importante\u201d.<\/p>\n<p>&#8220;,&#8221;postId&#8221;:&#8221;4d2c6733-42c0-4c11-9a2f-ab3b0b57d380&#8243;,&#8221;postLink&#8221;:{&#8220;title&#8221;:&#8221;&#8221;,&#8221;url&#8221;:&#8221;&#8221;,&#8221;imageSrc&#8221;:&#8221;&#8221;}},{&#8220;timestamp&#8221;:&#8221;2026-08-28T10:07:29.419Z&#8221;,&#8221;timestampUtcIt&#8221;:&#8221;2026-08-28T12:07:29+0200&#8243;,&#8221;altBackground&#8221;:false,&#8221;title&#8221;:&#8221;Sassuolo, visite mediche per Esposito&#8221;,&#8221;content&#8221;:&#8221;<\/p>\n<p>Sebastiano <strong>Esposito <\/strong>\u00e8 a Milano dove sta svolgendo le visite mediche con il Sassuolo. Nelle prossime ore arriver\u00e0 po l&#8217;ufficialit\u00e0<\/p>\n<p>&#8220;,&#8221;postId&#8221;:&#8221;570e3ab5-7a9f-4b01-9c55-3186a9d5f770&#8243;,&#8221;postLink&#8221;:{&#8220;title&#8221;:&#8221;&#8221;,&#8221;url&#8221;:&#8221;&#8221;,&#8221;imageSrc&#8221;:&#8221;&#8221;}},{&#8220;timestamp&#8221;:&#8221;2026-08-28T09:40:00.000Z&#8221;,&#8221;timestampUtcIt&#8221;:&#8221;2026-08-28T11:40:00+0200&#8243;,&#8221;altBackground&#8221;:false,&#8221;title&#8221;:&#8221;Chi ha incassato di pi\u00f9 finora?&#8221;,&#8221;content&#8221;:&#8221;<\/p>\n<p>Sessione estiva di calciomercato dagli acquisti monstre e di conseguenza dalle ricchissime cessioni. Ne sa qualcosa il <strong>Manchester City<\/strong>, che dopo la cessione di Nico Gonzalez al Newcastle <strong>\u00e8 diventata\u00a0la squadra ad aver ottenuto pi\u00f9 guadagni dalle cessioni<\/strong>, in un podio che parla tutto inglese. Di seguito la classifica\u00a0<\/p>\n<p>&#8220;,&#8221;postId&#8221;:&#8221;6bd04b00-4b55-457b-b607-f52a64acdb32&#8243;,&#8221;postLink&#8221;:{&#8220;title&#8221;:&#8221;Calciomercato, oltre 260 milioni incassati da Aston Villa, Man City e Newcastle questa estate. CLASSIFICA&#8221;,&#8221;url&#8221;:&#8221;https:\/\/sport.sky.it\/calciomercato\/calciomercato-2026-squadre-cessioni-guadagni-classifica&#8221;,&#8221;imageSrc&#8221;:&#8221;https:\/\/sport.sky.it\/assets\/images\/f177ce6b08dca6be0bae933bba29113fb1633b1e\/skysport\/it\/calcio\/premier-league\/2026\/08\/23\/maresca-manchester-city-bournemouth-oggi-foto\/MANCHESTER_CITY_ipa_1.jpg?im=Resize,width=1218&#8243;}},{&#8220;timestamp&#8221;:&#8221;2026-08-28T09:30:00.000Z&#8221;,&#8221;timestampUtcIt&#8221;:&#8221;2026-08-28T11:30:00+0200&#8243;,&#8221;altBackground&#8221;:false,&#8221;title&#8221;:&#8221;Goretzka ha firmato con l&#8217;Aston Villa&#8221;,&#8221;content&#8221;:&#8221;<\/p>\n<p><strong>Leon Goretzka <\/strong>\u00e8 un nuovo giocatore dell&#8217;<strong>Aston Villa<\/strong>. Il centrocampista tedesco, dopo essersi <strong>svincolato <\/strong>dal Bayern Monaco, ha trovato l&#8217;accordo con il club inglese. <strong>Era stato anche nel mirino di Milan e Juventus<\/strong><\/p>\n<p>&#8220;,&#8221;postId&#8221;:&#8221;4267d64c-f0ed-4db9-b007-f874a6ff644d&#8221;,&#8221;postLink&#8221;:{&#8220;title&#8221;:&#8221;Goretzka, ecco la firma con l&#8217;Aston Villa&#8221;,&#8221;url&#8221;:&#8221;https:\/\/sport.sky.it\/calciomercato\/giocatori-svincolati-calciomercato&#8221;,&#8221;imageSrc&#8221;:&#8221;https:\/\/sport.sky.it\/assets\/images\/e364212801cb20754cb11e82cd84bfade33f3815\/skysport\/it\/calcio\/calciomercato\/giocatori-svincolati-calciomercato\/goretska_jpg.jpg?im=Resize,width=1218&#8243;}},{&#8220;timestamp&#8221;:&#8221;2026-08-28T09:19:42.269Z&#8221;,&#8221;timestampUtcIt&#8221;:&#8221;2026-08-28T11:19:42+0200&#8243;,&#8221;altBackground&#8221;:false,&#8221;title&#8221;:&#8221;Monza, Pizzignacco in prestito alla Carrarese&#8221;,&#8221;content&#8221;:&#8221;<\/p>\n<p>Il club toscano ha annunciato l&#8217;arrivo <strong>a titolo<\/strong> <strong>temporaneo <\/strong>dal <strong>Monza <\/strong>di <strong>Semuel Pizzignacco fino al 30 giugno 2027. <\/strong>Il portiere ha contestualmente <strong>rinnovato <\/strong>il proprio <strong>contratto <\/strong>con il club brianzolo<strong> fino al 2029<\/strong><\/p>\n<p>&#8220;,&#8221;postId&#8221;:&#8221;b825dad2-ca50-4e7a-83b3-a59e42fb7ac9&#8243;,&#8221;postLink&#8221;:{&#8220;title&#8221;:&#8221;&#8221;,&#8221;url&#8221;:&#8221;&#8221;,&#8221;imageSrc&#8221;:&#8221;&#8221;}},{&#8220;timestamp&#8221;:&#8221;2026-08-28T09:00:00.000Z&#8221;,&#8221;timestampUtcIt&#8221;:&#8221;2026-08-28T11:00:00+0200&#8243;,&#8221;altBackground&#8221;:false,&#8221;title&#8221;:&#8221;Padova, ufficiale l&#8217;arrivo di Artistico dalla Lazio&#8221;,&#8221;content&#8221;:&#8221;<\/p>\n<p>Il <strong>Padova <\/strong>chiude un colpo in attacco dalla Serie A: \u00e8 ufficiale l&#8217;ingaggio di <strong>Gabriele Artistico <\/strong>dalla <strong>Lazio<\/strong>. L&#8217;attaccante ha firmato<strong> un contratto fino al 2030<\/strong><\/p>\n<p>&#8220;,&#8221;postId&#8221;:&#8221;b888d23f-7b04-475d-b271-877292a92fe2&#8243;,&#8221;postLink&#8221;:{&#8220;title&#8221;:&#8221;Padova, in attacco arriva Artistico dalla Lazio&#8221;,&#8221;url&#8221;:&#8221;https:\/\/sport.sky.it\/calciomercato\/calciomercato-serie-b-estate-2026-acquisti-ufficiali&#8221;,&#8221;imageSrc&#8221;:&#8221;https:\/\/sport.sky.it\/assets\/images\/320ee3b31ffeafe6dc108e0ad8a0bc7c231ca6d7\/skysport\/it\/calcio\/calciomercato\/calciomercato-serie-b-estate-2026-acquisti-ufficiali\/artistico_padova.jpg?im=Resize,width=1218&#8243;}},{&#8220;timestamp&#8221;:&#8221;2026-08-28T08:50:00.000Z&#8221;,&#8221;timestampUtcIt&#8221;:&#8221;2026-08-28T10:50:00+0200&#8243;,&#8221;altBackground&#8221;:false,&#8221;title&#8221;:&#8221;Como, fatta per il passaggio di Morata al Leganes&#8221;,&#8221;content&#8221;:&#8221;<\/p>\n<p><strong>Alvaro Morata <\/strong>\u00e8 pronto a volare in Spagna per iniziare la sua avventura al <strong>Leganes<\/strong>. I due club hanno raggiunto l&#8217;intesa definitiva per il trasferimento in prestito dell&#8217;attaccante. Lo spagnolo, intanto, non ha preso parte all&#8217;allenamento di ieri del <strong>Como<\/strong><\/p>\n<p>&#8220;,&#8221;postId&#8221;:&#8221;4e73ecfc-abdf-4f98-b918-cc2ee9c0a317&#8243;,&#8221;postLink&#8221;:{&#8220;title&#8221;:&#8221;&#8221;,&#8221;url&#8221;:&#8221;&#8221;,&#8221;imageSrc&#8221;:&#8221;&#8221;}},{&#8220;timestamp&#8221;:&#8221;2026-08-28T08:40:52.532Z&#8221;,&#8221;timestampUtcIt&#8221;:&#8221;2026-08-28T10:40:52+0200&#8243;,&#8221;video&#8221;:{&#8220;videoId&#8221;:&#8221;1120314&#8243;,&#8221;videoDescription&#8221;:&#8221;Video di Davide Balestra&#8221;,&#8221;videoPageUrl&#8221;:&#8221;https:\/\/video.sky.it\/sport\/calciomercato\/serie-a\/video\/cagliari-ciervo-visite-mediche-video-1120314&#8243;},&#8221;altBackground&#8221;:true,&#8221;title&#8221;:&#8221;Cagliari, Ciervo a Villa Stuart per le visite mediche&#8221;,&#8221;content&#8221;:&#8221;<\/p>\n<p><strong>RIccardo Ciervo <\/strong>\u00e8 arrivato a Villa Stuart per svolgere le <strong>visite mediche <\/strong>prima di diventare un nuovo giocatore del <strong>Cagliari<\/strong>. Rientra nell&#8217;operazione che ha portato<strong> Sebastiano Esposito al Sassuolo<\/strong> in uno scambio di prestiti<\/p>\n<p>&#8220;,&#8221;postId&#8221;:&#8221;4f6effc7-0e2a-4e00-9b65-84968556e3fa&#8221;,&#8221;postLink&#8221;:{&#8220;title&#8221;:&#8221;&#8221;,&#8221;url&#8221;:&#8221;&#8221;,&#8221;imageSrc&#8221;:&#8221;&#8221;}},{&#8220;timestamp&#8221;:&#8221;2026-08-28T08:35:00.000Z&#8221;,&#8221;timestampUtcIt&#8221;:&#8221;2026-08-28T10:35:00+0200&#8243;,&#8221;altBackground&#8221;:false,&#8221;title&#8221;:&#8221;E dall&#8217;Atalanta in chiusura Ahanor&#8221;,&#8221;content&#8221;:&#8221;<\/p>\n<p><strong>Honest Ahanor <\/strong>\u00e8 pronto a iniziare una nuova avventura in <strong>Premier League<\/strong>: il <strong>Chelsea <\/strong>\u00e8 ai dettagli con l&#8217;<strong>Atalanta <\/strong>per il trasferimento dell&#8217;esterno. Operazione in chiusura sulla base di <strong>48 milioni di euro<\/strong>. Secondo affare della sessione di mercato tra Atalanta e Chelsea dopo il trasferimento di <strong>Marco Palestra<\/strong>. L&#8217;idea del Chelsea \u00e8 quella di mandare Ahanor<strong> in prestito a un altro club di Premier<\/strong><\/p>\n<p>&#8220;,&#8221;postId&#8221;:&#8221;8431ba9a-63b4-40a8-a0c7-8bf687be0bb0&#8243;,&#8221;postLink&#8221;:{&#8220;title&#8221;:&#8221;&#8221;,&#8221;url&#8221;:&#8221;&#8221;,&#8221;imageSrc&#8221;:&#8221;&#8221;}},{&#8220;timestamp&#8221;:&#8221;2026-08-28T08:30:00.000Z&#8221;,&#8221;timestampUtcIt&#8221;:&#8221;2026-08-28T10:30:00+0200&#8243;,&#8221;altBackground&#8221;:false,&#8221;title&#8221;:&#8221;Chelsea, accordo con l&#8217;Aston Villa per il Dibu Martinez&#8221;,&#8221;content&#8221;:&#8221;<\/p>\n<p>Dopo settimane di trattativa con la Juventus, l&#8217;<strong>Aston Villa <\/strong>ha trovato l&#8217;intesa con il <strong>Chelsea <\/strong>sulla base di<strong> 7,5 milioni <\/strong>di sterline per il trasferimento del <strong>Dibu Martinez<\/strong>. Il portiere firmer\u00e0 un <strong>contratto biennale con opzione per il terzo<\/strong><\/p>\n<p>&#8220;,&#8221;postId&#8221;:&#8221;3e69b655-8da8-4598-a3f3-33100d02f855&#8243;,&#8221;postLink&#8221;:{&#8220;title&#8221;:&#8221;&#8221;,&#8221;url&#8221;:&#8221;&#8221;,&#8221;imageSrc&#8221;:&#8221;&#8221;}},{&#8220;timestamp&#8221;:&#8221;2026-08-28T08:20:00.000Z&#8221;,&#8221;timestampUtcIt&#8221;:&#8221;2026-08-28T10:20:00+0200&#8243;,&#8221;altBackground&#8221;:false,&#8221;title&#8221;:&#8221;E intanto si sonda Gudmundsson&#8221;,&#8221;content&#8221;:&#8221;<\/p>\n<p>La trattativa\u00a0<strong>Atalanta-Rowe <\/strong>potrebbe sbloccarsi grazie all&#8217;arrivo al <strong>Bologna <\/strong>di <strong>Albert Gudmundsson<\/strong>, trequartista sondato nelle ultime ore dalla dirigenza rossobl\u00f9 visto che la titolarit\u00e0 alla <strong>Fiorentina <\/strong>non \u00e8 pi\u00f9 certa con gli arrivi di Atta e Mastantuono<\/p>\n<p>&#8220;,&#8221;postId&#8221;:&#8221;9fd7f376-85b2-4ac9-9ff9-cc20a89accc4&#8243;,&#8221;postLink&#8221;:{&#8220;title&#8221;:&#8221;&#8221;,&#8221;url&#8221;:&#8221;&#8221;,&#8221;imageSrc&#8221;:&#8221;&#8221;}},{&#8220;timestamp&#8221;:&#8221;2026-08-28T08:10:00.000Z&#8221;,&#8221;timestampUtcIt&#8221;:&#8221;2026-08-28T10:10:00+0200&#8243;,&#8221;altBackground&#8221;:false,&#8221;title&#8221;:&#8221;Atalanta, il Bologna non apre alla cessione di Rowe&#8221;,&#8221;content&#8221;:&#8221;<\/p>\n<p>Ancora fermo sulla propria posizione il <strong>Bologna<\/strong>, che non ha ancora aperto alla possibilit\u00e0 di <strong>cedere Jonathan Rowe all&#8217;Atalanta<\/strong>. Nonostante l&#8217;offerta dei nerazzurri da <strong>35 milioni pi\u00f9 bonus<\/strong>, i rossobl\u00f9 continuano a respingere le proposte<\/p>\n<p>&#8220;,&#8221;postId&#8221;:&#8221;8542ad25-217a-4807-8154-13cdb1a8d1fc&#8221;,&#8221;postLink&#8221;:{&#8220;title&#8221;:&#8221;&#8221;,&#8221;url&#8221;:&#8221;&#8221;,&#8221;imageSrc&#8221;:&#8221;&#8221;}},{&#8220;timestamp&#8221;:&#8221;2026-08-28T08:00:00.000Z&#8221;,&#8221;timestampUtcIt&#8221;:&#8221;2026-08-28T10:00:00+0200&#8243;,&#8221;altBackground&#8221;:false,&#8221;title&#8221;:&#8221;Fiorentina, prima offerta per Zirkzee al Manchester United&#8221;,&#8221;content&#8221;:&#8221;<\/p>\n<p>La <strong>Fiorentina <\/strong>avanza per <strong>Joshua Zirkzee<\/strong>. Il club viola ha presentato la <strong>prima offerta<\/strong> ufficiale al <strong>Manchester United <\/strong>per riportare l&#8217;attaccante olandese in Italia. Non \u00e8 ancora arrivata la risposta degli inglesi<\/p>\n<p>&#8220;,&#8221;postId&#8221;:&#8221;ef7faff0-20d0-459d-833a-214cb502c3df&#8221;,&#8221;postLink&#8221;:{&#8220;title&#8221;:&#8221;&#8221;,&#8221;url&#8221;:&#8221;&#8221;,&#8221;imageSrc&#8221;:&#8221;&#8221;}},{&#8220;timestamp&#8221;:&#8221;2026-08-28T07:50:00.000Z&#8221;,&#8221;timestampUtcIt&#8221;:&#8221;2026-08-28T09:50:00+0200&#8243;,&#8221;altBackground&#8221;:false,&#8221;title&#8221;:&#8221;Bologna, a un passo il ritorno di Theate&#8221;,&#8221;content&#8221;:&#8221;<\/p>\n<p><strong>Il centrale belga Arthur Theate \u00e8 a un passo dal ritorno al Bologna<\/strong>. Nelle ultime ore il club rossobl\u00f9 ha accelerato per trovare un&#8217;intesa con l&#8217;Eintracht Francoforte: operazione che si chiuder\u00e0 nelle prossime ore <strong>per un prestito con diritto di riscatto fissato intorno ai 15 milioni di euro<\/strong>. Il difensore potrebbe gi\u00e0 arrivare in citt\u00e0 nei prossimi giorni<\/p>\n<p>&#8220;,&#8221;postId&#8221;:&#8221;374e8e97-7f7e-496a-a343-146807d07844&#8243;,&#8221;postLink&#8221;:{&#8220;title&#8221;:&#8221;&#8221;,&#8221;url&#8221;:&#8221;&#8221;,&#8221;imageSrc&#8221;:&#8221;&#8221;}},{&#8220;timestamp&#8221;:&#8221;2026-08-28T07:40:00.000Z&#8221;,&#8221;timestampUtcIt&#8221;:&#8221;2026-08-28T09:40:00+0200&#8243;,&#8221;altBackground&#8221;:false,&#8221;title&#8221;:&#8221;La Roma rinuncia a Oosterwolde: per la difesa si valuta Kehrer&#8221;,&#8221;content&#8221;:&#8221;<\/p>\n<p><strong>Oosterwolde non sar\u00e0 un nuovo giocatore della Roma<\/strong>. Il calciatore sta facendo ritorno in Turchia. La Roma ha scelto di non procedere ulteriormente con Oosterwolde per un discorso legato ai tempi di recupero per il problema muscolare del giocatore, giudicati troppo lunghi dal club giallorosso. Oltre a <strong>Morato <\/strong>del Nottingham, si valuta anche il profilo di <strong>Kehrer<\/strong><\/p>\n<p>&#8220;,&#8221;postId&#8221;:&#8221;45bdadd6-f74b-4213-b6f8-cfbb659287cc&#8221;,&#8221;postLink&#8221;:{&#8220;title&#8221;:&#8221;&#8221;,&#8221;url&#8221;:&#8221;&#8221;,&#8221;imageSrc&#8221;:&#8221;&#8221;}},{&#8220;timestamp&#8221;:&#8221;2026-08-28T07:30:00.000Z&#8221;,&#8221;timestampUtcIt&#8221;:&#8221;2026-08-28T09:30:00+0200&#8243;,&#8221;video&#8221;:{&#8220;videoId&#8221;:&#8221;1120292&#8243;,&#8221;videoPageUrl&#8221;:&#8221;https:\/\/video.sky.it\/sport\/calciomercato\/serie-a\/video\/calciomercato-napoli-attaccante-woltemade-news-1120292&#8243;},&#8221;altBackground&#8221;:true,&#8221;title&#8221;:&#8221;Napoli, il punto in attacco tra Gabriel Jesus, Woltemade e Guiu&#8221;,&#8221;content&#8221;:&#8221;<\/p>\n<p>Il <strong>Napoli <\/strong>continua a lavorare per rinforare il reparto offensivo in questi ultimi giorni di mercato. Come raccontato in questi giorni, gli azzurri valutano diversi profili: <strong>Gabriel Jesus <\/strong>resta il preferito di Massimiliano Allegri, ma il Napoli ha avanzato anche per <strong>Marc Guiu <\/strong>&#8211; che sarebbe un investimento &#8211; e si \u00e8 informato per un prestito di <strong>Nick Woltemade <\/strong>dal Newcastle. Nel VIDEO con Gianluca Di Marzio tutte le news<\/p>\n<p>&#8220;,&#8221;postId&#8221;:&#8221;0fc65fab-f400-4815-bbd5-b2beae397ec0&#8243;,&#8221;postLink&#8221;:{&#8220;title&#8221;:&#8221;&#8221;,&#8221;url&#8221;:&#8221;&#8221;,&#8221;imageSrc&#8221;:&#8221;&#8221;}},{&#8220;timestamp&#8221;:&#8221;2026-08-28T07:20:00.000Z&#8221;,&#8221;timestampUtcIt&#8221;:&#8221;2026-08-28T09:20:00+0200&#8243;,&#8221;altBackground&#8221;:false,&#8221;title&#8221;:&#8221;Milan, Leao non ha ancora deciso tra Galatasaray e Aston Villa&#8221;,&#8221;content&#8221;:&#8221;<\/p>\n<p>Si sta per delineare il futuro di <strong>Rafael Leao<\/strong>: nelle scorse ore ci sono stati contatti sia con il <strong>Galatasaray <\/strong>(che ha gi\u00e0 l&#8217;accordo con il Milan) che con l&#8217;<strong>Aston Villa<\/strong>. Il giocatore non ha ancora deciso ma intanto si \u00e8 allenato regolarmente a Milanello, anche se <strong>non sar\u00e0 convocato<\/strong> per la sfida contro il Venezia<\/p>\n<p>&#8220;,&#8221;postId&#8221;:&#8221;e4787217-947a-442d-9c89-96618512199a&#8221;,&#8221;postLink&#8221;:{&#8220;title&#8221;:&#8221;&#8221;,&#8221;url&#8221;:&#8221;&#8221;,&#8221;imageSrc&#8221;:&#8221;&#8221;}},{&#8220;timestamp&#8221;:&#8221;2026-08-28T07:13:37.836Z&#8221;,&#8221;timestampUtcIt&#8221;:&#8221;2026-08-28T09:13:37+0200&#8243;,&#8221;video&#8221;:{&#8220;videoId&#8221;:&#8221;1120301&#8243;,&#8221;videoPageUrl&#8221;:&#8221;https:\/\/video.sky.it\/sport\/calciomercato\/serie-a\/video\/sassuolo-esposito-visite-mediche-video-1120301&#8243;},&#8221;altBackground&#8221;:true,&#8221;title&#8221;:&#8221;Sassuolo, Sebastiano Esposito \u00e8 arrivato per le visite mediche&#8221;,&#8221;content&#8221;:&#8221;<\/p>\n<p>E&#8217; il giorno di <strong>Sebastiano Esposito <\/strong>al <strong>Sassuolo<\/strong>. L&#8217;attaccante \u00e8 arrivato al Centro Mapei di Olgiate Olona dove svolger\u00e0 le <strong>visite mediche <\/strong>prima di trasferirsi in Emilia<\/p>\n<p>&#8220;,&#8221;postId&#8221;:&#8221;2379b912-89ae-4519-9d88-0b7b75c8f9ea&#8221;,&#8221;postLink&#8221;:{&#8220;title&#8221;:&#8221;&#8221;,&#8221;url&#8221;:&#8221;&#8221;,&#8221;imageSrc&#8221;:&#8221;&#8221;}}]}&#8221; query='{&#8220;configurationName&#8221;:&#8221;LIVEBLOG_CONTAINER_WIDGET&#8221;,&#8221;liveblogId&#8221;:&#8221;e7a60dfe-0ad4-4a6b-82c9-83764676c045&#8243;,&#8221;tenant&#8221;:&#8221;sport&#8221;,&#8221;limit&#8221;:800}&#8217; config='{&#8220;live&#8221;:true,&#8221;isWebView&#8221;:false,&#8221;postsPerPageMobile&#8221;:10,&#8221;postsPerPageDesktop&#8221;:10}&#8217;&gt;<br \/>\n          Calciomercato, le news di oggiLeggi di pi\u00f9 <\/p>\n<p>meno di un minuto fa<\/p>\n<p>Como, ufficiale il rinnovo di Kempf <\/p>\n<p>Ufficiale il rinnovo di Marc Oliver Kempf con il Como. Ad annunciarlo \u00e8 proprio il club lariano mediante il proprio sito web.\u00a0<\/p>\n<p>&#8220;Como 1907 \u00e8 lieto di annunciare che Marc Oliver Kempf ha rinnovato il suo contratto con il club fino al 2029&#8221;.<\/p>\n<p>20 minuti fa<\/p>\n<p>Milan, chieste informazioni per Hutchinson<\/p>\n<p>Il mercato del <strong>Milan <\/strong>pu\u00f2 regalare ancora sorprese: dopo aver completato l&#8217;uscita di Leao, i rossoneri cercano un nuovo esterno da affidare ad <strong>Amorim <\/strong>e in queste ore avrebbero chiesto informazioni per Omari <strong>Hutchinson<\/strong>, esterno classe 2003 del <strong>Nottingham Forest.\u00a0<\/strong><\/p>\n<p>40 minuti fa<\/p>\n<p>Como, riflessioni su Diego Carlos. Il Parma non si defila <\/p>\n<p>Non c&#8217;\u00e8 ancora certezza in merito al futuro del difensore, Diego Carlos: il brasiliano classe &#8217;93, rimane conteso tra il Como e il Parma. Dopo aver raggiunto un&#8217;intesa verbale con il Fenerbahce per un trasferimento a titolo definitvo, il Como ha poi rallentato, mentre il Parma continua a cercare un difensore e resta in pista.\u00a0<\/p>\n<p>21:00<\/p>\n<p>Juventus-Kessi\u00e9, prosegue la trattativa. Spalletti: &#8220;Affare possibile&#8221;<\/p>\n<p>Non c&#8217;\u00e8 ancora intesa tra la Juventus e Franck <strong>Kessi\u00e9<\/strong>, che per\u00f2 proseguono nei contatti, come ammesso dallo stesso allenatore, Luciano <strong>Spalletti<\/strong>, in conferenza stampa alla vigilia della partita tra Juventus e Parma.\u00a0<\/p>\n<p><strong>\u201cKessi\u00e9? Penso ne stiano parlando, poi ci sar\u00e0 da vedere se ci si riesce perch\u00e9 i paletti del fair play finanziario sono molto stringenti <\/strong>per noi, per cui dobbiamo attenerci alle possibilit\u00e0 che abbiamo. Kessi\u00e9 \u00e8 un parametro zero e quindi \u00e8 pi\u00f9 possibile di altri, ma quando poi vai a parlare di prestiti anche se gratuiti, che poi c\u2019\u00e8 sempre qualcosa da pagare, bisogna confrontarsi con questo fair play e senza uscite diventa impossibile per noi portare gente dentro. <strong>Kessi\u00e9, se i direttori trovano la quadratura, pu\u00f2 essere possibile.&#8221;.<\/strong><\/p>\n<p>Leggi di pi\u00f9 <\/p>\n<p>20:45<\/p>\n<p>Napoli, sfuma la pista Guiu: lo spagnolo va al Lipsia <\/p>\n<p>Sfuma la pista <strong>Guiu <\/strong>del <strong>Chelsea <\/strong>per il <strong>Napoli<\/strong>. L&#8217;attaccante del Chelsea \u00e8 ormai a un passo dal trasferimento al <strong>Lipsia<\/strong>. Gli azzurri, nelle scorse ore, hanno fatto un sondaggio per il prestito di \u00a0<strong>Woltemade<\/strong>, classe 2002 del <strong>Newcastle<\/strong>.\u00a0<\/p>\n<p>20:25<\/p>\n<p>Inter, per l&#8217;Under 23 ecco Charlys dal Verona <\/p>\n<p><strong>L&#8217;Inter <\/strong>Under 23 si rinforza con l&#8217;arrivo di <strong>Charlys<\/strong>, centrocampista brasiliano classe 2004 del <strong>Verona<\/strong>. Operazione in prestito con diritto di riscatto.\u00a0<\/p>\n<p>20:00<\/p>\n<p>Juventus, ufficiale il trasferimento di Miretti al Besiktas<\/p>\n<p>Ufficiale l&#8217;arrivo di Miretti al Besiktas, il centrocampista si trasferisce alla corte di Vincenzo Italiano con la formula del prestito con diritto di riscatto.\u00a0<\/p>\n<p><a href=\"https:\/\/sport.sky.it\/calciomercato\/calciomercato-2026-acquisti-ufficiali-estero-estate\" title=\"Calciomercato, Miretti lascia la Juve in prestito: ufficiale al Besiktas\" class=\"lvbg-post-link\" data-intcmp=\"skysport_liveblog_liveblog-preview_null\" data-analytics-element=\"liveblog-preview\" rel=\"nofollow noopener\" target=\"_blank\"><img alt=\"Calciomercato, Miretti lascia la Juve in prestito: ufficiale al Besiktas\" style=\"opacity:0;transition:opacity 0.3s\" class=\"lvbg-post-link__image\"\/>Calciomercato, Miretti lascia la Juve in prestito: ufficiale al BesiktasVai al contenuto <\/a><\/p>\n<p>19:45<\/p>\n<p>Serie B, la Gallery degli acquisti ufficiali <\/p>\n<p>L&#8217;Avellino rinforza l&#8217;attacco con il colpo Cheddira, mentre il Verona riparte da Zappa per la difesa.\u00a0<\/p>\n<p>La Gallery degli acquisti ufficiali di B di questa sessione estiva.\u00a0<\/p>\n<p><a href=\"https:\/\/sport.sky.it\/calciomercato\/calciomercato-serie-b-estate-2026-acquisti-ufficiali\" title=\"Avellino, colpo in attacco: arriva Cheddira\" class=\"lvbg-post-link\" data-intcmp=\"skysport_liveblog_liveblog-preview_null\" data-analytics-element=\"liveblog-preview\" rel=\"nofollow noopener\" target=\"_blank\"><img alt=\"Avellino, colpo in attacco: arriva Cheddira\" style=\"opacity:0;transition:opacity 0.3s\" class=\"lvbg-post-link__image\"\/>Avellino, colpo in attacco: arriva CheddiraVai al contenuto <\/a><\/p>\n<p>18:50<\/p>\n<p>Morata al Leganes: la Gallery delle ufficialit\u00e0 <\/p>\n<p>Ufficiale il trasferimento di Alvaro <strong>Morata <\/strong>al <strong>Leganes<\/strong>: lo spagnolo lascia il Como con la formula del prestito con opzione di riscatto.<\/p>\n<p><strong>La Gallery dei trasferimenti ufficiali.\u00a0<\/strong><\/p>\n<p><a href=\"https:\/\/sport.sky.it\/calciomercato\/calciomercato-2026-acquisti-ufficiali-estero-estate#02\" title=\"Calciomercato, Morata al Legan\u00e9s in prestito dal Como\" class=\"lvbg-post-link\" data-intcmp=\"skysport_liveblog_liveblog-preview_null\" data-analytics-element=\"liveblog-preview\" rel=\"nofollow noopener\" target=\"_blank\"><img alt=\"Calciomercato, Morata al Legan\u00e9s in prestito dal Como\" style=\"opacity:0;transition:opacity 0.3s\" class=\"lvbg-post-link__image\"\/>Calciomercato, Morata al Legan\u00e9s in prestito dal ComoVai al contenuto <\/a><\/p>\n<p>18:25<\/p>\n<p>Catania, ufficiale la risoluzione di Rolfini<\/p>\n<p>Il Catania e Alex <strong>Rolfini <\/strong>si separano: ufficiale la risoluzione contrattuale tra i rossazzurri e l&#8217;attaccante dopo aver totalizzato 17 presenze<\/p>\n<p>17:56<\/p>\n<p>Como, Ricci arrivato in citt\u00e0 <\/p>\n<p>Samuele Ricci \u00e8 arrivato a Como. Il centrocampista ex Milan si trasferisce in prestito oneroso da 1,5 milioni di euro con bonus legati alla qualificazione in Europa e diritto di riscatto fissato a 22 milioni di euro.\u00a0<\/p>\n<p>17:40<\/p>\n<p>Casertana, in arrivo Arzillo<\/p>\n<p>In chiusura la trattativa per<strong> Vincenzo Arzillo dell&#8217;Avellino<\/strong>. Il centrocampista classe 2006 arriva con la forma di prestito<\/p>\n<p>17:20<\/p>\n<p>Juventus, Chiellini: &#8220;Yildiz dovr\u00e0 operarsi e torner\u00e0 tra qualche mese. \u00c8 un&#8217;assenza importante&#8221;<\/p>\n<p>&#8220;La situazione di Yildiz \u00e8 chiara: usciranno i bollettini medici. Ha avuto questo infortunio al metatarso, dovr\u00e0 operarsi e torner\u00e0 tra qualche mese. Per fortuna \u00e8 un infortunio che lo terr\u00e0 lontano dal campo, ma non comprometter\u00e0 la sua carriera. \u00c8 un&#8217;assenza importante, che lascia spazio ad altri giovani&#8221;. Cos\u00ec Giorgio <strong>Chiellini <\/strong>a Sky Sport subito dopo la fine dei sorteggi di Europa League<\/p>\n<p>17:09<\/p>\n<p>Fiorentina, presentata un&#8217;offerta per Beto<\/p>\n<p>Il profilo designato per sostituire <strong>Moise Kean<\/strong> \u00e8 quello di <strong>Joshua Zirkzee <\/strong>del <strong>Manchester United <\/strong>per il quale la <strong>Fiorentina <\/strong>propone un prestito con diritto e non obbligo: si attende una risposta dal club inglese. Intanto la viola lavora \u201cb\u201d ovvero <strong>Beto <\/strong>dell\u2019<strong>Everton <\/strong>per cui \u00e8 stata presentata un\u2019offerta.\u00a0<\/p>\n<p>17:00<\/p>\n<p>Cremonese, in chiusura l&#8217;arrivo di Licina dalla Juventus<\/p>\n<p>Il classe 2007 \u00e8 pronto a diventare un nuovo giocatore della <strong>Cremonese<\/strong>: l&#8217;esterno offensivo arriva con la formula del prestito<\/p>\n<p><a href=\"https:\/\/sport.sky.it\/calciomercato\/2026\/08\/28\/juventus-licina-cremonese-calciomercato-news\" title=\"Juventus, Licina in prestito secco alla Cremonese: operazione in chiusura\" class=\"lvbg-post-link\" data-intcmp=\"skysport_liveblog_liveblog-preview_null\" data-analytics-element=\"liveblog-preview\" rel=\"nofollow noopener\" target=\"_blank\"><img alt=\"Juventus, Licina in prestito secco alla Cremonese: operazione in chiusura\" style=\"opacity:0;transition:opacity 0.3s\" class=\"lvbg-post-link__image\"\/>Juventus, Licina in prestito secco alla Cremonese: operazione in chiusuraVai al contenuto <\/a><\/p>\n<p>16:54<\/p>\n<p>Sassuolo, in chiusura l&#8217;arrivo di Van Der Brempt<\/p>\n<p>Dopo che era sfumata la pista <strong>Beghali <\/strong>del <strong>Verona<\/strong>, il <strong>Sassuolo <\/strong>ha accellerato e chiuso per il difensore del <strong>Como Van Der Brempt.<\/strong><\/p>\n<p>16:46<\/p>\n<p>Milan, \u00e8 fatta per il passaggio di Leao al Galatasaray <\/p>\n<p>Colpo di scena nella trattativa <strong>Rafa Leao<\/strong>: \u00e8 fatta per il trasferimento del portoghese al <strong>Galatasaray<\/strong>. Il giocatore ha preso questa scelta nelle ultime ore. Sorpasso quindi decisivo del club turco.\u00a0Domani la possibile partenza del portoghese.\u00a0<\/p>\n<p><a href=\"https:\/\/sport.sky.it\/calciomercato\/2026\/08\/28\/leao-galatasaray-calciomercato-milan-news\" title=\"Leao-Galatasaray, \u00e8 fatta per il trasferimento dal Milan: le cifre dell&#039;operazione\" class=\"lvbg-post-link\" data-intcmp=\"skysport_liveblog_liveblog-preview_null\" data-analytics-element=\"liveblog-preview\" rel=\"nofollow noopener\" target=\"_blank\"><img alt=\"Leao-Galatasaray, \u00e8 fatta per il trasferimento dal Milan: le cifre dell'operazione\" style=\"opacity:0;transition:opacity 0.3s\" class=\"lvbg-post-link__image\"\/>Leao-Galatasaray, \u00e8 fatta per il trasferimento dal Milan: le cifre dell&#8217;operazioneVai al contenuto <\/a><\/p>\n<p>16:40<\/p>\n<p>Sarnese, arriva Maggio<\/p>\n<p>La Sarnese ha chiuso per l&#8217;arrivo di Domenico<strong> Maggio, <\/strong>attaccante classe 1990 che arriva dalla Scafatese<\/p>\n<p>16:40<\/p>\n<p>Monza, ufficiale l&#8217;arrivo di Ngonge<\/p>\n<p>Il <strong>Monza <\/strong>ha ufficializzaro l&#8217;arrivo dell\u2019attaccante belga dal <strong>Napoli <\/strong>a titolo temporaneo fino al 30 giugno 2027 con diritto di riscatto.\u00a0<\/p>\n<p>16:38<\/p>\n<p>Roma, offerta per Leonardo Balerdi del Marsiglia: i dettagli<\/p>\n<p>La <strong>Roma<\/strong> continua a lavorare sul mercato in entrata. I giallorossi hanno presentato un&#8217;offerta per <strong>Leonardo Balerdi<\/strong>, difensore del <strong>Marsiglia<\/strong>. Per l&#8217;argentino la Roma ha proposto un <strong>prestito con diritto di riscatto che pu\u00f2 diventare obbligo a determinate condizion<\/strong><\/p>\n<p><a href=\"https:\/\/sport.sky.it\/calciomercato\/2026\/08\/28\/roma-balerdi-calciomercato-news\" title=\"Roma, offerta al Marsiglia per Balerdi\" class=\"lvbg-post-link\" data-intcmp=\"skysport_liveblog_liveblog-preview_null\" data-analytics-element=\"liveblog-preview\" rel=\"nofollow noopener\" target=\"_blank\"><img alt=\"Roma, offerta al Marsiglia per Balerdi\" style=\"opacity:0;transition:opacity 0.3s\" class=\"lvbg-post-link__image\"\/>Roma, offerta al Marsiglia per BalerdiVai al contenuto <\/a><\/p>\n<p>16:20<\/p>\n<p>Parma, ufficiale l&#8217;arrivo di Fabbian<\/p>\n<p>Il <strong>Parma <\/strong>ha ufficializzato l&#8217;arrivo di <strong>Fabbian <\/strong>dalla <strong>Fiorentina<\/strong>. Operazione in prestito<\/p>\n<p>16:00<\/p>\n<p>Atletico Madrid, Alvarez salta il terzo allenamento consecutivo<\/p>\n<p>Secondo quando riportato da SkySportsUK, <strong>Juli\u00e1n <\/strong>Alvarez ha saltato l&#8217;allenamento all&#8217;Atletico per il terzo giorno consecutivo. Il giocatore \u00e8 coinvolto in diversi discorsi di calciomercato con l&#8217;Atletico che si rifiuta di venderlo ai rivali del<strong> Barcellona<\/strong>. <strong>Anche l&#8217;Arsenal<\/strong> \u00e8 interessato all&#8217;argentino ed \u00e8 visto come l&#8217;unica destinazione per Alvarez se vuole lasciare l&#8217;Atleti.<\/p>\n<p>15:40<\/p>\n<p>Foggia e Monopoli hanno trovato l&#8217;accordo per Berra<\/p>\n<p><strong>Foggia,<\/strong> tutto fatto per l&#8217;arrivo di Filippo <strong>Berra, <\/strong>terzino destro classe 1995 proveniente dalla <strong>Salernitana.<\/strong><\/p>\n<p>15:22<\/p>\n<p>Milan, l&#8217;Aston Villa rilancia per Leao: ore decisive<\/p>\n<p>L&#8217;<strong>Aston Villa<\/strong> rilancia per Leao a 7,5 milioni. Sono ore decisive per la scelta del portoghese destinato a lasciare il Milan e che \u00e8 un obiettivo anche del <strong>Galatasaray<\/strong>.\u00a0<\/p>\n<p><a href=\"https:\/\/sport.sky.it\/calciomercato\/2026\/08\/28\/leao-aston-villa-calciomercato-milan-news\" title=\"Leao-Aston Villa, aumentata l&#039;offerta al calciatore: si cerca l&#039;intesa col Milan\" class=\"lvbg-post-link\" data-intcmp=\"skysport_liveblog_liveblog-preview_null\" data-analytics-element=\"liveblog-preview\" rel=\"nofollow noopener\" target=\"_blank\"><img alt=\"Leao-Aston Villa, aumentata l'offerta al calciatore: si cerca l'intesa col Milan\" style=\"opacity:0;transition:opacity 0.3s\" class=\"lvbg-post-link__image\"\/>Leao-Aston Villa, aumentata l&#8217;offerta al calciatore: si cerca l&#8217;intesa col MilanVai al contenuto <\/a><\/p>\n<p>15:20<\/p>\n<p>Kean al Como: ma come si inserirebbe nella squadra di Fabregas?<\/p>\n<p>La questione tattica \u00e8 fondamentale: l&#8217;arrivo di Kean al Como garantirebbe tutto un altro tipo di gioco a Fabregas, con una soluzione tutta diversa rispetto a Douvikas. Come si inserirebbe e cosa raccontano i dati sul confronto tra i due giocatori<\/p>\n<p><a href=\"https:\/\/sport.sky.it\/calciomercato\/2026\/08\/26\/kean-como-come-giochera\" title=\"Quel piano di Fabregas per Kean\" class=\"lvbg-post-link\" data-intcmp=\"skysport_liveblog_liveblog-preview_null\" data-analytics-element=\"liveblog-preview\" rel=\"nofollow noopener\" target=\"_blank\"><img alt=\"Quel piano di Fabregas per Kean\" style=\"opacity:0;transition:opacity 0.3s\" class=\"lvbg-post-link__image\"\/>Quel piano di Fabregas per KeanVai al contenuto <\/a><\/p>\n<p>15:00<\/p>\n<p>Carrarese, ufficiale l&#8217;arrivo di Pizzignacco<\/p>\n<p>La Carrarese ha ufficializzato l&#8217;arrivo del portiere in prestito dal Monza. Queste le sue prime dichiarazioni: \u201cSono molto felice di essere arrivato a Carrara, ed anche emozionato di iniziare questa nuova avventura. Ho scelto di accettare la proposta della Carrarese perch\u00e9 penso che sia la soluzione migliore per continuare a crescere e proseguire nel migliore dei modi la mia carriera. Infatti, ci tengo a ringraziare la societ\u00e0 per la fiducia. L\u2019obiettivo che ho per quest\u2019anno \u00e8 quello di aiutare la squadra nel raggiungimento di tutti gli obiettivi stagionali, e non vedo l\u2019ora di scendere in campo. L\u2019anno scorso sono rimasto impressionato dall\u2019atmosfera del \u201cDei Marmi\u201d, dal sostegno dei tifosi nei confronti della loro squadra a prescindere dal risultato della partita. Infatti, spero di poter vivere al pi\u00f9 presto in prima persona questo clima\u201d.<\/p>\n<p>Leggi di pi\u00f9 <\/p>\n<p>14:40<\/p>\n<p>Cosenza, vicino l&#8217;arrivo di un classe 2005<\/p>\n<p>Il Cosenza \u00e8 vicino all&#8217;arrivo di\u00a0Abdoulie <strong>Ndow<\/strong>, trequartista gambiano classe 2005 dello <strong>Spezia<\/strong>.<\/p>\n<p>14:38<\/p>\n<p>Monza, triplo colpo di mercato<\/p>\n<p>Monza scatenato. Doppio colpo in attacco per i brianzoli: dal Napoli arrivano <strong>Folorushno <\/strong>(in prestito) e <strong>Ngonge <\/strong>(ha gi\u00e0 firmato con il Monza-prestito con diritto di riscatto). Per la difesa in chiusura invece l\u2019arrivo in prestito secco dalla <strong>Roma <\/strong>di <strong>Ziolkowski<\/strong>. Folorushno e Ziolkowki sosterranno oggi le visite mediche.<\/p>\n<p>14:20<\/p>\n<p>Doppio colpo Lecco<\/p>\n<p>Ufficiale l&#8217;arrivo diAlexander\u00a0<strong>Murillo<\/strong>, attaccante spagnolo classe 2006 dal\u00a0<strong>Salisburgo<\/strong>. Tutto fatto anche per\u00a0Andrea\u00a0<strong>Magrassi<\/strong>, attaccante classe 1993 dal<strong> Milan Futuro<\/strong>.<\/p>\n<p>14:13<\/p>\n<p>Torino, Perri \u00e8 arrivato in citt\u00e0<\/p>\n<p>\u00c8 arrivato in citt\u00e0 il nuovo portiere del <strong>Torino Lucas Perri<\/strong>. Il giocatore arriva dal Leeds e nelle prossime ore sosterr\u00e0 le visite mediche.<\/p>\n<p>14:11<\/p>\n<p>Bologna, chiusa l&#8217;operazione Theate: atteso in citt\u00e0 nelle prossime ore<\/p>\n<p>E&#8217; ormai chiusa l&#8217;operazione che porter\u00e0<strong>\u00a0Arthur Theate<\/strong>\u00a0al <strong>Bologna<\/strong>. Il difensore belga \u00e8 atteso in citt\u00e0 tra questa sera e domani per completare i passaggi che porteranno al suo ritorno in rossobl\u00f9. L&#8217;operazione sar\u00e0 definita sulla base di un prestito con diritto di riscatto fissato a <strong>15 milioni di euro<\/strong><\/p>\n<p>14:00<\/p>\n<p>Perch\u00e9 la Roma voleva Mora a tutti i costi<\/p>\n<p>Per giorni \u00e8 andata avanti una trattativa complicata per convincere il <strong>Porto <\/strong>a lasciar andare il suo gioiellino. Ora \u00e8 fatta: cosa si aspetta Gasperini da lui<\/p>\n<p><a href=\"https:\/\/sport.sky.it\/calciomercato\/2026\/08\/15\/calciomercato-roma-rodrigo-mora-storia\" title=\"Perch\u00e9 la Roma voleva Mora a tutti i costi\" class=\"lvbg-post-link\" data-intcmp=\"skysport_liveblog_liveblog-preview_null\" data-analytics-element=\"liveblog-preview\" rel=\"nofollow noopener\" target=\"_blank\"><img alt=\"Perch\u00e9 la Roma voleva Mora a tutti i costi\" style=\"opacity:0;transition:opacity 0.3s\" class=\"lvbg-post-link__image\"\/>Perch\u00e9 la Roma voleva Mora a tutti i costiVai al contenuto <\/a><\/p>\n<p>13:43<\/p>\n<p>Lazio, sondaggio esplorativo per Zhegrova<\/p>\n<p>Per il reparto offensivo la <strong>Lazio <\/strong>ha effettuato un sondaggio esplorativo per <strong>Edon Zhegrova<\/strong>, esterno offensivo della <strong>Juventus<\/strong>. Da capire se nelle prossime ore ci saranno sviluppi concreti. Il suo arrivo \u00e8 legato all&#8217;eventuale partenza di <strong>Cancellieri <\/strong>su cui c&#8217;\u00e8 l&#8217;interesse di <strong>Genoa <\/strong>e <strong>Fiorentina<\/strong>.\u00a0<\/p>\n<p>13:30<\/p>\n<p>Sassuolo, Nuamah saluta<\/p>\n<p>Il classe 2005 \u00e8 pronto a lasciare il Sassuolo:va al\u00a0<strong>Sabadell <\/strong>in Segunda Division (Serie B spagnola). Operazione in prestito con diritto di riscatto a 1.5 milioni di euro.<\/p>\n<p>13:10<\/p>\n<p>Cagliari, si lavora per la cessione di Mutandwa: la situazione<\/p>\n<p>Per l\u2019attaccante Kingstone <strong>Mutandw<\/strong>, sorpasso decisivo del Servette sul <strong>Rizespor. <\/strong>Il club svizzero\u00a0dovrebbe chiudere oggi la trattativa per l&#8217;attaccante classe 2003.<\/p>\n<p>12:47<\/p>\n<p>Monza, oggi le visite mediche di Folorunsho<\/p>\n<p>Il Monza ha chiuso per l&#8217;arrivo di <strong>Folorunsho<\/strong>: nella giornata di oggi sono previste le visite mediche. Operazione in prestito dal <strong>Napoli<\/strong><\/p>\n<p>12:30<\/p>\n<p>Inter, Chivu: \u201cLautaro \u00e8 il nostro capitano, ha amore per i nostri colori\u201d<\/p>\n<p>L&#8217;allenatore dell&#8217;Inter ha commentato le voci di mercato che vedevano un interesse da parte del Barcellona. La posizione dell&#8217;Inter \u00e8 sempre stata chiara: non solo non sono arrivate offere ma soprattutto il giocatore \u00e8 sempre stato ritenuto incedibile. Queste le dichiarazioni di Chivu: &#8220;Lautaro <strong>Martinez <\/strong>\u00e8 il nostro capitano per l\u2019amore che ha nei confronti dei nostri colori\u201d. Queste le parole di Chivu a Sportmediaset, che\u00a0ha poi parlato delle condizioni dell\u2019argentino: \u201cL\u2019ho visto motivato e con l\u2019ambizione giusta nonostante la finale Mondiale persa contro la Spagna. Ha cercato di essere di nuovo con noi il prima possibile, \u00e8 tornato alla Pinetina in anticipo. Penso sia quasi pronto per una stagione importante\u201d.<\/p>\n<p>Leggi di pi\u00f9 <\/p>\n<p>12:07<\/p>\n<p>Sassuolo, visite mediche per Esposito<\/p>\n<p>Sebastiano <strong>Esposito <\/strong>\u00e8 a Milano dove sta svolgendo le visite mediche con il Sassuolo. Nelle prossime ore arriver\u00e0 po l&#8217;ufficialit\u00e0<\/p>\n<p>11:40<\/p>\n<p>Chi ha incassato di pi\u00f9 finora?<\/p>\n<p>Sessione estiva di calciomercato dagli acquisti monstre e di conseguenza dalle ricchissime cessioni. Ne sa qualcosa il <strong>Manchester City<\/strong>, che dopo la cessione di Nico Gonzalez al Newcastle <strong>\u00e8 diventata\u00a0la squadra ad aver ottenuto pi\u00f9 guadagni dalle cessioni<\/strong>, in un podio che parla tutto inglese. Di seguito la classifica\u00a0<\/p>\n<p><a href=\"https:\/\/sport.sky.it\/calciomercato\/calciomercato-2026-squadre-cessioni-guadagni-classifica\" title=\"Calciomercato, oltre 260 milioni incassati da Aston Villa, Man City e Newcastle questa estate. CLASSIFICA\" class=\"lvbg-post-link\" data-intcmp=\"skysport_liveblog_liveblog-preview_null\" data-analytics-element=\"liveblog-preview\" rel=\"nofollow noopener\" target=\"_blank\"><img alt=\"Calciomercato, oltre 260 milioni incassati da Aston Villa, Man City e Newcastle questa estate. CLASSIFICA\" style=\"opacity:0;transition:opacity 0.3s\" class=\"lvbg-post-link__image\"\/>Calciomercato, oltre 260 milioni incassati da Aston Villa, Man City e Newcastle questa estate. CLASSIFICAVai al contenuto <\/a><\/p>\n<p>11:30<\/p>\n<p>Goretzka ha firmato con l&#8217;Aston Villa<\/p>\n<p><strong>Leon Goretzka <\/strong>\u00e8 un nuovo giocatore dell&#8217;<strong>Aston Villa<\/strong>. Il centrocampista tedesco, dopo essersi <strong>svincolato <\/strong>dal Bayern Monaco, ha trovato l&#8217;accordo con il club inglese. <strong>Era stato anche nel mirino di Milan e Juventus<\/strong><\/p>\n<p><a href=\"https:\/\/sport.sky.it\/calciomercato\/giocatori-svincolati-calciomercato\" title=\"Goretzka, ecco la firma con l&#039;Aston Villa\" class=\"lvbg-post-link\" data-intcmp=\"skysport_liveblog_liveblog-preview_null\" data-analytics-element=\"liveblog-preview\" rel=\"nofollow noopener\" target=\"_blank\"><img alt=\"Goretzka, ecco la firma con l'Aston Villa\" style=\"opacity:0;transition:opacity 0.3s\" class=\"lvbg-post-link__image\"\/>Goretzka, ecco la firma con l&#8217;Aston VillaVai al contenuto <\/a><\/p>\n<p>11:19<\/p>\n<p>Monza, Pizzignacco in prestito alla Carrarese<\/p>\n<p>Il club toscano ha annunciato l&#8217;arrivo <strong>a titolo<\/strong> <strong>temporaneo <\/strong>dal <strong>Monza <\/strong>di <strong>Semuel Pizzignacco fino al 30 giugno 2027. <\/strong>Il portiere ha contestualmente <strong>rinnovato <\/strong>il proprio <strong>contratto <\/strong>con il club brianzolo<strong> fino al 2029<\/strong><\/p>\n<p>11:00<\/p>\n<p>Padova, ufficiale l&#8217;arrivo di Artistico dalla Lazio<\/p>\n<p>Il <strong>Padova <\/strong>chiude un colpo in attacco dalla Serie A: \u00e8 ufficiale l&#8217;ingaggio di <strong>Gabriele Artistico <\/strong>dalla <strong>Lazio<\/strong>. L&#8217;attaccante ha firmato<strong> un contratto fino al 2030<\/strong><\/p>\n<p><a href=\"https:\/\/sport.sky.it\/calciomercato\/calciomercato-serie-b-estate-2026-acquisti-ufficiali\" title=\"Padova, in attacco arriva Artistico dalla Lazio\" class=\"lvbg-post-link\" data-intcmp=\"skysport_liveblog_liveblog-preview_null\" data-analytics-element=\"liveblog-preview\" rel=\"nofollow noopener\" target=\"_blank\"><img alt=\"Padova, in attacco arriva Artistico dalla Lazio\" style=\"opacity:0;transition:opacity 0.3s\" class=\"lvbg-post-link__image\"\/>Padova, in attacco arriva Artistico dalla LazioVai al contenuto <\/a><\/p>\n<p>10:50<\/p>\n<p>Como, fatta per il passaggio di Morata al Leganes<\/p>\n<p><strong>Alvaro Morata <\/strong>\u00e8 pronto a volare in Spagna per iniziare la sua avventura al <strong>Leganes<\/strong>. I due club hanno raggiunto l&#8217;intesa definitiva per il trasferimento in prestito dell&#8217;attaccante. Lo spagnolo, intanto, non ha preso parte all&#8217;allenamento di ieri del <strong>Como<\/strong><\/p>\n<p>10:40<\/p>\n<p>Cagliari, Ciervo a Villa Stuart per le visite mediche<\/p>\n<p><strong>RIccardo Ciervo <\/strong>\u00e8 arrivato a Villa Stuart per svolgere le <strong>visite mediche <\/strong>prima di diventare un nuovo giocatore del <strong>Cagliari<\/strong>. Rientra nell&#8217;operazione che ha portato<strong> Sebastiano Esposito al Sassuolo<\/strong> in uno scambio di prestiti<\/p>\n<p>10:35<\/p>\n<p>E dall&#8217;Atalanta in chiusura Ahanor<\/p>\n<p><strong>Honest Ahanor <\/strong>\u00e8 pronto a iniziare una nuova avventura in <strong>Premier League<\/strong>: il <strong>Chelsea <\/strong>\u00e8 ai dettagli con l&#8217;<strong>Atalanta <\/strong>per il trasferimento dell&#8217;esterno. Operazione in chiusura sulla base di <strong>48 milioni di euro<\/strong>. Secondo affare della sessione di mercato tra Atalanta e Chelsea dopo il trasferimento di <strong>Marco Palestra<\/strong>. L&#8217;idea del Chelsea \u00e8 quella di mandare Ahanor<strong> in prestito a un altro club di Premier<\/strong><\/p>\n<p>10:30<\/p>\n<p>Chelsea, accordo con l&#8217;Aston Villa per il Dibu Martinez<\/p>\n<p>Dopo settimane di trattativa con la Juventus, l&#8217;<strong>Aston Villa <\/strong>ha trovato l&#8217;intesa con il <strong>Chelsea <\/strong>sulla base di<strong> 7,5 milioni <\/strong>di sterline per il trasferimento del <strong>Dibu Martinez<\/strong>. Il portiere firmer\u00e0 un <strong>contratto biennale con opzione per il terzo<\/strong><\/p>\n<p>10:20<\/p>\n<p>E intanto si sonda Gudmundsson<\/p>\n<p>La trattativa\u00a0<strong>Atalanta-Rowe <\/strong>potrebbe sbloccarsi grazie all&#8217;arrivo al <strong>Bologna <\/strong>di <strong>Albert Gudmundsson<\/strong>, trequartista sondato nelle ultime ore dalla dirigenza rossobl\u00f9 visto che la titolarit\u00e0 alla <strong>Fiorentina <\/strong>non \u00e8 pi\u00f9 certa con gli arrivi di Atta e Mastantuono<\/p>\n<p>10:10<\/p>\n<p>Atalanta, il Bologna non apre alla cessione di Rowe<\/p>\n<p>Ancora fermo sulla propria posizione il <strong>Bologna<\/strong>, che non ha ancora aperto alla possibilit\u00e0 di <strong>cedere Jonathan Rowe all&#8217;Atalanta<\/strong>. Nonostante l&#8217;offerta dei nerazzurri da <strong>35 milioni pi\u00f9 bonus<\/strong>, i rossobl\u00f9 continuano a respingere le proposte<\/p>\n<p>10:00<\/p>\n<p>Fiorentina, prima offerta per Zirkzee al Manchester United<\/p>\n<p>La <strong>Fiorentina <\/strong>avanza per <strong>Joshua Zirkzee<\/strong>. Il club viola ha presentato la <strong>prima offerta<\/strong> ufficiale al <strong>Manchester United <\/strong>per riportare l&#8217;attaccante olandese in Italia. Non \u00e8 ancora arrivata la risposta degli inglesi<\/p>\n<p>09:50<\/p>\n<p>Bologna, a un passo il ritorno di Theate<\/p>\n<p><strong>Il centrale belga Arthur Theate \u00e8 a un passo dal ritorno al Bologna<\/strong>. Nelle ultime ore il club rossobl\u00f9 ha accelerato per trovare un&#8217;intesa con l&#8217;Eintracht Francoforte: operazione che si chiuder\u00e0 nelle prossime ore <strong>per un prestito con diritto di riscatto fissato intorno ai 15 milioni di euro<\/strong>. Il difensore potrebbe gi\u00e0 arrivare in citt\u00e0 nei prossimi giorni<\/p>\n<p>09:40<\/p>\n<p>La Roma rinuncia a Oosterwolde: per la difesa si valuta Kehrer<\/p>\n<p><strong>Oosterwolde non sar\u00e0 un nuovo giocatore della Roma<\/strong>. Il calciatore sta facendo ritorno in Turchia. La Roma ha scelto di non procedere ulteriormente con Oosterwolde per un discorso legato ai tempi di recupero per il problema muscolare del giocatore, giudicati troppo lunghi dal club giallorosso. Oltre a <strong>Morato <\/strong>del Nottingham, si valuta anche il profilo di <strong>Kehrer<\/strong><\/p>\n<p>09:30<\/p>\n<p>Napoli, il punto in attacco tra Gabriel Jesus, Woltemade e Guiu<\/p>\n<p>Il <strong>Napoli <\/strong>continua a lavorare per rinforare il reparto offensivo in questi ultimi giorni di mercato. Come raccontato in questi giorni, gli azzurri valutano diversi profili: <strong>Gabriel Jesus <\/strong>resta il preferito di Massimiliano Allegri, ma il Napoli ha avanzato anche per <strong>Marc Guiu <\/strong>&#8211; che sarebbe un investimento &#8211; e si \u00e8 informato per un prestito di <strong>Nick Woltemade <\/strong>dal Newcastle. Nel VIDEO con Gianluca Di Marzio tutte le news<\/p>\n<p>09:20<\/p>\n<p>Milan, Leao non ha ancora deciso tra Galatasaray e Aston Villa<\/p>\n<p>Si sta per delineare il futuro di <strong>Rafael Leao<\/strong>: nelle scorse ore ci sono stati contatti sia con il <strong>Galatasaray <\/strong>(che ha gi\u00e0 l&#8217;accordo con il Milan) che con l&#8217;<strong>Aston Villa<\/strong>. Il giocatore non ha ancora deciso ma intanto si \u00e8 allenato regolarmente a Milanello, anche se <strong>non sar\u00e0 convocato<\/strong> per la sfida contro il Venezia<\/p>\n<p>09:13<\/p>\n<p>Sassuolo, Sebastiano Esposito \u00e8 arrivato per le visite mediche<\/p>\n<p>E&#8217; il giorno di <strong>Sebastiano Esposito <\/strong>al <strong>Sassuolo<\/strong>. L&#8217;attaccante \u00e8 arrivato al Centro Mapei di Olgiate Olona dove svolger\u00e0 le <strong>visite mediche <\/strong>prima di trasferirsi in Emilia<\/p>\n","protected":false},"excerpt":{"rendered":"\\n Milan, \u00e8 fatta per il passaggio di Leao al Galatasaray \\n Fiorentina, presentata un&#8217;offerta per Beto \\n&hellip;\n","protected":false},"author":3,"featured_media":612905,"comment_status":"","ping_status":"","sticky":false,"template":"","format":"standard","meta":{"footnotes":"","_share_on_mastodon":"0"},"categories":[1452],"tags":[569,586,6300,721,353,6295,6293,6294,3705,2263,1740,5281,6298,350,1537,90,89,558,5188,6296,553,11121,248,6301,987,6299,1739,245,244,1641,2817,222],"class_list":["post-654183","post","type-post","status-publish","format-standard","has-post-thumbnail","category-calcio","tag-atalanta","tag-bologna","tag-cagliari","tag-calcio","tag-calciomercato","tag-calciomercato-estero","tag-calciomercato-serie-a","tag-calciomercato-serie-b","tag-como","tag-fiorentina","tag-football","tag-frosinone","tag-genoa","tag-inter","tag-it","tag-italia","tag-italy","tag-juventus","tag-lazio","tag-lecce","tag-milan","tag-monza","tag-napoli","tag-parma","tag-roma","tag-sassuolo","tag-soccer","tag-sport","tag-sports","tag-torino","tag-udinese","tag-venezia"],"share_on_mastodon":{"url":"https:\/\/pubeurope.com\/@it\/117174935533180433","error":""},"_links":{"self":[{"href":"https:\/\/www.europesays.com\/it\/wp-json\/wp\/v2\/posts\/654183","targetHints":{"allow":["GET"]}}],"collection":[{"href":"https:\/\/www.europesays.com\/it\/wp-json\/wp\/v2\/posts"}],"about":[{"href":"https:\/\/www.europesays.com\/it\/wp-json\/wp\/v2\/types\/post"}],"author":[{"embeddable":true,"href":"https:\/\/www.europesays.com\/it\/wp-json\/wp\/v2\/users\/3"}],"replies":[{"embeddable":true,"href":"https:\/\/www.europesays.com\/it\/wp-json\/wp\/v2\/comments?post=654183"}],"version-history":[{"count":0,"href":"https:\/\/www.europesays.com\/it\/wp-json\/wp\/v2\/posts\/654183\/revisions"}],"wp:featuredmedia":[{"embeddable":true,"href":"https:\/\/www.europesays.com\/it\/wp-json\/wp\/v2\/media\/612905"}],"wp:attachment":[{"href":"https:\/\/www.europesays.com\/it\/wp-json\/wp\/v2\/media?parent=654183"}],"wp:term":[{"taxonomy":"category","embeddable":true,"href":"https:\/\/www.europesays.com\/it\/wp-json\/wp\/v2\/categories?post=654183"},{"taxonomy":"post_tag","embeddable":true,"href":"https:\/\/www.europesays.com\/it\/wp-json\/wp\/v2\/tags?post=654183"}],"curies":[{"name":"wp","href":"https:\/\/api.w.org\/{rel}","templated":true}]}}