{"id":654265,"date":"2026-08-28T21:13:18","date_gmt":"2026-08-28T21:13:18","guid":{"rendered":"https:\/\/www.europesays.com\/it\/654265\/"},"modified":"2026-08-28T21:13:18","modified_gmt":"2026-08-28T21:13:18","slug":"maltempo-in-italia-al-nord-temporali-e-grandinate-tromba-daria-su-cremona","status":"publish","type":"post","link":"https:\/\/www.europesays.com\/it\/654265\/","title":{"rendered":"Maltempo in Italia, al Nord temporali e grandinate. Tromba d&#8217;aria su Cremona"},"content":{"rendered":"<p>Mentre gran parte dell\u2019Italia ha fatto i conti con un venerd\u00ec di caldo rovente, con temperature record che hanno sfiorato i 46 gradi, alcune zone del Nord sono state colpite dal maltempo con temporali, grandinate e vento forte. Tra le regioni pi\u00f9 colpite ci sono la Lombardia, il Veneto, il Piemonte.\u00a0La pioggia ha sradicato diversi alberi e la grandine ha provocato danni a centinaia di auto in diverse citt\u00e0. Su Cremona si \u00e8 abbattuta una tromba d&#8217;aria che ha danneggiato anche Duomo e Palazzo Comunale: una quarantina i feriti lievi. Violente grandinate hanno interessato pure la provincia di Brescia, il Pavese, il Veronese e la parte est della Bassa Piacentina, con danni all&#8217;agricoltura e in particolare ai raccolti di uva. In Val di Fassa circa 800 escursionisti sono stati assistiti e accompagnati a valle, dopo il fermo degli impianti di risalita (<a data-intcmp=\"skytg24_foglia articolo_interlink_text\" href=\"https:\/\/tg24.sky.it\/meteo\" target=\"_blank\" rel=\"nofollow noopener\">LE PREVISIONI METEO<\/a>).<\/p>\n<p>\t\t \tTromba d&#8217;aria su Cremona<\/p>\n<p>Nel pomeriggio, una tromba d\u2019aria si \u00e8 abbattuta su Cremona. La grandine e le forti raffiche di vento, insieme al violento temporale, hanno provocato danni anche al Duomo e al Palazzo comunale: sono crollati la copertura di una guglia della Cattedrale e il tetto della torre civica del municipio, l&#8217;unica testimonianza rimasta del pi\u00f9 antico palazzo comunale al cui posto \u00e8 stato innalzato nel 1206 quello attuale. Danni anche alla Fiera, alle abitazioni e alle auto, con i vigili del fuoco impegnati in numerosi interventi per alberi sradicati e allagamenti. Ingenti i danni anche nella provincia: tanti gli interventi dei vigili del fuoco per sottopassi allagati, tetti scoperchiati, alberi sradicati. Viabilit\u00e0 in tilt, con centinaia di auto danneggiate. Disagi anche sulla linea ferroviaria con la cancellazione di alcuni treni.<\/p>\n<p>Una quarantina i feriti lievi a Cremona<\/p>\n<p>La tromba d&#8217;aria a Cremona, durata qualche minuto, ha provocato una quarantina di feriti, tutti in modo lieve. I pi\u00f9 gravi, ma comunque in condizioni non preoccupati, sono alcune persone che erano a bordo di una vettura colpita da un albero caduto in via Giuseppina, nella prima periferia della citt\u00e0 lombarda. Soccorsi da alcuni automobilisti e poi dal 118, sono stati estratti dall&#8217;abitacolo dai vigili del fuoco. Gli altri sono residenti o automobilisti colpiti dalla grandine, pezzi di cornicioni, tegole e coperture. Molti si sono rivolti al Pronto soccorso perch\u00e9 sotto choc.<\/p>\n<p>Grandinate nel Bresciano e allerta su Milano<\/p>\n<p>La Lombardia \u00e8 tra le regioni pi\u00f9 colpite dal maltempo di oggi. Violente grandinate, in giornata, hanno interessato anche la provincia di Brescia e in alcuni comuni sono caduti chicchi di grandine grossi come palline da tennis. Forti piogge e grandinate anche nel Milanese, nella provincia di Monza e nella zona del Legnanese. A Milano fino a domani \u00e8 in vigore l&#8217;allerta arancione per temporali: in citt\u00e0 chiusi i parchi e le attivit\u00e0 al loro interno, a causa delle possibili raffiche di vento fino a 55 chilometri orari. Chiuse anche alcune piscine.<\/p>\n<p>Danni anche ad agricoltura e vendemmia<\/p>\n<p>Oltre alla provincia di Brescia, violente grandinate hanno interessato anche il Veronese e il Pavese, con danni all&#8217;agricoltura e in particolare ai raccolti di uva. Sempre nel pomeriggio, grossi chicchi di grandine hanno colpito la parte est della Bassa Piacentina concentrandosi sull&#8217;abitato di Castelsangiovanni, ai confini con la provincia di Pavia: anche qui i chicchi hanno raggiunto le dimensioni di palline da tennis, provocando danni alle colture e costringendo diversi automobilisti a fermarsi in autostrada.. Nel Bellunese il forte vento ha causato lo scoperchiamento del tetto di una scuola.<\/p>\n<p>Pioggia e grandine nel Pavese<\/p>\n<p>Nella provincia di Pavia, il maltempo ha riguardato soprattutto la zona dell&#8217;Oltrep\u00f2 Pavese: grandine e pioggia si sono concentrate in particolare nelle zone di Broni, Stradella, Canneto Pavese e Arena Po. C&#8217;\u00e8 preoccupazione per la vendemmia, con numerosi vigneti in cui le uve stavano per essere raccolte. Tanti gli interventi dei vigili del fuoco per allagamenti e alberi caduti tra Voghera, Rivanazzano, la Valle Staffora e anche nell&#8217;Oltrep\u00f2 montano sino al Brallo. Verso le 16.30 c&#8217;\u00e8 stato un intenso acquazzone anche a Pavia e nei dintorni del capoluogo.<\/p>\n<p>\t\t\t<a class=\"c-inline-card j-inline-card c-inline-card--with-image\" href=\"https:\/\/tg24.sky.it\/cronaca\/2026\/08\/27\/polvere-sahara\" rel=\"follow nofollow noopener\" data-intcmp=\"skytg24_articolo_approfondimenti_inline\" target=\"_blank\"><\/p>\n<p>\t\t\t         <img decoding=\"async\" crossorigin=\"anonymous\" alt=\"\"  loading=\"lazy\"  src=\"https:\/\/www.europesays.com\/it\/wp-content\/uploads\/2026\/08\/1787951597_462_Screenshot_2026-08-27_171925.png\"\/><\/p>\n<p>\n\t\t\t         Vedi anche<br \/>\n\t\t\t         Quinta ondata di caldo, arriva sabbia del Sahara: quando finir\u00e0\n\t\t\t      <\/p>\n<p>\t\t\t<\/a><\/p>\n<p>\t\t \tLa situazione in Piemonte<\/p>\n<p>Maltempo e disagi anche in Piemonte. Nel Torinese, tra Argentera e Sauze di Cesana, otto persone &#8211; tra cui due minori &#8211; sono state portate in salvo nel pomeriggio dai vigili del fuoco dopo essere rimaste bloccate in auto a causa delle frane che hanno colpito la zona. L&#8217;intervento \u00e8 avvenuto intorno alle 16 con l&#8217;elicottero Drago. La\u00a0strada della Valle Argentera rester\u00e0 chiusa tutta la notte. In mattinata, a causa delle forti piogge, diverse colate di detriti avevano interessato la valle. Nel primo pomeriggio erano intervenuti anche i vigili del fuoco di Susa e Torino che, con mezzi cingolati, avevano raggiunto chi era rimasto bloccato a causa della strada interrotta. Temporali e forte vento hanno caratterizzato dal pomeriggio anche la provincia di Cuneo. Le centraline dell&#8217;Arpa Piemonte hanno registrato raffiche di vento oltre i 200 chilometri orari (con il record di 216 chilometri sulla Rocca dell&#8217;Abisso, in valle Gesso) sulle Alpi tra il Cuneese e il confine con la Francia.\u00a0<\/p>\n<p>Chiusa la funivia del Sass Pordoi, evacuate un centinaio di persone<\/p>\n<p>Maltempo anche in Trentino. A causa dell\u2019allerta, intorno alle 14 la funivia del Sass Pordoi, sopra Canazei, \u00e8 stata chiusa. Vicino alla stazione di arrivo si trovavano circa 200 persone: la Centrale Unica di Emergenza 112 ha attivato la stazione di competenza Alta Fassa del Soccorso Alpino e Speleologico Trentino, che \u00e8 intervenuta nelle operazioni di evacuazione e soccorso, creando un cordone di circa un centinaio di persone e accompagnandole nella discesa. Le forti raffiche di vento non hanno consentito l&#8217;intervento dell&#8217;elicottero in nessuna fase delle operazioni di evacuazione.<\/p>\n<p>\t\t\t<a class=\"c-inline-card j-inline-card c-inline-card--with-image\" href=\"https:\/\/tg24.sky.it\/cronaca\/2026\/08\/28\/grandine-nubifragio-parabiago-canegrate\" rel=\"follow nofollow noopener\" data-intcmp=\"skytg24_articolo_approfondimenti_inline\" target=\"_blank\"><\/p>\n<p>\t\t\t         <img decoding=\"async\" crossorigin=\"anonymous\" alt=\"\"  loading=\"lazy\"  src=\"https:\/\/www.europesays.com\/it\/wp-content\/uploads\/2026\/08\/1787951598_63_SKYPAOLINI_20260807151049895_40341b9c009c213123331233cd90fba4.jpg\"\/><\/p>\n<p>\n\t\t\t         Vedi anche<br \/>\n\t\t\t         Meteo, grandine e nubifragio nel Milanese tra Parabiago e Canegrate\n\t\t\t      <\/p>\n<p>\t\t\t<\/a><\/p>\n","protected":false},"excerpt":{"rendered":"Mentre gran parte dell\u2019Italia ha fatto i conti con un venerd\u00ec di caldo rovente, con temperature record che&hellip;\n","protected":false},"author":3,"featured_media":654266,"comment_status":"","ping_status":"","sticky":false,"template":"","format":"standard","meta":{"footnotes":"","_share_on_mastodon":"0"},"categories":[79],"tags":[14,93,94,369,1537,90,89,5762,437,7,15,103,11,84,91,12,85,92,108],"class_list":["post-654265","post","type-post","status-publish","format-standard","has-post-thumbnail","category-italia","tag-cronaca","tag-cronaca-italiana","tag-cronacaitaliana","tag-digitall","tag-it","tag-italia","tag-italy","tag-lombardia","tag-maltempo","tag-news","tag-notizie","tag-temporali","tag-ultime-notizie","tag-ultime-notizie-e-news-di-oggi","tag-ultime-notizie-italia","tag-ultimenotizie","tag-ultimenotizieenewsdioggi","tag-ultimenotizieitalia","tag-veneto"],"share_on_mastodon":{"url":"https:\/\/pubeurope.com\/@it\/117175204113694866","error":""},"_links":{"self":[{"href":"https:\/\/www.europesays.com\/it\/wp-json\/wp\/v2\/posts\/654265","targetHints":{"allow":["GET"]}}],"collection":[{"href":"https:\/\/www.europesays.com\/it\/wp-json\/wp\/v2\/posts"}],"about":[{"href":"https:\/\/www.europesays.com\/it\/wp-json\/wp\/v2\/types\/post"}],"author":[{"embeddable":true,"href":"https:\/\/www.europesays.com\/it\/wp-json\/wp\/v2\/users\/3"}],"replies":[{"embeddable":true,"href":"https:\/\/www.europesays.com\/it\/wp-json\/wp\/v2\/comments?post=654265"}],"version-history":[{"count":0,"href":"https:\/\/www.europesays.com\/it\/wp-json\/wp\/v2\/posts\/654265\/revisions"}],"wp:featuredmedia":[{"embeddable":true,"href":"https:\/\/www.europesays.com\/it\/wp-json\/wp\/v2\/media\/654266"}],"wp:attachment":[{"href":"https:\/\/www.europesays.com\/it\/wp-json\/wp\/v2\/media?parent=654265"}],"wp:term":[{"taxonomy":"category","embeddable":true,"href":"https:\/\/www.europesays.com\/it\/wp-json\/wp\/v2\/categories?post=654265"},{"taxonomy":"post_tag","embeddable":true,"href":"https:\/\/www.europesays.com\/it\/wp-json\/wp\/v2\/tags?post=654265"}],"curies":[{"name":"wp","href":"https:\/\/api.w.org\/{rel}","templated":true}]}}