{"id":654307,"date":"2026-08-28T23:23:46","date_gmt":"2026-08-28T23:23:46","guid":{"rendered":"https:\/\/www.europesays.com\/it\/654307\/"},"modified":"2026-08-28T23:23:46","modified_gmt":"2026-08-28T23:23:46","slug":"amorim-dopo-milan-venezia-ramos-pressa-per-due","status":"publish","type":"post","link":"https:\/\/www.europesays.com\/it\/654307\/","title":{"rendered":"Amorim dopo Milan-Venezia: &#8220;Ramos pressa per due&#8221;"},"content":{"rendered":"<p>                                L&#8217;allenatore rossonero dopo la vittoria sul Venezia: &#8220;Dobbiamo migliorare il modo in cui occupiamo l\u2019area durante i cross. Abbiamo vinto, \u00e8 la cosa importante&#8221;<\/p>\n<p>            <a class=\"image is-50x50\" href=\"https:\/\/www.gazzetta.it\/redazione\/luca-bianchin\/\" rel=\"nofollow noopener\" target=\"_blank\"><br \/>\n                <img decoding=\"async\" class=\"is-rounded\" src=\"https:\/\/www.europesays.com\/it\/wp-content\/uploads\/2026\/08\/luca_bianchin_avatar.png\" alt=\"Luca Bianchin\"\/><br \/>\n            <\/a><\/p>\n<p>Giornalista<\/p>\n<p>                    28 agosto &#8211; 23:41  &#8211; MILANO<\/p>\n<p class=\"paragraph\" spellcheck=\"true\">Gli allenatori sono interessanti perch\u00e9 hanno punti di vista particolari. Ruben Amorin, dopo una serata come questa col Venezia, apprezza Gon\u00e7alo Ramos per&#8230; come pressa, non per come segna: &#8220;Non penso ai suoi gol. Certo \u00e8 l\u2019attaccante, l\u2019abbiamo pagato tanto, ma il modo in cui lavora ci aiuta tantissimo. Alle volte sembra che siano in due a pressare, ma alla fine \u00e8 solo lui. Oggi ha sbagliato due occasioni, ma nella terza non ha pensato niente, e ha segnato&#8221;.<\/p>\n<p>        il cambio di saelemaekers\u2014 \u00a0<\/p>\n<p class=\"paragraph\" spellcheck=\"true\">Amorim spiega anche il momento decisivo di Milan-Venezia, il momento in cui ha mandato in campo Alexis Saelemaekers: &#8220;Stavo guardando la partita e ho pensato che nel suo ruolo avessimo spazio. Inizialmente volevo sostituire solo Ruben Loftus-Cheek, poi ho pensato che ci servisse altra creativit\u00e0. Quella era l\u2019idea\u201d.\u00a0<\/p>\n<p>        l&#8217;analisi della partita\u2014 \u00a0<\/p>\n<p class=\"paragraph\" spellcheck=\"true\">Amorim alla vigilia era molto preoccupato dal calcio di Stroppa e beh&#8230; aveva ragione. Alla fine, conferma di aver sofferto: &#8220;Abbiamo patito l\u2019uno contro uno, alcune transizioni, ma abbiamo avuto pi\u00f9 occasioni di loro per segnare. Abbiamo gestito alcune cose bene, altre meno, ora dobbiamo continuare a lavorare. Abbiamo vinto, ed \u00e8 questa la cosa pi\u00f9 importante&#8221;. Logico.<\/p>\n<p><a class=\"is-partner-link\" href=\"https:\/\/ad.doubleclick.net\/ddm\/trackclk\/N1792338.340088CAIRORCSMEDIAS.P.\/B28038690.452531709;dc_trk_aid=646241311;dc_trk_cid=173665161;dc_lat=;dc_rdid=;tag_for_child_directed_treatment=;tfua=;gdpr=%24%7BGDPR%7D;gdpr_consent=%24%7BGDPR_CONSENT_755%7D;ltd=;dc_tdv=1\" rel=\"nofollow noopener\" target=\"_blank\">Guarda tutte le partite di Serie A Enilive in esclusiva nei locali Sky! Trova il locale pi\u00f9 vicino a te.<\/a><\/p>\n<p>        che cosa migliorare\u2014 \u00a0<\/p>\n<p class=\"paragraph\" spellcheck=\"true\">A questo punto, ha senso fare uno zoom su quei miglioramenti. Capire in che cosa il Milan deve crescere. &#8220;Dobbiamo migliorare il modo in cui occupiamo l\u2019area durante i cross &#8211; dice Amorim -. Quando attacchiamo, i nostri centrali devono cominciare a preparare le transizioni. C\u2019\u00e8 molto da fare ma non \u00e8 semplice giocare in questo stadio. Alle volte non si gioca molto bene ma vincere ci d\u00e0 fiducia\u201d. S\u00ec, da primi in classifica si sta benissimo.<\/p>\n<p class=\"is-copyright\">\u00a9 RIPRODUZIONE RISERVATA<\/p>\n","protected":false},"excerpt":{"rendered":"L&#8217;allenatore rossonero dopo la vittoria sul Venezia: &#8220;Dobbiamo migliorare il modo in cui occupiamo l\u2019area durante i cross.&hellip;\n","protected":false},"author":3,"featured_media":654308,"comment_status":"","ping_status":"","sticky":false,"template":"","format":"standard","meta":{"footnotes":"","_share_on_mastodon":"0"},"categories":[1452],"tags":[3960,50020,841,360927,721,15412,3173,2149,19560,360928,1740,48,1537,90,89,6114,360929,360930,553,21438,360931,360932,23,36016,1739,245,244,222],"class_list":["post-654307","post","type-post","status-publish","format-standard","has-post-thumbnail","category-calcio","tag-alcune","tag-amorim","tag-area","tag-area-cross","tag-calcio","tag-creativita","tag-cross","tag-dobbiamo","tag-dobbiamo-migliorare","tag-dobbiamo-migliorare-occupiamo","tag-football","tag-importante","tag-it","tag-italia","tag-italy","tag-migliorare","tag-migliorare-occupiamo","tag-migliorare-occupiamo-area","tag-milan","tag-occasioni","tag-occupiamo","tag-occupiamo-area","tag-pensato","tag-saelemaekers","tag-soccer","tag-sport","tag-sports","tag-venezia"],"share_on_mastodon":{"url":"https:\/\/pubeurope.com\/@it\/117175719554039526","error":""},"_links":{"self":[{"href":"https:\/\/www.europesays.com\/it\/wp-json\/wp\/v2\/posts\/654307","targetHints":{"allow":["GET"]}}],"collection":[{"href":"https:\/\/www.europesays.com\/it\/wp-json\/wp\/v2\/posts"}],"about":[{"href":"https:\/\/www.europesays.com\/it\/wp-json\/wp\/v2\/types\/post"}],"author":[{"embeddable":true,"href":"https:\/\/www.europesays.com\/it\/wp-json\/wp\/v2\/users\/3"}],"replies":[{"embeddable":true,"href":"https:\/\/www.europesays.com\/it\/wp-json\/wp\/v2\/comments?post=654307"}],"version-history":[{"count":0,"href":"https:\/\/www.europesays.com\/it\/wp-json\/wp\/v2\/posts\/654307\/revisions"}],"wp:featuredmedia":[{"embeddable":true,"href":"https:\/\/www.europesays.com\/it\/wp-json\/wp\/v2\/media\/654308"}],"wp:attachment":[{"href":"https:\/\/www.europesays.com\/it\/wp-json\/wp\/v2\/media?parent=654307"}],"wp:term":[{"taxonomy":"category","embeddable":true,"href":"https:\/\/www.europesays.com\/it\/wp-json\/wp\/v2\/categories?post=654307"},{"taxonomy":"post_tag","embeddable":true,"href":"https:\/\/www.europesays.com\/it\/wp-json\/wp\/v2\/tags?post=654307"}],"curies":[{"name":"wp","href":"https:\/\/api.w.org\/{rel}","templated":true}]}}