{"id":654332,"date":"2026-08-29T01:26:41","date_gmt":"2026-08-29T01:26:41","guid":{"rendered":"https:\/\/www.europesays.com\/it\/654332\/"},"modified":"2026-08-29T01:26:41","modified_gmt":"2026-08-29T01:26:41","slug":"dopo-25-anni-di-attesa-il-regista-di-donnie-darko-ha-finalmente-pronto-il-sequel-solo-che-non-e-un-film-ma-un-romanzo-epistolare-di-800-pagine-sui-viaggi-nel-tempo","status":"publish","type":"post","link":"https:\/\/www.europesays.com\/it\/654332\/","title":{"rendered":"Dopo 25 anni di attesa, il regista di Donnie Darko ha finalmente pronto il sequel, solo che non \u00e8 un film ma un romanzo epistolare di 800 pagine sui viaggi nel tempo"},"content":{"rendered":"<p class=\"small-text is-articolo\">Richard Kelly, regista, sceneggiatore e adesso anche scrittore, ha gi\u00e0 detto che questo \u00e8 solo il primo passo nell&#8217;esplorazione dell&#8217;universo di Donnie Darko.<\/p>\n<p><img decoding=\"async\" src=\"https:\/\/www.europesays.com\/it\/wp-content\/uploads\/2026\/08\/donnie-darko-sequel-800x478.jpg\" loading=\"lazy\" alt=\"\" class=\"_3-2\"\/><\/p>\n<p class=\"is-boxed article-body\"><strong>Richard Kelly<\/strong> ci ha messo venticinque anni a scrivere il sequel del suo film <strong>Donnie Darko<\/strong>. L\u2019unico problema \u2013 ma magari scopriremo che non \u00e8 un problema, magari dovremo ammettere che \u00e8 meglio cos\u00ec \u2013 \u00e8 che il risultato di questi vent\u2019anni di lavoro matto e disperatissimo <strong>non \u00e8 un film ma un romanzo epistolare, ambientato nel 1988, lungo pi\u00f9 di 800 pagine e intitolato The Philosophy of Time Travel<\/strong>.<\/p>\n<p class=\"is-boxed article-body\">Non si sa perch\u00e9 Kelly si sia assentato cos\u00ec a lungo, sappiamo solo che il suo ultimo lungometraggio, The Box, risale al 2009. Sappiamo anche, per\u00f2, che dal 2009 a oggi non ha mai smesso di lavorare: Kelly ha continuato a scrivere e a suo dire ha accumulato \u00ababbastanza materiale da non dover pi\u00f9 scrivere per il resto della mia vita\u00bb. Secondo le indiscrezioni, Kelly avrebbe scritto addirittura dieci tra soggetti e sceneggiature, ma nessuna di queste \u00e8 mai diventata un film, pare perch\u00e9 nessuna casa di produzione si sia mostrata disponibile a sostenere i notevoli costi necessari a girarli. Kelly si \u00e8 dunque \u201crassegnato\u201d a usare come mezzo espressivo la letteratura? Forse s\u00ec o forse il romanzo \u00e8 una via traversa per arrivare comunque al film: dovesse rivelarsi un successo, sarebbe scontato adattare il libro per il grande schermo.<\/p>\n<p class=\"is-boxed article-body\"><strong>Il libro, in uscita alla fine dell\u2019anno (una data ufficiale ancora non \u00e8 stata annunciata), racconta i quattordici mesi successivi alla tragica morte di Donnie<\/strong>. Attraverso lettere, diari e documenti, il romanzo segue <strong>i genitori Rose ed Eddie Darko<\/strong> mentre intraprendono ognuno la sua indagine sulla morte del figlio, per capire cosa sia davvero successo a Donnie e cosa fosse quell&#8217;\u201duniverso tangente\u201d in cui era scivolato, quella realt\u00e0 parallela, instabile e temporanea, generata da una frattura nello spaziotempo, in cui Donnie aveva vissuto i suoi ultimi 28 giorni di vita evitando il collasso del mondo primario.<\/p>\n<p class=\"is-boxed article-body\"><strong>Nelle intenzioni di Kelly, il libro \u00e8 soltanto la prima tessera di un mosaico pi\u00f9 ampio<\/strong>. Prima un adattamento in motion-capture della prima parte del romanzo, poi un salto temporale di ventotto anni nel futuro e un sequel in live-action. L\u2019obiettivo finale \u00e8 quello di riunire il cast originale, dice \u00abAdoro il mio cast. Mi piacerebbe molto ritrovare tutti questi attori meravigliosi. Ora la decisione spetta in un certo senso al mercato, un mercato che comprende una fanbase globale, il nostro splendido cast e una serie di nuovi personaggi oltre a tutta quella tecnologia straordinaria che anni fa non esisteva\u00bb. Resta da capire se nella Hollywood odierna ci sia ancora spazio per i sogni e ai deliri di Richard Kelly.<\/p>\n","protected":false},"excerpt":{"rendered":"Richard Kelly, regista, sceneggiatore e adesso anche scrittore, ha gi\u00e0 detto che questo \u00e8 solo il primo passo&hellip;\n","protected":false},"author":3,"featured_media":654333,"comment_status":"","ping_status":"","sticky":false,"template":"","format":"standard","meta":{"footnotes":"","_share_on_mastodon":"0"},"categories":[1442],"tags":[640,203,454,204,1537,90,89,1609,1521,7],"class_list":["post-654332","post","type-post","status-publish","format-standard","has-post-thumbnail","category-film","tag-cinema","tag-entertainment","tag-film","tag-intrattenimento","tag-it","tag-italia","tag-italy","tag-libri","tag-movies","tag-news"],"share_on_mastodon":{"url":"https:\/\/pubeurope.com\/@it\/117176200452015526","error":""},"_links":{"self":[{"href":"https:\/\/www.europesays.com\/it\/wp-json\/wp\/v2\/posts\/654332","targetHints":{"allow":["GET"]}}],"collection":[{"href":"https:\/\/www.europesays.com\/it\/wp-json\/wp\/v2\/posts"}],"about":[{"href":"https:\/\/www.europesays.com\/it\/wp-json\/wp\/v2\/types\/post"}],"author":[{"embeddable":true,"href":"https:\/\/www.europesays.com\/it\/wp-json\/wp\/v2\/users\/3"}],"replies":[{"embeddable":true,"href":"https:\/\/www.europesays.com\/it\/wp-json\/wp\/v2\/comments?post=654332"}],"version-history":[{"count":0,"href":"https:\/\/www.europesays.com\/it\/wp-json\/wp\/v2\/posts\/654332\/revisions"}],"wp:featuredmedia":[{"embeddable":true,"href":"https:\/\/www.europesays.com\/it\/wp-json\/wp\/v2\/media\/654333"}],"wp:attachment":[{"href":"https:\/\/www.europesays.com\/it\/wp-json\/wp\/v2\/media?parent=654332"}],"wp:term":[{"taxonomy":"category","embeddable":true,"href":"https:\/\/www.europesays.com\/it\/wp-json\/wp\/v2\/categories?post=654332"},{"taxonomy":"post_tag","embeddable":true,"href":"https:\/\/www.europesays.com\/it\/wp-json\/wp\/v2\/tags?post=654332"}],"curies":[{"name":"wp","href":"https:\/\/api.w.org\/{rel}","templated":true}]}}