{"id":654342,"date":"2026-08-29T05:01:20","date_gmt":"2026-08-29T05:01:20","guid":{"rendered":"https:\/\/www.europesays.com\/it\/654342\/"},"modified":"2026-08-29T05:01:20","modified_gmt":"2026-08-29T05:01:20","slug":"b-int-la-guardia-dellolimpia-milano-filippo-finazzer-chiude-il-roster-degli-squali","status":"publish","type":"post","link":"https:\/\/www.europesays.com\/it\/654342\/","title":{"rendered":"B Int &#8211; La guardia dell&#8217;Olimpia Milano Filippo Finazzer chiude il roster degli Squali"},"content":{"rendered":"<p>Ultimo tassello degli Squali: benvenuto Filippo Finazzer, guardia classe 2009 <a href=\"https:\/\/www.pianetabasket.com\/olimpia-milano\" title=\"Olimpia Milano\" rel=\"nofollow noopener\" target=\"_blank\">Olimpia Milano<\/a>.<\/p>\n<p>Milanese, nato a Milano il 13 marzo, Filippo \u00e8 innamorato del basket da quando ha 5 anni, quando pap\u00e0 e fratelli gli regalano una palla a spicchi. Fa i primi palleggi in Urania e quando ha 7 anni si trasferisce nella societ\u00e0 meneghina. Qui vince due scudetti e vari titoli nazionali e internazionali. Partecipa anche al raduno della nazionale U15. Indosser\u00e0 il numero 8.<\/p>\n<p>Le sue parole: &#8220;Sono felicissimo di entrare nel mondo senior, sento che potr\u00f2 migliorare e dare molto, avr\u00f2 squadra e compagni di grande esperienza, &#8211; dice &#8211; da loro cercher\u00f2 di imparare il pi\u00f9 possibile rendendomi disponibile dando il massimo&#8221;.<\/p>\n","protected":false},"excerpt":{"rendered":"Ultimo tassello degli Squali: benvenuto Filippo Finazzer, guardia classe 2009 Olimpia Milano. Milanese, nato a Milano il 13&hellip;\n","protected":false},"author":3,"featured_media":654343,"comment_status":"","ping_status":"","sticky":false,"template":"","format":"standard","meta":{"footnotes":"","_share_on_mastodon":"0"},"categories":[1453],"tags":[1756,1757,1537,90,89,5874,1853,182405,245,244],"class_list":["post-654342","post","type-post","status-publish","format-standard","has-post-thumbnail","category-basket","tag-basket","tag-basketball","tag-it","tag-italia","tag-italy","tag-olimpia-milano","tag-serie-b","tag-serie-b-interregionale","tag-sport","tag-sports"],"share_on_mastodon":{"url":"https:\/\/pubeurope.com\/@it\/117177043573616468","error":""},"_links":{"self":[{"href":"https:\/\/www.europesays.com\/it\/wp-json\/wp\/v2\/posts\/654342","targetHints":{"allow":["GET"]}}],"collection":[{"href":"https:\/\/www.europesays.com\/it\/wp-json\/wp\/v2\/posts"}],"about":[{"href":"https:\/\/www.europesays.com\/it\/wp-json\/wp\/v2\/types\/post"}],"author":[{"embeddable":true,"href":"https:\/\/www.europesays.com\/it\/wp-json\/wp\/v2\/users\/3"}],"replies":[{"embeddable":true,"href":"https:\/\/www.europesays.com\/it\/wp-json\/wp\/v2\/comments?post=654342"}],"version-history":[{"count":0,"href":"https:\/\/www.europesays.com\/it\/wp-json\/wp\/v2\/posts\/654342\/revisions"}],"wp:featuredmedia":[{"embeddable":true,"href":"https:\/\/www.europesays.com\/it\/wp-json\/wp\/v2\/media\/654343"}],"wp:attachment":[{"href":"https:\/\/www.europesays.com\/it\/wp-json\/wp\/v2\/media?parent=654342"}],"wp:term":[{"taxonomy":"category","embeddable":true,"href":"https:\/\/www.europesays.com\/it\/wp-json\/wp\/v2\/categories?post=654342"},{"taxonomy":"post_tag","embeddable":true,"href":"https:\/\/www.europesays.com\/it\/wp-json\/wp\/v2\/tags?post=654342"}],"curies":[{"name":"wp","href":"https:\/\/api.w.org\/{rel}","templated":true}]}}