{"id":654360,"date":"2026-08-29T05:12:17","date_gmt":"2026-08-29T05:12:17","guid":{"rendered":"https:\/\/www.europesays.com\/it\/654360\/"},"modified":"2026-08-29T05:12:17","modified_gmt":"2026-08-29T05:12:17","slug":"weekend-a-roma-gli-eventi-da-non-perdere-sabato-29-e-domenica-30-agosto-2026","status":"publish","type":"post","link":"https:\/\/www.europesays.com\/it\/654360\/","title":{"rendered":"Weekend a Roma: gli eventi da non perdere sabato 29 e domenica 30 agosto 2026"},"content":{"rendered":"<p>Ultimo fine settimana di agosto, quello del grande rientro dei romani. Il relax si interrompe, la routine si avvicina e la citt\u00e0 accoglie i vacanzieri di ritorno con un cartellone ricco di appuntamenti per tutti i gusti.<\/p>\n<p>La cultura continua a essere protagonista dell&#8217;estate romana, con aperture serali straordinarie fino alla fine del mese. Non mancano musica, divertimento e sagre con le pi\u00f9 note ricette della tradizione nei dintorni della Capitale. Ecco, dunque, 15 eventi da non perdere sabato 29 e domenica 30 agosto.\u00a0<\/p>\n<p>Sagra della Tellina al Borghetto dei Pescatori di Ostia<\/p>\n<p>Fino a domenica 30 agosto c&#8217;\u00e8 la Sagra della Tellina al Borghetto dei Pescatori di Ostia. Si tratta della 61esima edizione della manifestazione che unisce sapori e tradizioni, tra mare e storiche imbarcazioni. Ogni sera in programma uno spettacolo per allietare il pubblico. In particolare sabato 29 agosto ci sar\u00e0 Roma in Canto e alle 16,30 la tradizionale processione in mare e il 30 agosto lo Show Comico-Musicale con Ranelli, Tana e Dani Bra. [<a href=\"https:\/\/www.romatoday.it\/eventi\/sagra-tellina-borghetto-dei-pescatori-ostia-21-30-agosto-2026.html\" rel=\"nofollow noopener\" target=\"_blank\">TUTTE LE INFORMAZIONI<\/a>]<\/p>\n<p>La Notte delle candele a Vallerano<\/p>\n<p>Centomila luci in una sola notte. Torna, come ogni estate, la suggestiva Notte delle Candele a Vallerano (in provincia di Viterbo). L&#8217;evento, che \u00e8 sicuramente tra i pi\u00f9 attesi dell&#8217;estate nel Lazio, si terr\u00e0 il 29 agosto e trasformer\u00e0 ogni vicolo e piazza del borgo in uno spettacolo a cielo aperto. Oltre 100.000 candele, oltre 30 spettacoli, oltre ad aree food, parcheggi e navette. Il percorso di quest\u2019anno si svilupper\u00e0 attorno al tema delle stagioni, tra vicoli e piazze che cambiano atmosfera ad ogni passaggio. [<a href=\"https:\/\/www.romatoday.it\/eventi\/notte-delle-candele-vallerano-29-agosto-2026.html\" rel=\"nofollow noopener\" target=\"_blank\">TUTTE LE INFORMAZIONI<\/a>]<\/p>\n<p>Colosseo e Pantheon aperti di sera<\/p>\n<p>Anche nell&#8217;ultimo weekend del mese sar\u00e0 possibile visitare Pantheon e Colosseo dopo il tramonto. L&#8217;iniziativa \u00e8 promossa dal Ministero della cultura e il Ministero del turismo. Nel dettaglio il Colosseo rester\u00e0 aperto nei giorni di venerd\u00ec e sabato dalle ore 19:45 alle ore 23:30; mentre il Pantheon sar\u00e0 visitabile dalle 19 alle 23, a eccezione del gioved\u00ec. [<a href=\"https:\/\/www.romatoday.it\/eventi\/cultura\/colosseo-pantheon-aperti-di-sera-ad-agosto.html\" rel=\"nofollow noopener\" target=\"_blank\">TUTTE LE INFORMAZIONI<\/a>]<\/p>\n<p>Fine agosto al Planetario di Roma<\/p>\n<p>Il programma delle attivit\u00e0 di agosto al Planetario di Roma \u00e8 ricco e variegato e si rivolge sia ad un pubblico adulto che ai pi\u00f9 piccoli. In particolare, sabato 29 agosto, alle 18 ci sar\u00e0 \u201cInterstellari \u2013 Il viaggio delle sonde Voyager\u201d, alle 19 \u201cVita da stella con il Dottor Stellarium\u201d e alle 21,30 \u201cIl cielo degli innamorati\u201d. Domenica 30 agosto, invece, alle 18 \u201cRitorno alle stelle\u201d, alle 19 \u201cGirotondo tra i Pianeti\u201d e alle 21:30 \u201cLa Notte Stellata\u201d. [<a href=\"https:\/\/www.romatoday.it\/eventi\/planetario-di-roma-programma-dal-4-al-30-agosto-2026.html\" rel=\"nofollow noopener\" target=\"_blank\">TUTTE LE INFORMAZIONI<\/a>]<\/p>\n<p>Chiostro del Bramante aperto ad agosto<\/p>\n<p>Il Chiostro del Bramante non va in vacanza: anche nel weekend del 29 e 30 agosto sar\u00e0 possibile entrare nel museo romano e vedere la mostra \u201cFlowers. Meravigliosa Natura\u201d, ormai agli sgoccioli. L&#8217;estate, infatti, rappresenta l&#8217;ultima occasione per immergersi tra le opere antiche e contemporanee di un racconto che \u00e8 tutto dedicato alla meraviglia e alla fragilit\u00e0 della natura. [<a href=\"https:\/\/www.romatoday.it\/eventi\/cultura\/chiostro-bramante-aperto-agosto-ferragosto-2026.html\" rel=\"nofollow noopener\" target=\"_blank\">TUTTE LE INFORMAZIONI<\/a>]<\/p>\n<p>Sagra degli spaghetti all&#8217;Amatriciana<\/p>\n<p>A 60 anni dalla prima, torna la Sagra degli spaghetti all&#8217;Amatriciana ad Amatrice (in provincia di Rieti). L&#8217;appuntamento di gusto \u00e8 in programma sabato 29 e domenica 30 agosto Si tratta di un appuntamento gastronomico longevo del Lazio, che mette al centro il tradizionale primo piatto nonch\u00e9 una delle ricette pi\u00f9 amate e note d&#8217;Italia e del mondo. La Sagra degli spaghetti all&#8217;Amatriciana \u00e8 anche l&#8217;occasione per conoscere meglio Amatrice. [<a href=\"https:\/\/www.romatoday.it\/eventi\/sagra-degli-spaghetti-amatriciana-29-30-agosto-2026.html\" rel=\"nofollow noopener\" target=\"_blank\">TUTTE LE INFORMAZIONI<\/a>]<\/p>\n<p>Cosmo, concerto matin\u00e9e all&#8217;Auditorium Parco della Musica<\/p>\n<p>Cosmo ha annunciato un tour estivo pensato per le ore del mattino, che trasforma il concerto in un vero e proprio viaggio sonoro dal risveglio all\u2019inizio della giornata. Un live diverso dal classico serale, capace di aprire nuove possibilit\u00e0 di ascolto e condivisione. L&#8217;inconsueto tour matin\u00e9e arriver\u00e0 anche a Roma, nella Cavea dell&#8217;Auditorium Parco della Musica Ennio Morricone, il 30 agosto alle 7 del mattino. [<a href=\"https:\/\/www.romatoday.it\/eventi\/cosmo-la-fonte-matinee-tour-30-agosto-2026.html\" rel=\"nofollow noopener\" target=\"_blank\">TUTTE LE INFORMAZIONI<\/a>]<\/p>\n<p>Tony Pitony a Roma Summer Fest<\/p>\n<p>Tony Pitony salir\u00e0 sul palco della Cavea dell\u2019Auditorium Parco della Musica Ennio Morricone di Roma, sabato 29 agosto. Il suo tour Teletony ha registrato 23 date sold out tra Italia ed Europa, con oltre 20.000 biglietti venduti e numerosi sold out. Anche la tourn\u00e9e estiva nei principali festival italiani ha gi\u00e0 superato 130.000 biglietti venduti, a conferma di un legame sempre pi\u00f9 forte con il pubblico. [<a href=\"https:\/\/www.romatoday.it\/eventi\/tony-pitony-roma-summer-fest-29-agosto-2026.html\" rel=\"nofollow noopener\" target=\"_blank\">TUTTE LE INFORMAZIONI<\/a>]<\/p>\n<p>An Evening with Wilco 2026<\/p>\n<p>An Evening with Wilco 2026 \u00e8 uno speciale format che prevede due performance complete dei Wilco nella stessa serata, con un breve intervallo e senza artisti di apertura, per un\u2019immersione totale nel repertorio della band: un viaggio sonoro attraverso il loro catalogo vasto e in continua evoluzione. La data di Roma si inserisce in una nuova serie di concerti internazionali che segna il ritorno dal vivo del gruppo con una scaletta capace di attraversare oltre trent\u2019anni di carriera, tra brani iconici e gemme pi\u00f9 recenti. [<a href=\"https:\/\/www.romatoday.it\/eventi\/an-evening-with-wilco-auditorium-parco-della-musica-31-agosto-2026.html\" rel=\"nofollow noopener\" target=\"_blank\">TUTTE LE INFORMAZIONI<\/a>]<\/p>\n<p>Sagra del vino\u00a0<\/p>\n<p>La 63\u00aa edizione della Sagra dell&#8217;Uva e del Vino dei Colli Ceriti si terr\u00e0 da gioved\u00ec 27 a domenica 30 agosto nel centro storico di Cerveteri. L&#8217;annuncio \u00e8 del sindaco Elena Gubetti, che ha presentato un cartellone con concerti, spettacoli di cabaret, degustazioni, la tradizionale gara della pigiatura e la sfilata dei carri allegorici dei Rioni. Tutti gli appuntamenti sono a ingresso gratuito. [<a href=\"https:\/\/www.romatoday.it\/eventi\/sagra-uva-vino-colli-ceriti-cerveteri.html\" rel=\"nofollow noopener\" target=\"_blank\">TUTTE LE INFORMAZIONI<\/a>]<\/p>\n<p>Borghetta Stile e Antonio Giuliani a Testaccio Estate<\/p>\n<p>Prosegue il ricco programma di Testaccio Estate alla Citt\u00e0 dell&#8217;Altra Economia: il 29 agosto protagonista Borghetta Stile, storico party della notte romana. Domenica 30 agosto, invece, ci sar\u00e0 Antonio Giuliani, volto storico della comicit\u00e0 romana. [<a href=\"https:\/\/www.romatoday.it\/eventi\/agosto-ferragosto-testaccio-estate-programma-2026.html\" rel=\"nofollow noopener\" target=\"_blank\">TUTTE LE INFORMAZIONI<\/a>]<\/p>\n<p>Daniele Fabbri e Only Punk Summer Fest<\/p>\n<p>Ultimo weekend di \u201cFlo\u2019 \u2013 FuoriLuogO\u201d al Casilino Sky Park. Il tetto del parcheggio multipiano nel cuore di Roma Est, ha ospitato eventi per tutto il mese e, nell&#8217;ultimo fine settimana di agosto propone un mix di musica e stand up comedy. Sabato 29 agosto c&#8217;\u00e8 Daniele Fabbri con la sua stand\u2011up comedy, mentre domenica 30 agosto spazio a Only Punk Summer Fest con Wel, Xdiemondx, Tonno, High Disaster e Donkeys. [<a href=\"https:\/\/www.romatoday.it\/eventi\/flo-fuoriluogo-casilino-sky-park-1-30-agosto-2026.html\" rel=\"nofollow noopener\" target=\"_blank\">TUTTE LE INFORMAZIONI<\/a>]<\/p>\n<p>Flora Canto in &#8220;Me la canto e me la sogno\u2026 ancora&#8221;<\/p>\n<p>\u201cMe la canto e me la sogno\u2026 ancora\u201d \u00e8 lo spettacolo di Flora Canto in programma sabato 29 agosto ai Parchi della Colombo, nel quartiere Infernetto. L&#8217;appuntamento, inserito nel cartellone di Estate ai Parchi, \u00e8 un mix di comicit\u00e0, musica e autenticit\u00e0. [<a href=\"https:\/\/www.romatoday.it\/eventi\/flora-canto-in-me-la-canto-e-me-la-sogno-ancora-29-agosto-2026.html\" rel=\"nofollow noopener\" target=\"_blank\">TUTTE LE INFORMAZIONI<\/a>]<\/p>\n<p>Festival della Trippa alla Romana<\/p>\n<p>Torna a Velletri il \u201cFestival della Trippa alla Romana\u201d, l\u2019appuntamento che celebra uno dei piatti pi\u00f9 autentici della tradizione laziale insieme a fettuccine, gnocchi velletrani e vini dei Castelli Romani. L\u2019evento si terr\u00e0 nella vasta area Ex Amore, in via dei Volsci, dal 27 al 30 agosto 2026. Sabato 29 agosto, cucina in diretta alle 19, stand dalle 20 e dopo l\u2019esibizione delle scuole di ballo alle 20.30, il concerto de \u201cI Guaran\u00e0\u201d. Gran finale domenica 30 agosto con attivit\u00e0 da mattina a sera e, alle 21, concerto di Gatto Panceri e dei Ghost con ospiti i Sopr4tonica. [<a href=\"https:\/\/www.romatoday.it\/eventi\/festival-della-trippa-alla-romana-velletri-21-30-agosto-2026.html\" rel=\"nofollow noopener\" target=\"_blank\">TUTTE LE INFORMAZIONI<\/a>]<\/p>\n<p>Vent&#8217;anni del DiVino Etrusco<\/p>\n<p>Il DiVino Etrusco festeggia vent&#8217;anni e torna a Tarquinia con la sua ventesima edizione fino a sabato 29 agosto 2026. il centro storico ospiter\u00e0 un itinerario tra i vini dei territori dell&#8217;antica Dodecapoli etrusca. Le cantine partecipanti proporranno una selezione di etichette rappresentative delle diverse identit\u00e0 territoriali, mentre i sommelier della Fisar Tuscia Viterbese guideranno il pubblico alla scoperta di vitigni, tradizioni e storie del vino. [<a href=\"https:\/\/www.romatoday.it\/eventi\/vent-anni-divino-etrusco-20-29-agosto-2026.html\" rel=\"nofollow noopener\" target=\"_blank\">TUTTE LE INFORMAZIONI<\/a>]<\/p>\n<p>Sagra dell\u2019Agnello a Colle di FuoriLa 53esima Sagra dell\u2019Agnello va in scena a Colle di Fuori dal 28 al 30 agosto. Dai primi piatti, come le fettuccine al rag\u00f9 d\u2019agnello e ai funghi porcini, fino ai grandi protagonisti della tradizione: agnello alla brace, alla cacciatora, arrosticini, coratella e tante altre specialit\u00e0 tutte da gustare. Non mancheranno contorni, panini, proposte per i pi\u00f9 piccoli e piatti pensati per accontentare tutti. [<a href=\"https:\/\/www.romatoday.it\/eventi\/sagra-dell-agnello-colle-di-fuori-21-30-agosto-2026.html\" rel=\"nofollow noopener\" target=\"_blank\">TUTTE LE INFORMAZIONI<\/a>]<\/p>\n<p>\u00a0<\/p>\n","protected":false},"excerpt":{"rendered":"Ultimo fine settimana di agosto, quello del grande rientro dei romani. Il relax si interrompe, la routine si&hellip;\n","protected":false},"author":3,"featured_media":654361,"comment_status":"","ping_status":"","sticky":false,"template":"","format":"standard","meta":{"footnotes":"","_share_on_mastodon":"0"},"categories":[174],"tags":[104060,203,48933,204,1537,90,89,106],"class_list":["post-654360","post","type-post","status-publish","format-standard","has-post-thumbnail","category-intrattenimento","tag-cosa-fare-a-roma","tag-entertainment","tag-eventi-a-roma","tag-intrattenimento","tag-it","tag-italia","tag-italy","tag-weekend"],"share_on_mastodon":{"url":"https:\/\/pubeurope.com\/@it\/117177086748149316","error":""},"_links":{"self":[{"href":"https:\/\/www.europesays.com\/it\/wp-json\/wp\/v2\/posts\/654360","targetHints":{"allow":["GET"]}}],"collection":[{"href":"https:\/\/www.europesays.com\/it\/wp-json\/wp\/v2\/posts"}],"about":[{"href":"https:\/\/www.europesays.com\/it\/wp-json\/wp\/v2\/types\/post"}],"author":[{"embeddable":true,"href":"https:\/\/www.europesays.com\/it\/wp-json\/wp\/v2\/users\/3"}],"replies":[{"embeddable":true,"href":"https:\/\/www.europesays.com\/it\/wp-json\/wp\/v2\/comments?post=654360"}],"version-history":[{"count":0,"href":"https:\/\/www.europesays.com\/it\/wp-json\/wp\/v2\/posts\/654360\/revisions"}],"wp:featuredmedia":[{"embeddable":true,"href":"https:\/\/www.europesays.com\/it\/wp-json\/wp\/v2\/media\/654361"}],"wp:attachment":[{"href":"https:\/\/www.europesays.com\/it\/wp-json\/wp\/v2\/media?parent=654360"}],"wp:term":[{"taxonomy":"category","embeddable":true,"href":"https:\/\/www.europesays.com\/it\/wp-json\/wp\/v2\/categories?post=654360"},{"taxonomy":"post_tag","embeddable":true,"href":"https:\/\/www.europesays.com\/it\/wp-json\/wp\/v2\/tags?post=654360"}],"curies":[{"name":"wp","href":"https:\/\/api.w.org\/{rel}","templated":true}]}}