{"id":654410,"date":"2026-08-29T05:53:14","date_gmt":"2026-08-29T05:53:14","guid":{"rendered":"https:\/\/www.europesays.com\/it\/654410\/"},"modified":"2026-08-29T05:53:14","modified_gmt":"2026-08-29T05:53:14","slug":"turismo-percorso-ciclabile-e-albergo-diffuso","status":"publish","type":"post","link":"https:\/\/www.europesays.com\/it\/654410\/","title":{"rendered":"Turismo, percorso ciclabile e albergo diffuso"},"content":{"rendered":"<p>Tre Comuni, due progetti, un\u2019unica strategia: valorizzare il territorio facendo squadra per realizzare un <strong>percorso ciclabile<\/strong> ed un <strong>albergo diffuso<\/strong> a beneficio dell\u2019accoglienza turistica. Cos\u00ec nell\u2019ambito del bando <strong>Borghi Accoglienti<\/strong> nasce la sinergia tra <strong>Monte Rinaldo<\/strong>, Montottone e Ortezzano, un esempio di unione di intenti per costruire un\u2019offerta turistica capace di superare i confini dei singoli paesi.<\/p>\n<p>I due interventi puntano da una parte sul cicloturismo e dall\u2019altra sull\u2019accoglienza, attraverso la realizzazione di un albergo diffuso. Il primo progetto \u00e8 gi\u00e0 nella fase preliminare di esecuzione e riguarda l\u2019individuazione di un percorso ciclabile intercomunale. Si tratta della definizione di un itinerario da rendere facilmente fruibile dai ciclisti, collegando i tre Comuni e innestandosi sulle ciclovie che altri territori stanno realizzando anche autonomamente. L\u2019investimento, di circa 40 mila euro, \u00e8 interamente finanziato dal bando e non comporta costi per le amministrazioni.<\/p>\n<p>Della gestione si occuper\u00e0 una societ\u00e0 affidataria che compartecipa alle spese di realizzazione e curer\u00e0 il coordinamento della mappatura, mentre i Comuni saranno chiamati principalmente all\u2019installazione della segnaletica e dei pannelli. In virt\u00f9 del progetto prossimo a divenire realt\u00e0, il Comune di Monte Rinaldo ha scelto di investire risorse proprie per rendere il percorso ancora pi\u00f9 attrattivo, installando due punti di ricarica per biciclette elettriche, uno nel centro storico e l\u2019altro nell\u2019area archeologica. Chi si fermer\u00e0 potr\u00e0 cos\u00ec usufruire di un\u2019area di ristoro e scoprire le bellezze del territorio. Gli itinerari saranno studiati anche per accompagnare i cicloturisti verso le attivit\u00e0 ricettive e produttive presenti nei tre Comuni.<\/p>\n<p>Il secondo progetto riguarda invece l\u2019albergo diffuso, con l\u2019individuazione di proprietari di immobili privati interessati a mettere le proprie abitazioni a disposizione della nuova forma di accoglienza turistica. Il modello prevede un unico gestore, incaricato di coordinare professionalmente gli immobili, occuparsi della ricettivit\u00e0 e promuovere iniziative e servizi attraverso le piattaforme dedicate.<\/p>\n<p>&#8220;Per i Comuni \u2013 commenta il sindaco di Monte Rinaldo Gianmario Borroni \u2013 il vantaggio \u00e8 duplice: dare un\u2019identit\u00e0 turistica riconoscibile ai borghi e affidare la gestione a un unico operatore, evitando una ricettivit\u00e0 frammentata&#8221;. Due progetti diversi dunque, ma legati dalla stessa filosofia: unire le forze per trasformare tre piccoli borghi in una destinazione pi\u00f9 attrattiva, accessibile e organizzata, valorizzando ci\u00f2 che ciascuno possiede mettendolo a disposizione di un territorio pi\u00f9 ampio.<\/p>\n<p>Paola Pieragostini<\/p>\n","protected":false},"excerpt":{"rendered":"Tre Comuni, due progetti, un\u2019unica strategia: valorizzare il territorio facendo squadra per realizzare un percorso ciclabile ed un&hellip;\n","protected":false},"author":3,"featured_media":654411,"comment_status":"","ping_status":"","sticky":false,"template":"","format":"standard","meta":{"footnotes":"","_share_on_mastodon":"0"},"categories":[1456],"tags":[13029,692,1824,1825,3636,1537,90,89,491,245,244,2062],"class_list":["post-654410","post","type-post","status-publish","format-standard","has-post-thumbnail","category-ciclismo","tag-albergo","tag-ciclabile","tag-ciclismo","tag-cycling","tag-diffuso","tag-it","tag-italia","tag-italy","tag-percorso","tag-sport","tag-sports","tag-turismo"],"share_on_mastodon":{"url":"https:\/\/pubeurope.com\/@it\/117177247819244358","error":""},"_links":{"self":[{"href":"https:\/\/www.europesays.com\/it\/wp-json\/wp\/v2\/posts\/654410","targetHints":{"allow":["GET"]}}],"collection":[{"href":"https:\/\/www.europesays.com\/it\/wp-json\/wp\/v2\/posts"}],"about":[{"href":"https:\/\/www.europesays.com\/it\/wp-json\/wp\/v2\/types\/post"}],"author":[{"embeddable":true,"href":"https:\/\/www.europesays.com\/it\/wp-json\/wp\/v2\/users\/3"}],"replies":[{"embeddable":true,"href":"https:\/\/www.europesays.com\/it\/wp-json\/wp\/v2\/comments?post=654410"}],"version-history":[{"count":0,"href":"https:\/\/www.europesays.com\/it\/wp-json\/wp\/v2\/posts\/654410\/revisions"}],"wp:featuredmedia":[{"embeddable":true,"href":"https:\/\/www.europesays.com\/it\/wp-json\/wp\/v2\/media\/654411"}],"wp:attachment":[{"href":"https:\/\/www.europesays.com\/it\/wp-json\/wp\/v2\/media?parent=654410"}],"wp:term":[{"taxonomy":"category","embeddable":true,"href":"https:\/\/www.europesays.com\/it\/wp-json\/wp\/v2\/categories?post=654410"},{"taxonomy":"post_tag","embeddable":true,"href":"https:\/\/www.europesays.com\/it\/wp-json\/wp\/v2\/tags?post=654410"}],"curies":[{"name":"wp","href":"https:\/\/api.w.org\/{rel}","templated":true}]}}