{"id":654436,"date":"2026-08-29T06:10:15","date_gmt":"2026-08-29T06:10:15","guid":{"rendered":"https:\/\/www.europesays.com\/it\/654436\/"},"modified":"2026-08-29T06:10:15","modified_gmt":"2026-08-29T06:10:15","slug":"meteo-le-previsioni-della-protezione-civile-per-il-fine-settimana-2","status":"publish","type":"post","link":"https:\/\/www.europesays.com\/it\/654436\/","title":{"rendered":"Meteo, le previsioni della protezione civile per il fine settimana"},"content":{"rendered":"<p>Che tempo far\u00e0 nel fine settimana. Ecco le previsioni meteo per sabato 29 e domenica 30 agosto, pubblicate sul sito della protezione civile della Regione Umbria e aggiornate al 28 agosto.\u00a0<\/p>\n<p>Per quanto riguarda la situazione sinottica generale, si legge sul sito, \u201cl&#8217;alta pressione africana sta cedendo progressivamente sotto la spinta di una profonda saccatura atlantica pilotata da un vortice depressionario sul Mare del Nord (1000 hPa) a cui \u00e8 associato un complesso sistema frontale che si estende fino al Marocco Settentrionale. Oggi avremo decisa instabilit\u00e0 al Nord Italia, mentre domani verranno interessate le regioni centrali, ma con fenomeni di minore entit\u00e0\u201d.\u00a0<\/p>\n<p>Per quanto riguarda l&#8217;Umbria sabato 29 agosto \u201cirregolarmente nuvoloso con precipitazioni isolate o brevi rovesci al mattino sui settori settentrionali e, nel pomeriggio, su tutta la regione, anche a carattere di breve rovescio. Migliora in serata. Venti: da deboli a moderati dai quadranti meridionali. Rinforzi di Libeccio nel pomeriggio fino a forti sui settori orientali. Temperature: in sensibile diminuzione\u201d.\u00a0<\/p>\n<p>Domenica 30 agosto \u201ctempo stabile e soleggiato. Venti: deboli o moderati dai quadranti settentrionali. Temperature: minime in sensibile diminuzione, massime in sensibile aumento\u201d.<\/p>\n","protected":false},"excerpt":{"rendered":"Che tempo far\u00e0 nel fine settimana. Ecco le previsioni meteo per sabato 29 e domenica 30 agosto, pubblicate&hellip;\n","protected":false},"author":3,"featured_media":653683,"comment_status":"","ping_status":"","sticky":false,"template":"","format":"standard","meta":{"footnotes":"","_share_on_mastodon":"0"},"categories":[79],"tags":[14,93,94,1537,90,89,419,7,15,5065,11,84,91,12,85,92],"class_list":["post-654436","post","type-post","status-publish","format-standard","has-post-thumbnail","category-italia","tag-cronaca","tag-cronaca-italiana","tag-cronacaitaliana","tag-it","tag-italia","tag-italy","tag-meteo","tag-news","tag-notizie","tag-previsioni","tag-ultime-notizie","tag-ultime-notizie-e-news-di-oggi","tag-ultime-notizie-italia","tag-ultimenotizie","tag-ultimenotizieenewsdioggi","tag-ultimenotizieitalia"],"share_on_mastodon":{"url":"https:\/\/pubeurope.com\/@it\/117177314594564995","error":""},"_links":{"self":[{"href":"https:\/\/www.europesays.com\/it\/wp-json\/wp\/v2\/posts\/654436","targetHints":{"allow":["GET"]}}],"collection":[{"href":"https:\/\/www.europesays.com\/it\/wp-json\/wp\/v2\/posts"}],"about":[{"href":"https:\/\/www.europesays.com\/it\/wp-json\/wp\/v2\/types\/post"}],"author":[{"embeddable":true,"href":"https:\/\/www.europesays.com\/it\/wp-json\/wp\/v2\/users\/3"}],"replies":[{"embeddable":true,"href":"https:\/\/www.europesays.com\/it\/wp-json\/wp\/v2\/comments?post=654436"}],"version-history":[{"count":0,"href":"https:\/\/www.europesays.com\/it\/wp-json\/wp\/v2\/posts\/654436\/revisions"}],"wp:featuredmedia":[{"embeddable":true,"href":"https:\/\/www.europesays.com\/it\/wp-json\/wp\/v2\/media\/653683"}],"wp:attachment":[{"href":"https:\/\/www.europesays.com\/it\/wp-json\/wp\/v2\/media?parent=654436"}],"wp:term":[{"taxonomy":"category","embeddable":true,"href":"https:\/\/www.europesays.com\/it\/wp-json\/wp\/v2\/categories?post=654436"},{"taxonomy":"post_tag","embeddable":true,"href":"https:\/\/www.europesays.com\/it\/wp-json\/wp\/v2\/tags?post=654436"}],"curies":[{"name":"wp","href":"https:\/\/api.w.org\/{rel}","templated":true}]}}