{"id":654475,"date":"2026-08-29T06:49:20","date_gmt":"2026-08-29T06:49:20","guid":{"rendered":"https:\/\/www.europesays.com\/it\/654475\/"},"modified":"2026-08-29T06:49:20","modified_gmt":"2026-08-29T06:49:20","slug":"zlatanov-ce-un-grande-entusiasmo-ma-con-una-squadra-giovane-il-rischio-e-di-voler-strafare-video","status":"publish","type":"post","link":"https:\/\/www.europesays.com\/it\/654475\/","title":{"rendered":"Zlatanov: \u00abC&#8217;\u00e8 un grande entusiasmo, ma con una squadra giovane il rischio \u00e8 di voler strafare\u00bb. VIDEO"},"content":{"rendered":"<p>E\u2019 a due passi dalle nozze d\u2019argento con Piacenza. Nel 2003 il suo primo raduno come giocatore con la maglia biancorossa, ora da direttore generale vive il giorno della ripresa della stagione numero 23. Hristo Zlatanov ha lasciato il campo nel 2019 ma ancora oggi in tanti nei palazzetti chiedono una foto con lui. Adesso dirige da dietro la scrivania, ma il richiamo del terreno di gioco resta comunque alto, cos\u00ec nel primo giorno in cui si aprono le porte del PalabancaSport c\u2019\u00e8 anche lui a seguire l\u2019allenamento della Gas Sales Bluenergy.<\/p>\n<p><strong>Con che spirito inizia la nuova annata in biancorosso?<\/strong><\/p>\n<p>\u00abSempre migliore rispetto all\u2019anno precedente, perch\u00e9 vogliamo continuare a crescere creando le condizioni ideali per far migliorare i ragazzi. Come societ\u00e0 abbiamo fatto parecchia strada, ogni stagione alziamo l\u2019asticella con tutta la struttura, non solo con la prima squadra; con grande orgoglio possiamo affermare di essere fra le migliori in Italia\u00bb.<\/p>\n<p><strong>Una squadra che in estate \u00e8 cambiata parecchio, perdendo elementi importanti e trovandone altri.<\/strong><\/p>\n<p>\u00abSenza dubbio abbiamo portato in rosa giocatori ugualmente validi rispetto a chi ci ha lasciato. Sono convinto ci saranno tante piacevoli sorprese; abbiamo avuto qualche difficolt\u00e0 durante il mercato, questo lo sanno tutti, ma le abbiamo risolte in maniera egregia. Adesso Piacenza \u00e8 una delle formazioni pi\u00f9 giovani della Superlega, arricchita da qualche giocatore esperto; siamo alla ricerca della perfezione\u00bb.<\/p>\n<p><strong>Ogni anno si punta a fare meglio del precedente, questa volta non sar\u00e0 semplice.<\/strong><\/p>\n<p>\u00abAssolutamente no. Come societ\u00e0 ci siamo rinforzati, adesso lavoreremo per ottenere i risultati migliori possibili. L\u2019ultima parola ce l\u2019ha sempre il campo, ma l\u2019entusiasmo non manca e questo \u00e8 uno dei nostri obiettivi: cercare di coinvolgere sempre di pi\u00f9 la gente\u00bb.<\/p>\n<p><strong>Quest\u2019anno arriva in Superlega vestendo il biancorosso probabilmente il primo vero prodotto del settore giovanile: tuo figlio Manuel.<\/strong><\/p>\n<p>\u00abE\u2019 nato qui, ha fatto la gavetta a Ravenna in A2 con dei buoni risultati meritandosi la promozione. Siamo felici e orgogliosi di averlo in squadra, adesso tocca a lui fare il meglio possibile\u00bb<\/p>\n<p><strong>Siete una squadra giovanissima; i vantaggi saranno tanti ma quali possono essere i problemi?<\/strong><\/p>\n<p>\u00abL\u2019eccessivo entusiasmo perch\u00e9 cercando di strafare a volte si sbaglia. Vedo che gi\u00e0 dal primo allenamento alcuni ragazzi stanno saltando oltre il dovuto. Invece bisogna dosare le forze, non disperderle e concentrarsi solamente su quello che succede in campo\u00bb.<\/p>\n","protected":false},"excerpt":{"rendered":"E\u2019 a due passi dalle nozze d\u2019argento con Piacenza. Nel 2003 il suo primo raduno come giocatore con&hellip;\n","protected":false},"author":3,"featured_media":654476,"comment_status":"","ping_status":"","sticky":false,"template":"","format":"standard","meta":{"footnotes":"","_share_on_mastodon":"0"},"categories":[1474],"tags":[18202,361035,1537,90,89,245,244,9406,1869],"class_list":["post-654475","post","type-post","status-publish","format-standard","has-post-thumbnail","category-volley","tag-gas-sales-bluenergy","tag-hristo-zlatanov","tag-it","tag-italia","tag-italy","tag-sport","tag-sports","tag-superlega","tag-volley"],"share_on_mastodon":{"url":"https:\/\/pubeurope.com\/@it\/117177468021373482","error":""},"_links":{"self":[{"href":"https:\/\/www.europesays.com\/it\/wp-json\/wp\/v2\/posts\/654475","targetHints":{"allow":["GET"]}}],"collection":[{"href":"https:\/\/www.europesays.com\/it\/wp-json\/wp\/v2\/posts"}],"about":[{"href":"https:\/\/www.europesays.com\/it\/wp-json\/wp\/v2\/types\/post"}],"author":[{"embeddable":true,"href":"https:\/\/www.europesays.com\/it\/wp-json\/wp\/v2\/users\/3"}],"replies":[{"embeddable":true,"href":"https:\/\/www.europesays.com\/it\/wp-json\/wp\/v2\/comments?post=654475"}],"version-history":[{"count":0,"href":"https:\/\/www.europesays.com\/it\/wp-json\/wp\/v2\/posts\/654475\/revisions"}],"wp:featuredmedia":[{"embeddable":true,"href":"https:\/\/www.europesays.com\/it\/wp-json\/wp\/v2\/media\/654476"}],"wp:attachment":[{"href":"https:\/\/www.europesays.com\/it\/wp-json\/wp\/v2\/media?parent=654475"}],"wp:term":[{"taxonomy":"category","embeddable":true,"href":"https:\/\/www.europesays.com\/it\/wp-json\/wp\/v2\/categories?post=654475"},{"taxonomy":"post_tag","embeddable":true,"href":"https:\/\/www.europesays.com\/it\/wp-json\/wp\/v2\/tags?post=654475"}],"curies":[{"name":"wp","href":"https:\/\/api.w.org\/{rel}","templated":true}]}}