{"id":654496,"date":"2026-08-29T07:06:17","date_gmt":"2026-08-29T07:06:17","guid":{"rendered":"https:\/\/www.europesays.com\/it\/654496\/"},"modified":"2026-08-29T07:06:17","modified_gmt":"2026-08-29T07:06:17","slug":"oroscopo-della-settimana-dal-31-agosto-al-6-settembre-2026-gemelli-vivace-bilancia-magnetica-pesci-via-i-dubbi","status":"publish","type":"post","link":"https:\/\/www.europesays.com\/it\/654496\/","title":{"rendered":"Oroscopo della settimana dal 31 agosto al 6 settembre 2026: Gemelli vivace, Bilancia magnetica. Pesci? Via i dubbi"},"content":{"rendered":"<p><strong>La settimana dal 31 agosto al 6 settembre 2026<\/strong> porta con s\u00e9 il bisogno di riorganizzarsi. Rimettere in ordine le priorit\u00e0 aiuta a superare le incertezze e regala ai sentimenti il giusto clima per crescere.<\/p>\n<p>  <strong>Il cielo della settimana<\/strong> <\/p>\n<p>Sole e Mercurio in Vergine focalizzano l&#8217;attenzione sull&#8217;organizzazione e sulla chiarezza di idee: riordinare la routine quotidiana \u00e8 il primo passo da fare. Venere in Bilancia porta grazia e facilit\u00e0 nei rapporti interpersonali. Marte in Cancro muove le emozioni pi\u00f9 profonde, spingendo a proteggere gli affetti pi\u00f9 cari con grande energia. Giove in Leone mantiene vivo l&#8217;entusiasmo, mentre Urano in Gemelli accende la curiosit\u00e0 verso novit\u00e0 improvvise. La Luna comincia il suo percorso in Ariete (31 agosto &#8211; 1 settembre), regalando una partenza grintosa. Il 2 e 3 settembre transita in Toro, infondendo calma e stabilit\u00e0. Il 4 e 5 settembre si sposta in Gemelli, rendendo la comunicazione pi\u00f9 dinamica, per poi chiudere la settimana il 6 settembre in Cancro, riportando il focus verso l&#8217;intimit\u00e0 di casa.<\/p>\n","protected":false},"excerpt":{"rendered":"La settimana dal 31 agosto al 6 settembre 2026 porta con s\u00e9 il bisogno di riorganizzarsi. Rimettere in&hellip;\n","protected":false},"author":3,"featured_media":654497,"comment_status":"","ping_status":"","sticky":false,"template":"","format":"standard","meta":{"footnotes":"","_share_on_mastodon":"0"},"categories":[174],"tags":[203,204,1537,90,89,2660,329163,25673,81205],"class_list":["post-654496","post","type-post","status-publish","format-standard","has-post-thumbnail","category-intrattenimento","tag-entertainment","tag-intrattenimento","tag-it","tag-italia","tag-italy","tag-oroscopo","tag-oroscopo-agosto","tag-oroscopo-della-settimana","tag-oroscopo-settembre"],"share_on_mastodon":{"url":"https:\/\/pubeurope.com\/@it\/117177534627851760","error":""},"_links":{"self":[{"href":"https:\/\/www.europesays.com\/it\/wp-json\/wp\/v2\/posts\/654496","targetHints":{"allow":["GET"]}}],"collection":[{"href":"https:\/\/www.europesays.com\/it\/wp-json\/wp\/v2\/posts"}],"about":[{"href":"https:\/\/www.europesays.com\/it\/wp-json\/wp\/v2\/types\/post"}],"author":[{"embeddable":true,"href":"https:\/\/www.europesays.com\/it\/wp-json\/wp\/v2\/users\/3"}],"replies":[{"embeddable":true,"href":"https:\/\/www.europesays.com\/it\/wp-json\/wp\/v2\/comments?post=654496"}],"version-history":[{"count":0,"href":"https:\/\/www.europesays.com\/it\/wp-json\/wp\/v2\/posts\/654496\/revisions"}],"wp:featuredmedia":[{"embeddable":true,"href":"https:\/\/www.europesays.com\/it\/wp-json\/wp\/v2\/media\/654497"}],"wp:attachment":[{"href":"https:\/\/www.europesays.com\/it\/wp-json\/wp\/v2\/media?parent=654496"}],"wp:term":[{"taxonomy":"category","embeddable":true,"href":"https:\/\/www.europesays.com\/it\/wp-json\/wp\/v2\/categories?post=654496"},{"taxonomy":"post_tag","embeddable":true,"href":"https:\/\/www.europesays.com\/it\/wp-json\/wp\/v2\/tags?post=654496"}],"curies":[{"name":"wp","href":"https:\/\/api.w.org\/{rel}","templated":true}]}}