{"id":654586,"date":"2026-08-29T08:17:15","date_gmt":"2026-08-29T08:17:15","guid":{"rendered":"https:\/\/www.europesays.com\/it\/654586\/"},"modified":"2026-08-29T08:17:15","modified_gmt":"2026-08-29T08:17:15","slug":"derthona-e-cantu-scrimmage-di-alto-livello-ma-a-porte-ancora-chiuse","status":"publish","type":"post","link":"https:\/\/www.europesays.com\/it\/654586\/","title":{"rendered":"Derthona e Cant\u00f9: scrimmage di alto livello ma a porte ancora chiuse"},"content":{"rendered":"<p>La preseason della stagione 2026-2027 entra nel vivo e oggi, alle 17:30, la squadra bianconera torna nella Cittadella dello Sport per un test che segna un salto di livello.<\/p>\n<p><a href=\"https:\/\/www.pianetabasket.com\/pallacanestro-cantu\" title=\"Pallacanestro Cant\u00f9\" rel=\"nofollow noopener\" target=\"_blank\">Pallacanestro Cant\u00f9<\/a> sar\u00e0 l\u2019avversaria del terzo scrimmage della preparazione della <a href=\"https:\/\/www.pianetabasket.com\/bertram-derthona\" title=\"Bertram Derthona\" rel=\"nofollow noopener\" target=\"_blank\">Bertram Derthona<\/a>, un confronto che si svolger\u00e0 a porte chiuse e del quale verr\u00e0 comunicato soltanto l\u2019essenziale: non sar\u00e0 diffuso nemmeno il risultato finale. Una scelta che conferma la natura di queste partite, pensate per lavorare sui dettagli pi\u00f9 che per alimentare la narrativa del punteggio.<\/p>\n<p>Come da consuetudine, la formula prevede l\u2019azzeramento del punteggio al termine di ogni quarto e il non conteggio dei falli, cos\u00ec da permettere agli staff tecnici di concentrarsi su rotazioni, collaborazioni e prime tracce tattiche. \u00c8 un passaggio fondamentale per costruire identit\u00e0 e ritmo, soprattutto in una fase in cui la condizione fisica \u00e8 ancora in evoluzione.<\/p>\n<p>Per i bianconeri si tratta del primo confronto estivo con una squadra di Serie A, un test che arriva dopo il convincente 93-50 contro l\u2019Urania Milano, una prova caratterizzata da intensit\u00e0 difensiva, atletismo e buona circolazione di palla (<a href=\"https:\/\/www.pianetabasket.com\/legabasket-serie-a\/derthona-netta-vittoria-al-debutto-a-tortona-battuta-lurania-milano-cronaca-e-tabellini\" target=\"_self\" rel=\"nofollow noopener\">qui il commento di Fioretti<\/a>). Oggi, per\u00f2, il livello della verifica sar\u00e0 inevitabilmente pi\u00f9 alto: Cant\u00f9 porta fisicit\u00e0, struttura e qualit\u00e0 tecnica superiori, elementi che renderanno la sfida pi\u00f9 impegnativa sia sul piano tattico che su quello dell\u2019impatto.<\/p>\n<p>La formazione lombarda ha iniziato la preparazione il 17 agosto e quello odierno rappresenta il suo scrimmage inaugurale. Il gruppo guidato dal nuovo coach Frank Vitucci si presenta con diverse novit\u00e0, tra cui l\u2019arrivo dell\u2019ex bianconero Semaj Christon, giocatore capace di dare ordine, ritmo e pericolosit\u00e0 offensiva.<\/p>\n<p>Per i bianconeri sar\u00e0 un\u2019occasione preziosa per misurare la propria crescita contro un\u2019avversaria di categoria superiore, verificare la tenuta fisica e osservare come il gruppo risponde a un contesto pi\u00f9 probante. La preseason serve proprio a questo: alzare gradualmente l\u2019asticella, capire dove intervenire e accelerare il percorso verso il campionato.<\/p>\n","protected":false},"excerpt":{"rendered":"La preseason della stagione 2026-2027 entra nel vivo e oggi, alle 17:30, la squadra bianconera torna nella Cittadella&hellip;\n","protected":false},"author":3,"featured_media":654587,"comment_status":"","ping_status":"","sticky":false,"template":"","format":"standard","meta":{"footnotes":"","_share_on_mastodon":"0"},"categories":[1453],"tags":[1756,1757,9460,1537,90,89,54750,1760,245,244],"class_list":["post-654586","post","type-post","status-publish","format-standard","has-post-thumbnail","category-basket","tag-basket","tag-basketball","tag-bertram-derthona","tag-it","tag-italia","tag-italy","tag-legabasket-serie-a","tag-pallacanestro-cantu","tag-sport","tag-sports"],"share_on_mastodon":{"url":"https:\/\/pubeurope.com\/@it\/117177814138661366","error":""},"_links":{"self":[{"href":"https:\/\/www.europesays.com\/it\/wp-json\/wp\/v2\/posts\/654586","targetHints":{"allow":["GET"]}}],"collection":[{"href":"https:\/\/www.europesays.com\/it\/wp-json\/wp\/v2\/posts"}],"about":[{"href":"https:\/\/www.europesays.com\/it\/wp-json\/wp\/v2\/types\/post"}],"author":[{"embeddable":true,"href":"https:\/\/www.europesays.com\/it\/wp-json\/wp\/v2\/users\/3"}],"replies":[{"embeddable":true,"href":"https:\/\/www.europesays.com\/it\/wp-json\/wp\/v2\/comments?post=654586"}],"version-history":[{"count":0,"href":"https:\/\/www.europesays.com\/it\/wp-json\/wp\/v2\/posts\/654586\/revisions"}],"wp:featuredmedia":[{"embeddable":true,"href":"https:\/\/www.europesays.com\/it\/wp-json\/wp\/v2\/media\/654587"}],"wp:attachment":[{"href":"https:\/\/www.europesays.com\/it\/wp-json\/wp\/v2\/media?parent=654586"}],"wp:term":[{"taxonomy":"category","embeddable":true,"href":"https:\/\/www.europesays.com\/it\/wp-json\/wp\/v2\/categories?post=654586"},{"taxonomy":"post_tag","embeddable":true,"href":"https:\/\/www.europesays.com\/it\/wp-json\/wp\/v2\/tags?post=654586"}],"curies":[{"name":"wp","href":"https:\/\/api.w.org\/{rel}","templated":true}]}}