{"id":654588,"date":"2026-08-29T08:18:38","date_gmt":"2026-08-29T08:18:38","guid":{"rendered":"https:\/\/www.europesays.com\/it\/654588\/"},"modified":"2026-08-29T08:18:38","modified_gmt":"2026-08-29T08:18:38","slug":"milan-perche-la-vittoria-sofferta-col-venezia-serve-piu-di-una-goleada","status":"publish","type":"post","link":"https:\/\/www.europesays.com\/it\/654588\/","title":{"rendered":"Milan, perch\u00e9 la vittoria sofferta col Venezia serve pi\u00f9 di una goleada"},"content":{"rendered":"<p>                        Per costruire una squadra forte il tecnico rossonero ha deciso di creare prima un gruppo coeso. Ci sono tante cose da sistemare, ma c&#8217;\u00e8 fiducia nel nuovo percorso: bisogna dare tempo ad Amorim senza fissare scadenze<\/p>\n<p class=\"has-first-letter\">Franco Baresi non sprecava le parole e sapeva dare il giusto peso a ogni risultato. Ieri, se fosse stato nello spogliatoio del Milan e non nei pensieri di tutti i tifosi che l\u2019hanno ricordato prima del fischio d\u2019inizio, avrebbe liquidato in fretta le difficolt\u00e0 della prestazione e avrebbe trasmesso l\u2019importanza della vittoria. Ruben Amorim, probabilmente, far\u00e0 lo stesso: non gli saranno sfuggiti i problemi emersi durante la gara con il Venezia (meno positiva del debutto con il Torino), ma preparare la prossima sfida contro la Juve con sei punti in classifica e zero gol al passivo \u00e8 un po\u2019 pi\u00f9 facile.  Il percorso per ridare competitivit\u00e0 al Milan \u00e8 lungo, ma un passo alla volta si fa il giro del mondo. L\u2019impressione \u00e8 che i rossoneri siano in marcia e non pi\u00f9 fermi come negli ultimi anni. Dove arriveranno, si vedr\u00e0.<\/p>\n","protected":false},"excerpt":{"rendered":"Per costruire una squadra forte il tecnico rossonero ha deciso di creare prima un gruppo coeso. Ci sono&hellip;\n","protected":false},"author":3,"featured_media":654589,"comment_status":"","ping_status":"","sticky":false,"template":"","format":"standard","meta":{"footnotes":"","_share_on_mastodon":"0"},"categories":[1452],"tags":[50020,26779,3439,721,122,4933,32709,361146,2665,2276,3059,361147,5376,2606,1740,3440,643,26780,3412,1976,50736,48,1537,90,89,565,3776,963,553,10280,5385,491,31026,160985,40409,1292,21556,3094,60000,2181,1739,245,244,1857,222,2224],"class_list":["post-654588","post","type-post","status-publish","format-standard","has-post-thumbnail","category-calcio","tag-amorim","tag-baresi","tag-bisogna","tag-calcio","tag-cose","tag-costruire","tag-costruire-squadra","tag-costruire-squadra-forte","tag-creare","tag-dare","tag-deciso","tag-deciso-creare","tag-difficolta","tag-facile","tag-football","tag-forte","tag-franco","tag-franco-baresi","tag-giocatori","tag-gol","tag-goleada","tag-importante","tag-it","tag-italia","tag-italy","tag-juve","tag-lavorare","tag-mettere","tag-milan","tag-pazienza","tag-pensare","tag-percorso","tag-piazzamento","tag-potenzialita","tag-puntare","tag-punti","tag-raccogliere","tag-rossoneri","tag-scadenze","tag-serve","tag-soccer","tag-sport","tag-sports","tag-squadra","tag-venezia","tag-vittoria"],"share_on_mastodon":{"url":"","error":"Validation failed: Text character limit of 500 exceeded"},"_links":{"self":[{"href":"https:\/\/www.europesays.com\/it\/wp-json\/wp\/v2\/posts\/654588","targetHints":{"allow":["GET"]}}],"collection":[{"href":"https:\/\/www.europesays.com\/it\/wp-json\/wp\/v2\/posts"}],"about":[{"href":"https:\/\/www.europesays.com\/it\/wp-json\/wp\/v2\/types\/post"}],"author":[{"embeddable":true,"href":"https:\/\/www.europesays.com\/it\/wp-json\/wp\/v2\/users\/3"}],"replies":[{"embeddable":true,"href":"https:\/\/www.europesays.com\/it\/wp-json\/wp\/v2\/comments?post=654588"}],"version-history":[{"count":0,"href":"https:\/\/www.europesays.com\/it\/wp-json\/wp\/v2\/posts\/654588\/revisions"}],"wp:featuredmedia":[{"embeddable":true,"href":"https:\/\/www.europesays.com\/it\/wp-json\/wp\/v2\/media\/654589"}],"wp:attachment":[{"href":"https:\/\/www.europesays.com\/it\/wp-json\/wp\/v2\/media?parent=654588"}],"wp:term":[{"taxonomy":"category","embeddable":true,"href":"https:\/\/www.europesays.com\/it\/wp-json\/wp\/v2\/categories?post=654588"},{"taxonomy":"post_tag","embeddable":true,"href":"https:\/\/www.europesays.com\/it\/wp-json\/wp\/v2\/tags?post=654588"}],"curies":[{"name":"wp","href":"https:\/\/api.w.org\/{rel}","templated":true}]}}