{"id":654590,"date":"2026-08-29T08:19:18","date_gmt":"2026-08-29T08:19:18","guid":{"rendered":"https:\/\/www.europesays.com\/it\/654590\/"},"modified":"2026-08-29T08:19:18","modified_gmt":"2026-08-29T08:19:18","slug":"ilary-blasi-quasi-sposa-in-attesa-di-scoprire-labito-bianco-che-indossera-per-bastian-ricordiamo-il-suo-primo-wedding-dress-quello-che-ha-fatto-epoca-in-campidoglio","status":"publish","type":"post","link":"https:\/\/www.europesays.com\/it\/654590\/","title":{"rendered":"Ilary Blasi (quasi) sposa. In attesa di scoprire l&#8217;abito bianco che indosser\u00e0 per Bastian, ricordiamo il suo primo wedding dress. Quello che ha fatto epoca in Campidoglio"},"content":{"rendered":"<p>Secondo le ultime indiscrezioni <a href=\"https:\/\/www.vanityfair.it\/article\/ilary-blasi-bastian-muller-pronti-nozze-13-settembre-costiera-amalfitana\" target=\"_blank\" rel=\"nofollow noopener\"><strong>la coppia, infatti, si sposer\u00e0 il prossimo 13 settembre presso l&#8217;incantevole Villa Cimbrone, a Ravello, sulla Costiera Amalfitana<\/strong><\/a>. Una location da sogno, rinomata per i suoi\u00a0giardini secolari e per la sua Terrazza dell&#8217;infinito, dove i due avevano soggiornato proprio un anno fa. L&#8217;attesa, insomma, per questo grande giorno che si preannuncia intriso di romanticismo cresce, cos\u00ec come <strong>la curiosit\u00e0 sull&#8217;abito che Ilary Blasi indosser\u00e0 per giurare amore eterno all&#8217;imprenditore tedesco.<\/strong><\/p>\n<p>\u00c8 difficile fare previsioni stilistiche, ma siamo certi che la conduttrice sapr\u00e0 lasciare il segno e che, molto probabilmente, cambier\u00e0 completamente rotta fashion rispetto <a href=\"https:\/\/www.vanityfair.it\/gallery\/abiti-sposa-anni-2000-celeb-look-moda-foto\" target=\"_blank\" rel=\"nofollow noopener\">al primo abito bianco indossato per il matrimonio con Totti<\/a>, una creazione, che va detto, ha anticipato i trend visto che oggi, guardandolo bene, funzionerebbe alla perfezione. In attesa, dunque, di scoprire che cosa Ilary tirer\u00e0 fuori dal cilindro fashion per le imminenti nozze con M\u00fcller, <strong>ricordiamo in tutti i suoi dettagli quello scelto per il matrimonio con Francesco Totti.<\/strong><\/p>\n<p><img decoding=\"async\" alt=\"Ilary Blasi e Francesco Totti 19 giugno 2005.\" loading=\"lazy\" class=\"ResponsiveImageContainer-dkeESL cQPiWi responsive-image__image\"   src=\"https:\/\/www.europesays.com\/it\/wp-content\/uploads\/2026\/08\/1290654240.jpeg\"\/><\/p>\n<p>Ilary Blasi e Francesco Totti, 19 giugno 2005.<\/p>\n<p>Mondadori Portfolio\/Getty ImagesL&#8217;eleganza essenziale firmata Giorgio Armani<\/p>\n<p>Per il suo \u00abs\u00ec\u00bb a Francesco Totti, Ilary Blasi si affid\u00f2 nientemeno che a <strong>Giorgio Armani<\/strong> che tagli\u00f2 e cuc\u00ec per lei un incantevole abito su misura dal tono avorio e dalla linea scivolata impreziosita da un leggero strascico quasi a regalare un pizzico di sontuosit\u00e0, ma senza eccessi. Una creazione che era un inno alla pi\u00f9 pura essenzialit\u00e0, spezzata solo dalle spalline gioiello pronte a incrociarsi sulla schiena, e dal profondo scollo a cuore. Una soluzione che per la sua linearit\u00e0 e semplicit\u00e0 sembra essere figlia dei giorni nostri, ricordando a suo modo un raffinato slip dress.<\/p>\n","protected":false},"excerpt":{"rendered":"Secondo le ultime indiscrezioni la coppia, infatti, si sposer\u00e0 il prossimo 13 settembre presso l&#8217;incantevole Villa Cimbrone, a&hellip;\n","protected":false},"author":3,"featured_media":654591,"comment_status":"","ping_status":"","sticky":false,"template":"","format":"standard","meta":{"footnotes":"","_share_on_mastodon":"0"},"categories":[1451],"tags":[1621,1620,203,2690,217,204,1537,90,89,8866,36364],"class_list":["post-654590","post","type-post","status-publish","format-standard","has-post-thumbnail","category-celebrita","tag-celebrita","tag-celebrities","tag-entertainment","tag-francesco-totti","tag-ilary-blasi","tag-intrattenimento","tag-it","tag-italia","tag-italy","tag-matrimonio","tag-sposa"],"share_on_mastodon":{"url":"https:\/\/pubeurope.com\/@it\/117177822824914620","error":""},"_links":{"self":[{"href":"https:\/\/www.europesays.com\/it\/wp-json\/wp\/v2\/posts\/654590","targetHints":{"allow":["GET"]}}],"collection":[{"href":"https:\/\/www.europesays.com\/it\/wp-json\/wp\/v2\/posts"}],"about":[{"href":"https:\/\/www.europesays.com\/it\/wp-json\/wp\/v2\/types\/post"}],"author":[{"embeddable":true,"href":"https:\/\/www.europesays.com\/it\/wp-json\/wp\/v2\/users\/3"}],"replies":[{"embeddable":true,"href":"https:\/\/www.europesays.com\/it\/wp-json\/wp\/v2\/comments?post=654590"}],"version-history":[{"count":0,"href":"https:\/\/www.europesays.com\/it\/wp-json\/wp\/v2\/posts\/654590\/revisions"}],"wp:featuredmedia":[{"embeddable":true,"href":"https:\/\/www.europesays.com\/it\/wp-json\/wp\/v2\/media\/654591"}],"wp:attachment":[{"href":"https:\/\/www.europesays.com\/it\/wp-json\/wp\/v2\/media?parent=654590"}],"wp:term":[{"taxonomy":"category","embeddable":true,"href":"https:\/\/www.europesays.com\/it\/wp-json\/wp\/v2\/categories?post=654590"},{"taxonomy":"post_tag","embeddable":true,"href":"https:\/\/www.europesays.com\/it\/wp-json\/wp\/v2\/tags?post=654590"}],"curies":[{"name":"wp","href":"https:\/\/api.w.org\/{rel}","templated":true}]}}