{"id":654610,"date":"2026-08-29T08:31:14","date_gmt":"2026-08-29T08:31:14","guid":{"rendered":"https:\/\/www.europesays.com\/it\/654610\/"},"modified":"2026-08-29T08:31:14","modified_gmt":"2026-08-29T08:31:14","slug":"carl-bildt-e-i-funerali-di-stato-per-mladic-nei-balcani-fase-critica-si-parla-di-vendette-piu-che-di-riconciliazione","status":"publish","type":"post","link":"https:\/\/www.europesays.com\/it\/654610\/","title":{"rendered":"Carl Bildt e i funerali di Stato per Mladic: \u00abNei Balcani fase critica. Si parla di vendette, pi\u00f9 che di riconciliazione\u00bb"},"content":{"rendered":"<p>    di<br \/>\n    Chiara Barison<\/p>\n<p class=\"summary-art is-line-h-12\">Il primo Alto rappresentante internazionale per la Bosnia-Erzegovina ed ex premier svedese: \u00abLe &#8220;zone protette&#8221;? Un errore dell\u2019Onu\u00bb<\/p>\n<p class=\"chapter-paragraph\">Primo ministro svedese dal 1991 al 1994, Carl Bildt resta una voce autorevole   sul genocidio di Srebrenica perch\u00e9 nel 1995 fu inviato speciale dell\u2019Unione europea per l\u2019ex Jugoslavia, co-presidente dei negoziati di pace di Dayton e, dopo la firma, il primo Alto rappresentante internazionale per la Bosnia-Erzegovina.<\/p>\n<p class=\"chapter-paragraph\"><b>Qual \u00e8 stata la sua reazione quando ha saputo che Ratko Mladic sar\u00e0 sepolto con gli onori di Stato e militari in Serbia? <\/b><br \/>\u00abNon abbiamo ancora visto esattamente come saranno organizzati i funerali. Ma la Serbia dovrebbe sapere che l\u2019Unione europea  e altri stanno seguendo la questione con grande attenzione\u00bb.    &#13;<br \/>\n&#13;<br \/>\n&#13;<br \/>\n&#13;<br \/>\n&#13;<br \/>\n&#13;<br \/>\n&#13;<br \/>\n&#13;<br \/>\n&#13;<br \/>\n&#13;<br \/>\n&#13;<br \/>\n&#13;<br \/>\n&#13;<br \/>\n&#13;<br \/>\n&#13;<br \/>\n&#13;<br \/>\n&#13;<br \/>\n&#13;<br \/>\n&#13;<br \/>\n&#13;<br \/>\n&#13;<br \/>\n&#13;<br \/>\n&#13;<br \/>\n&#13;<br \/>\n&#13;<br \/>\n&#13;<br \/>\n&#13;<br \/>\n&#13;<br \/>\n&#13;<br \/>\n&#13;<br \/>\n&#13;<br \/>\n&#13;<br \/>\n&#13;<br \/>\n&#13;<br \/>\n&#13;<br \/>\n&#13;<br \/>\n&#13;<br \/>\n&#13;<br \/>\n&#13;<br \/>\n&#13;<br \/>\n&#13;<br \/>\n&#13;<br \/>\n&#13;<br \/>\n&#13;<br \/>\n&#13;<br \/>\n&#13;<br \/>\n&#13;<br \/>\n&#13;<br \/>\n&#13;<br \/>\n&#13;<br \/>\n&#13;<br \/>\n&#13;<br \/>\n&#13;\n<\/p>\n<p class=\"chapter-paragraph\"><b>Ripensando a quei giorni del \u201995 a Srebrenica, cosa comprese la comunit\u00e0 internazionale di ci\u00f2 che stava accadendo all\u2019epoca e cosa, invece, non riusc\u00ec a capire?<\/b><br \/>\u00abSi avvert\u00ec certamente la pressione, piuttosto improvvisa, legata a Srebrenica \u2014 sebbene vi fossero altre fasi del conflitto altrettanto critiche \u2014 e si cerc\u00f2 di avvertire Belgrado delle conseguenze che avrebbe comportato la conquista dell&#8217;enclave. Gli attacchi aerei vennero effettivamente lanciati, ma non riuscirono a fermare l\u2019avanzata serba\u00bb.<\/p>\n<p class=\"chapter-paragraph\"><b>Ritiene che la comunit\u00e0 internazionale abbia fatto abbastanza per affrontare l\u2019eredit\u00e0 del genocidio e le forze che lo avevano reso possibile?<\/b><br \/>\u00abCredo che si sarebbe dovuto agire molto pi\u00f9 rapidamente per catturare i principali responsabili, Mladic su tutti, e assicurarli alla giustizia. In qualit\u00e0 di Alto Rappresentante sollecitai tale iniziativa, ma le forze della Nato non erano disposte a farlo\u00bb.<\/p>\n<p class=\"chapter-paragraph\"><b>Srebrenica \u00e8 ancora al centro delle tensioni politiche in Bosnia-Erzegovina, mentre Mladic continua a essere esaltato da alcuni. Perch\u00e9 la riconciliazione si \u00e8 rivelata cos\u00ec difficile?<\/b><br \/>\u00abNel complesso, credo che in Bosnia troppi politici, di ogni schieramento, abbiano considerato la pace come la continuazione della guerra con altri mezzi. Si \u00e8 parlato pi\u00f9 di vendetta che di riconciliazione. \u00c8 lecito chiedersi se la comunit\u00e0 internazionale avrebbe potuto fare di pi\u00f9\u00bb.<\/p>\n<p class=\"chapter-paragraph\"><b>Osservando oggi la Bosnia e i Balcani nel loro complesso, vede un rischio concreto che la storia si ripeta?<\/b><br \/>\u00abSpero di no, ma ci troviamo in una fase critica, con la comunit\u00e0 internazionale in profonda confusione riguardo alla Bosnia, le elezioni imminenti in Serbia e lo stallo politico in Kosovo\u00bb.<\/p>\n<p class=\"chapter-paragraph\"><b>Se potesse tornare indietro nel tempo c\u2019\u00e8 qualcosa che secondo lei avrebbe dovuto essere fatto diversamente?<\/b><br \/>\u00ab\u00c8 stato un grave errore da parte del Consiglio di Sicurezza dell\u2018Onu proclamare le \u00abzone sicure\u00bb senza autorizzare le forze necessarie a difenderle. \u00c8 significato andare incontro al disastro\u00bb.<\/p>\n<p class=\"is-last-update\" datetime=\"2026-08-28T22:49:47+02:00\">29 agosto 2026<\/p>\n<p class=\"is-copyright\">\n            \u00a9 RIPRODUZIONE RISERVATA\n        <\/p>\n","protected":false},"excerpt":{"rendered":"di Chiara Barison Il primo Alto rappresentante internazionale per la Bosnia-Erzegovina ed ex premier svedese: \u00abLe &#8220;zone protette&#8221;?&hellip;\n","protected":false},"author":3,"featured_media":654611,"comment_status":"","ping_status":"","sticky":false,"template":"","format":"standard","meta":{"footnotes":"","_share_on_mastodon":"0"},"categories":[160],"tags":[4197,58016,361168,18104,361169,59559,83537,21550,361170,6350,931,1074,1367,14335,14,164,165,1907,6196,311116,2697,313,311317,769,2686,832,359633,166,7,15,3742,57493,358,359634,11,167,12,168,161,162,163],"class_list":["post-654610","post","type-post","status-publish","format-standard","has-post-thumbnail","category-mondo","tag-alto","tag-alto-rappresentante","tag-alto-rappresentante-internazionale","tag-balcani","tag-bildt","tag-bosnia","tag-bosnia-erzegovina","tag-carl","tag-carl-bildt","tag-complesso","tag-comunita","tag-comunita-internazionale","tag-credo","tag-critica","tag-cronaca","tag-dal-mondo","tag-dalmondo","tag-dovuto","tag-errore","tag-erzegovina","tag-europea","tag-fase","tag-fase-critica","tag-forze","tag-funerali","tag-internazionale","tag-mladic","tag-mondo","tag-news","tag-notizie","tag-rappresentante","tag-riconciliazione","tag-serbia","tag-srebrenica","tag-ultime-notizie","tag-ultime-notizie-di-mondo","tag-ultimenotizie","tag-ultimenotiziedimondo","tag-world","tag-world-news","tag-worldnews"],"share_on_mastodon":{"url":"","error":"Validation failed: Text character limit of 500 exceeded"},"_links":{"self":[{"href":"https:\/\/www.europesays.com\/it\/wp-json\/wp\/v2\/posts\/654610","targetHints":{"allow":["GET"]}}],"collection":[{"href":"https:\/\/www.europesays.com\/it\/wp-json\/wp\/v2\/posts"}],"about":[{"href":"https:\/\/www.europesays.com\/it\/wp-json\/wp\/v2\/types\/post"}],"author":[{"embeddable":true,"href":"https:\/\/www.europesays.com\/it\/wp-json\/wp\/v2\/users\/3"}],"replies":[{"embeddable":true,"href":"https:\/\/www.europesays.com\/it\/wp-json\/wp\/v2\/comments?post=654610"}],"version-history":[{"count":0,"href":"https:\/\/www.europesays.com\/it\/wp-json\/wp\/v2\/posts\/654610\/revisions"}],"wp:featuredmedia":[{"embeddable":true,"href":"https:\/\/www.europesays.com\/it\/wp-json\/wp\/v2\/media\/654611"}],"wp:attachment":[{"href":"https:\/\/www.europesays.com\/it\/wp-json\/wp\/v2\/media?parent=654610"}],"wp:term":[{"taxonomy":"category","embeddable":true,"href":"https:\/\/www.europesays.com\/it\/wp-json\/wp\/v2\/categories?post=654610"},{"taxonomy":"post_tag","embeddable":true,"href":"https:\/\/www.europesays.com\/it\/wp-json\/wp\/v2\/tags?post=654610"}],"curies":[{"name":"wp","href":"https:\/\/api.w.org\/{rel}","templated":true}]}}